{"id":1004,"date":"2013-05-10T21:10:42","date_gmt":"2013-05-11T01:10:42","guid":{"rendered":"http:\/\/delamanodemaria.com\/?p=1004"},"modified":"2013-05-10T21:13:44","modified_gmt":"2013-05-11T01:13:44","slug":"reflexion-para-el-sabado-de-la-sexta-semana-de-pascua-11-05-13","status":"publish","type":"post","link":"http:\/\/delamanodemaria.com\/?p=1004","title":{"rendered":"REFLEXI\u00d3N PARA EL S\u00c1BADO DE LA SEXTA SEMANA DE PASCUA 11-05-13"},"content":{"rendered":"<p><a href=\"http:\/\/delamanodemaria.com\/wp-content\/uploads\/2013\/05\/Viajes-de-san-Pablo.jpg\"><img decoding=\"async\" loading=\"lazy\" class=\"alignnone size-full wp-image-1005\" alt=\"Viajes de san Pablo\" src=\"http:\/\/delamanodemaria.com\/wp-content\/uploads\/2013\/05\/Viajes-de-san-Pablo.jpg\" width=\"640\" height=\"512\" srcset=\"http:\/\/delamanodemaria.com\/wp-content\/uploads\/2013\/05\/Viajes-de-san-Pablo.jpg 640w, http:\/\/delamanodemaria.com\/wp-content\/uploads\/2013\/05\/Viajes-de-san-Pablo-300x240.jpg 300w, http:\/\/delamanodemaria.com\/wp-content\/uploads\/2013\/05\/Viajes-de-san-Pablo-375x300.jpg 375w\" sizes=\"(max-width: 640px) 100vw, 640px\" \/><\/a><\/p>\n<p><span style=\"font-size: large;\">La primera lectura de la liturgia para hoy (Hc 18,23-28) nos presenta a Pablo emprendiendo su tercer viaje misionero. Nos dice el relato que recorri\u00f3 Galacia y Frigia \u201canimando a los disc\u00edpulos\u201d. Pablo, el evangelizador incansable. \u201c\u00a1Ay de m\u00ed si no evangelizo!\u201d (1 Co 9,16). Desde su encuentro con el Resucitado en el camino a Damasco, donde fue inundado por el Amor infinito de Jes\u00fas (que es a su vez el amor del Padre), no ha tenido otra misi\u00f3n en la vida que compartir ese amor con todo el que se cruza en su camino. Y esa tiene que ser la misi\u00f3n de todo bautizado, de todo el que ha tenido un encuentro personal con Jes\u00fas (Cfr. Mc 15,15).<\/span><\/p>\n<p><span style=\"font-size: large;\">Se trata de esa alegr\u00eda desbordante producto de saberse amado; un gozo que se nos sale por los poros y que todo el que se nos acerca la nota, y quiere \u201cde eso\u201d. La mejor y m\u00e1s efectiva evangelizaci\u00f3n. Precisamente ayer el papa Francisco nos dec\u00eda que \u201cel gozo del cristiano no es la alegr\u00eda que proviene de un momento, sino un don del Se\u00f1or que llena el interior\u201d. Se trata de un gozo que, seg\u00fan sus palabras, \u201ces como \u2018una unci\u00f3n del Esp\u00edritu y se encuentra en la seguridad de que Jes\u00fas est\u00e1 con nosotros y con el Padre\u2019\u201d.<\/span><\/p>\n<p><span style=\"font-size: large;\">Y esa alegr\u00eda, la verdadera alegr\u00eda del cristiano, no es algo para qued\u00e1rnoslo; tenemos que compartirla, porque, como nos dice el papa Francisco, \u201csi queremos tenerlo solo para nosotros al final se enferma y nuestro coraz\u00f3n se encoge un poco, y nuestra cara no transmite aquel gran gozo sino aquella nostalgia, aquella melancol\u00eda que no es sana\u201d.<\/span><\/p>\n<p><span style=\"font-size: large;\">Pablo irradiaba ese \u201cenamoramiento\u201d que todo cristiano debe sentir al caminar acompa\u00f1ado de su Amado. Ese fue el secreto de su \u00e9xito. Y a ti, \u00bfse te nota?<\/span><\/p>\n<p><span style=\"font-size: large;\">Pero la lectura va m\u00e1s all\u00e1, luego de mostrarnos a Pablo partiendo de misi\u00f3n, nos presenta la figura de Apolo, jud\u00edo natural de Alejandr\u00eda y llegado de \u00c9feso. Aunque solo conoc\u00eda\u00a0el bautismo de Juan, hab\u00eda sido expuesto a la vida y doctrina de Jes\u00fas, la cual expon\u00eda p\u00fablicamente en la sinagoga. Cuando Priscila y Aquila oyeron hablar de Apolo, \u201clo tomaron por su cuenta y le explicaron con m\u00e1s detalle el camino de Dios\u201d, es decir, ayudaron en su formaci\u00f3n. De ah\u00ed sali\u00f3 a continuar predicando, pero ahora con mayor correcci\u00f3n doctrinal.<\/span><\/p>\n<p><span style=\"font-size: large;\">Este detalle nos muestra otra caracter\u00edstica que debe tener todo bautizado que haya tenido es encuentro personal con Jes\u00fas: No solo tenemos el deber de formarnos y evangelizar a otros, sino que en la medida de nuestras capacidades tenemos la obligaci\u00f3n de formar a otros para que lleven el mensaje correcto, para que estos, a su vez, formen a otros. As\u00ed es como la tradici\u00f3n apost\u00f3lica, aquella predicaci\u00f3n de las primeras comunidades cristianas, ha perdurado a trav\u00e9s de la historia y llegado hasta nosotros.<\/span><\/p>\n<p><span style=\"font-size: large;\">La Iglesia es misionera, evangelizadora, por definici\u00f3n. Si no \u201csale\u201d a predicar el Evangelio se estanca, se enferma, se encoge, y termina desapareciendo (Evangelii Nuntiandi \u2013 Pablo VI). \u00bfY qui\u00e9nes conforman la Iglesia? Nosotros, el \u201cpueblo de Dios\u201d (Lumen Gentium, 9-12). \u00a1Atr\u00e9vete!<\/span><\/p>\n<div style=\"padding-bottom:20px; padding-top:10px;\" class=\"hupso-share-buttons\"><!-- Hupso Share Buttons - https:\/\/www.hupso.com\/share\/ --><a class=\"hupso_toolbar\" href=\"https:\/\/www.hupso.com\/share\/\"><img src=\"http:\/\/static.hupso.com\/share\/buttons\/lang\/es\/share-medium.png\" style=\"border:0px; padding-top: 5px; float:left;\" alt=\"Share Button\"\/><\/a><script type=\"text\/javascript\">var hupso_services_t=new Array(\"Twitter\",\"Facebook\",\"Google Plus\",\"Pinterest\",\"Linkedin\",\"Email\",\"Print\");var hupso_background_t=\"#EAF4FF\";var hupso_border_t=\"#66CCFF\";var hupso_toolbar_size_t=\"medium\";var hupso_image_folder_url = \"\";var hupso_twitter_via=\"hectorops\";var hupso_url_t=\"\";var hupso_title_t=\"REFLEXI%C3%93N%20PARA%20EL%20S%C3%81BADO%20DE%20LA%20SEXTA%20SEMANA%20DE%20PASCUA%2011-05-13\";<\/script><script type=\"text\/javascript\" src=\"http:\/\/static.hupso.com\/share\/js\/share_toolbar.js\"><\/script><!-- Hupso Share Buttons --><\/div>","protected":false},"excerpt":{"rendered":"<p>La primera lectura de la liturgia para hoy (Hc 18,23-28) nos presenta a Pablo emprendiendo su tercer viaje misionero. Nos dice el relato que recorri\u00f3 Galacia y Frigia \u201canimando a los disc\u00edpulos\u201d. Pablo, el evangelizador incansable. \u201c\u00a1Ay de m\u00ed si &hellip; <a href=\"http:\/\/delamanodemaria.com\/?p=1004\">Continue reading <span class=\"meta-nav\">&rarr;<\/span><\/a><\/p>\n<div style=\"padding-bottom:20px; padding-top:10px;\" class=\"hupso-share-buttons\"><!-- Hupso Share Buttons - https:\/\/www.hupso.com\/share\/ --><a class=\"hupso_toolbar\" href=\"https:\/\/www.hupso.com\/share\/\"><img src=\"http:\/\/static.hupso.com\/share\/buttons\/lang\/es\/share-medium.png\" style=\"border:0px; padding-top: 5px; float:left;\" alt=\"Share Button\"\/><\/a><script type=\"text\/javascript\">var hupso_services_t=new Array(\"Twitter\",\"Facebook\",\"Google Plus\",\"Pinterest\",\"Linkedin\",\"Email\",\"Print\");var hupso_background_t=\"#EAF4FF\";var hupso_border_t=\"#66CCFF\";var hupso_toolbar_size_t=\"medium\";var hupso_image_folder_url = \"\";var hupso_twitter_via=\"hectorops\";var hupso_url_t=\"\";var hupso_title_t=\"REFLEXI%C3%93N%20PARA%20EL%20S%C3%81BADO%20DE%20LA%20SEXTA%20SEMANA%20DE%20PASCUA%2011-05-13\";<\/script><script type=\"text\/javascript\" src=\"http:\/\/static.hupso.com\/share\/js\/share_toolbar.js\"><\/script><!-- Hupso Share Buttons --><\/div>","protected":false},"author":1,"featured_media":0,"comment_status":"open","ping_status":"open","sticky":false,"template":"","format":"standard","meta":{"jetpack_post_was_ever_published":false,"_jetpack_newsletter_access":"","_jetpack_newsletter_tier_id":0,"jetpack_publicize_message":"","jetpack_is_tweetstorm":false,"jetpack_publicize_feature_enabled":true,"jetpack_social_post_already_shared":true,"jetpack_social_options":{"image_generator_settings":{"template":"highway","enabled":false}}},"categories":[1],"tags":[3,131,78,35,132,111,11,42,2],"jetpack_publicize_connections":[],"jetpack_featured_media_url":"","jetpack_shortlink":"https:\/\/wp.me\/p3bBgS-gc","jetpack_sharing_enabled":true,"jetpack_likes_enabled":true,"_links":{"self":[{"href":"http:\/\/delamanodemaria.com\/index.php?rest_route=\/wp\/v2\/posts\/1004"}],"collection":[{"href":"http:\/\/delamanodemaria.com\/index.php?rest_route=\/wp\/v2\/posts"}],"about":[{"href":"http:\/\/delamanodemaria.com\/index.php?rest_route=\/wp\/v2\/types\/post"}],"author":[{"embeddable":true,"href":"http:\/\/delamanodemaria.com\/index.php?rest_route=\/wp\/v2\/users\/1"}],"replies":[{"embeddable":true,"href":"http:\/\/delamanodemaria.com\/index.php?rest_route=%2Fwp%2Fv2%2Fcomments&post=1004"}],"version-history":[{"count":4,"href":"http:\/\/delamanodemaria.com\/index.php?rest_route=\/wp\/v2\/posts\/1004\/revisions"}],"predecessor-version":[{"id":1008,"href":"http:\/\/delamanodemaria.com\/index.php?rest_route=\/wp\/v2\/posts\/1004\/revisions\/1008"}],"wp:attachment":[{"href":"http:\/\/delamanodemaria.com\/index.php?rest_route=%2Fwp%2Fv2%2Fmedia&parent=1004"}],"wp:term":[{"taxonomy":"category","embeddable":true,"href":"http:\/\/delamanodemaria.com\/index.php?rest_route=%2Fwp%2Fv2%2Fcategories&post=1004"},{"taxonomy":"post_tag","embeddable":true,"href":"http:\/\/delamanodemaria.com\/index.php?rest_route=%2Fwp%2Fv2%2Ftags&post=1004"}],"curies":[{"name":"wp","href":"https:\/\/api.w.org\/{rel}","templated":true}]}}