{"id":10087,"date":"2018-08-14T13:25:55","date_gmt":"2018-08-14T17:25:55","guid":{"rendered":"http:\/\/delamanodemaria.com\/?p=10087"},"modified":"2018-08-14T13:26:35","modified_gmt":"2018-08-14T17:26:35","slug":"programa-y-calendario-academico-istepa-agosto-diciembre-2018","status":"publish","type":"post","link":"http:\/\/delamanodemaria.com\/?p=10087","title":{"rendered":"PROGRAMA Y CALENDARIO ACAD\u00c9MICO ISTEPA AGOSTO-DICIEMBRE 2018"},"content":{"rendered":"<p><img decoding=\"async\" loading=\"lazy\" class=\"alignnone size-full wp-image-1592\" src=\"http:\/\/delamanodemaria.com\/wp-content\/uploads\/2013\/08\/cropped-logoistepa1.jpg\" alt=\"\" width=\"940\" height=\"198\" srcset=\"http:\/\/delamanodemaria.com\/wp-content\/uploads\/2013\/08\/cropped-logoistepa1.jpg 940w, http:\/\/delamanodemaria.com\/wp-content\/uploads\/2013\/08\/cropped-logoistepa1-300x63.jpg 300w, http:\/\/delamanodemaria.com\/wp-content\/uploads\/2013\/08\/cropped-logoistepa1-500x105.jpg 500w\" sizes=\"(max-width: 940px) 100vw, 940px\" \/><\/p>\n<p>Queridos hermanos y hermanas en Jes\u00fas y Mar\u00eda:<\/p>\n<p>Como todos los a\u00f1os, les acompa\u00f1o el programa de cursos a ofrecerse y el calendario acad\u00e9mico del Instituto Superior de Teolog\u00eda y Pastoral&nbsp;<em>Luis Cardenal Aponte Mart\u00ednez<\/em>&nbsp;(ISTEPA) para el semestre agosto &#8211; diciembre de 2018.<\/p>\n<p>Este semestre el suscribiente estar\u00e1 ofreciendo el curso preparatorio para <strong>Presidentes de Asambleas Lit\u00fargicas dominicales en ausencia de sacerdote y di\u00e1cono<\/strong>. El mismo se ofrecer\u00e1 los jueves de 7:00 a 9:00 pm en las facilidades de ISTEPA, en Bayam\u00f3n.<\/p>\n<p>Este curso obedece a una iniciativa de nuestro Arzobispo Roberto Octavio Gonz\u00e1lez Nieves, ofm ante la escasez de sacerdotes y di\u00e1conos, para habilitar a laicos que puedan presidir Asambleas Lit\u00fargicas dominicales en las circunstancias contempladas en el <em>Directorio para las celebraciones dominicales en ausencia de presb\u00edtero<\/em> publicado por la Congregaci\u00f3n para el Culto Divino.<\/p>\n<p>Les adelanto que el curso ha tenido tanta aceptaci\u00f3n, que se se va a abrir una segunda secci\u00f3n los martes a la misma hora en una parroquia que informaremos pr\u00f3ximamente, tambi\u00e9n a cargo de este servidor.<\/p>\n<p><a href=\"http:\/\/delamanodemaria.com\/wp-content\/uploads\/2018\/07\/Calendario-Agosto-2018.pdf\" target=\"_blank\" rel=\"noopener\">Calendario Agosto 2018<\/a><\/p>\n<p><a href=\"http:\/\/delamanodemaria.com\/wp-content\/uploads\/2018\/07\/Programa-Agosto-2018.pdf\" target=\"_blank\" rel=\"noopener\">Programa Agosto 2018<\/a><\/p>\n<div style=\"padding-bottom:20px; padding-top:10px;\" class=\"hupso-share-buttons\"><!-- Hupso Share Buttons - https:\/\/www.hupso.com\/share\/ --><a class=\"hupso_toolbar\" href=\"https:\/\/www.hupso.com\/share\/\"><img src=\"http:\/\/static.hupso.com\/share\/buttons\/lang\/es\/share-medium.png\" style=\"border:0px; padding-top: 5px; float:left;\" alt=\"Share Button\"\/><\/a><script type=\"text\/javascript\">var hupso_services_t=new Array(\"Twitter\",\"Facebook\",\"Google Plus\",\"Pinterest\",\"Linkedin\",\"Email\",\"Print\");var hupso_background_t=\"#EAF4FF\";var hupso_border_t=\"#66CCFF\";var hupso_toolbar_size_t=\"medium\";var hupso_image_folder_url = \"\";var hupso_twitter_via=\"hectorops\";var hupso_url_t=\"\";var hupso_title_t=\"PROGRAMA%20Y%20CALENDARIO%20ACAD%C3%89MICO%20ISTEPA%20AGOSTO-DICIEMBRE%202018\";<\/script><script type=\"text\/javascript\" src=\"http:\/\/static.hupso.com\/share\/js\/share_toolbar.js\"><\/script><!-- Hupso Share Buttons --><\/div>","protected":false},"excerpt":{"rendered":"<p>Queridos hermanos y hermanas en Jes\u00fas y Mar\u00eda: Como todos los a\u00f1os, les acompa\u00f1o el programa de cursos a ofrecerse y el calendario acad\u00e9mico del Instituto Superior de Teolog\u00eda y Pastoral&nbsp;Luis Cardenal Aponte Mart\u00ednez&nbsp;(ISTEPA) para el semestre agosto &#8211; diciembre &hellip; <a href=\"http:\/\/delamanodemaria.com\/?p=10087\">Continue reading <span class=\"meta-nav\">&rarr;<\/span><\/a><\/p>\n<div style=\"padding-bottom:20px; padding-top:10px;\" class=\"hupso-share-buttons\"><!-- Hupso Share Buttons - https:\/\/www.hupso.com\/share\/ --><a class=\"hupso_toolbar\" href=\"https:\/\/www.hupso.com\/share\/\"><img src=\"http:\/\/static.hupso.com\/share\/buttons\/lang\/es\/share-medium.png\" style=\"border:0px; padding-top: 5px; float:left;\" alt=\"Share Button\"\/><\/a><script type=\"text\/javascript\">var hupso_services_t=new Array(\"Twitter\",\"Facebook\",\"Google Plus\",\"Pinterest\",\"Linkedin\",\"Email\",\"Print\");var hupso_background_t=\"#EAF4FF\";var hupso_border_t=\"#66CCFF\";var hupso_toolbar_size_t=\"medium\";var hupso_image_folder_url = \"\";var hupso_twitter_via=\"hectorops\";var hupso_url_t=\"\";var hupso_title_t=\"PROGRAMA%20Y%20CALENDARIO%20ACAD%C3%89MICO%20ISTEPA%20AGOSTO-DICIEMBRE%202018\";<\/script><script type=\"text\/javascript\" src=\"http:\/\/static.hupso.com\/share\/js\/share_toolbar.js\"><\/script><!-- Hupso Share Buttons --><\/div>","protected":false},"author":1,"featured_media":1592,"comment_status":"open","ping_status":"open","sticky":false,"template":"","format":"standard","meta":{"jetpack_post_was_ever_published":false,"_jetpack_newsletter_access":"","_jetpack_newsletter_tier_id":0,"jetpack_publicize_message":"","jetpack_is_tweetstorm":false,"jetpack_publicize_feature_enabled":true,"jetpack_social_post_already_shared":true,"jetpack_social_options":{"image_generator_settings":{"template":"highway","enabled":false}}},"categories":[1],"tags":[2027,1689,2379,245,2377,1432,2378],"jetpack_publicize_connections":[],"jetpack_featured_media_url":"http:\/\/delamanodemaria.com\/wp-content\/uploads\/2013\/08\/cropped-logoistepa1.jpg","jetpack_shortlink":"https:\/\/wp.me\/p3bBgS-2CH","jetpack_sharing_enabled":true,"jetpack_likes_enabled":true,"_links":{"self":[{"href":"http:\/\/delamanodemaria.com\/index.php?rest_route=\/wp\/v2\/posts\/10087"}],"collection":[{"href":"http:\/\/delamanodemaria.com\/index.php?rest_route=\/wp\/v2\/posts"}],"about":[{"href":"http:\/\/delamanodemaria.com\/index.php?rest_route=\/wp\/v2\/types\/post"}],"author":[{"embeddable":true,"href":"http:\/\/delamanodemaria.com\/index.php?rest_route=\/wp\/v2\/users\/1"}],"replies":[{"embeddable":true,"href":"http:\/\/delamanodemaria.com\/index.php?rest_route=%2Fwp%2Fv2%2Fcomments&post=10087"}],"version-history":[{"count":4,"href":"http:\/\/delamanodemaria.com\/index.php?rest_route=\/wp\/v2\/posts\/10087\/revisions"}],"predecessor-version":[{"id":10274,"href":"http:\/\/delamanodemaria.com\/index.php?rest_route=\/wp\/v2\/posts\/10087\/revisions\/10274"}],"wp:featuredmedia":[{"embeddable":true,"href":"http:\/\/delamanodemaria.com\/index.php?rest_route=\/wp\/v2\/media\/1592"}],"wp:attachment":[{"href":"http:\/\/delamanodemaria.com\/index.php?rest_route=%2Fwp%2Fv2%2Fmedia&parent=10087"}],"wp:term":[{"taxonomy":"category","embeddable":true,"href":"http:\/\/delamanodemaria.com\/index.php?rest_route=%2Fwp%2Fv2%2Fcategories&post=10087"},{"taxonomy":"post_tag","embeddable":true,"href":"http:\/\/delamanodemaria.com\/index.php?rest_route=%2Fwp%2Fv2%2Ftags&post=10087"}],"curies":[{"name":"wp","href":"https:\/\/api.w.org\/{rel}","templated":true}]}}