{"id":10099,"date":"2018-07-04T20:43:59","date_gmt":"2018-07-05T00:43:59","guid":{"rendered":"http:\/\/delamanodemaria.com\/?p=10099"},"modified":"2018-07-04T20:43:59","modified_gmt":"2018-07-05T00:43:59","slug":"nueva-seccion-para-el-curso-de-presidentes-de-asambleas-liturgicas-istepa","status":"publish","type":"post","link":"http:\/\/delamanodemaria.com\/?p=10099","title":{"rendered":"NUEVA SECCI\u00d3N PARA EL CURSO DE PRESIDENTES DE ASAMBLEAS LIT\u00daRGICAS (ISTEPA)"},"content":{"rendered":"<p><img decoding=\"async\" loading=\"lazy\" class=\"alignleft wp-image-4780 size-medium\" src=\"http:\/\/delamanodemaria.com\/wp-content\/uploads\/2015\/01\/istepalogo-limpio-255x300.jpg\" alt=\"\" width=\"255\" height=\"300\" srcset=\"http:\/\/delamanodemaria.com\/wp-content\/uploads\/2015\/01\/istepalogo-limpio-255x300.jpg 255w, http:\/\/delamanodemaria.com\/wp-content\/uploads\/2015\/01\/istepalogo-limpio.jpg 384w\" sizes=\"(max-width: 255px) 100vw, 255px\" \/>Como les hab\u00edamos adelantado cuando publicamos el <a href=\"http:\/\/delamanodemaria.com\/?p=10087\" target=\"_blank\" rel=\"noopener\">calendario y programa para los cursos a ofrecerse por ISTEPA para el semestre agosto-diciembre de este a\u00f1o<\/a>, se abri\u00f3 una segunda secci\u00f3n del curso de formaci\u00f3n para <em><strong>Presidentes de Asambleas Lit\u00fargicas dominicales en ausencia de sacerdote y di\u00e1cono<\/strong><\/em>.<\/p>\n<p>El mismo se ofrecer\u00e1 en la <strong>Parroquia San Luis Gonzaga<\/strong>, de R\u00edo Piedras, los martes de 7:00 a 9:00 pm. Los esperamos.<\/p>\n<div style=\"padding-bottom:20px; padding-top:10px;\" class=\"hupso-share-buttons\"><!-- Hupso Share Buttons - https:\/\/www.hupso.com\/share\/ --><a class=\"hupso_toolbar\" href=\"https:\/\/www.hupso.com\/share\/\"><img src=\"http:\/\/static.hupso.com\/share\/buttons\/lang\/es\/share-medium.png\" style=\"border:0px; padding-top: 5px; float:left;\" alt=\"Share Button\"\/><\/a><script type=\"text\/javascript\">var hupso_services_t=new Array(\"Twitter\",\"Facebook\",\"Google Plus\",\"Pinterest\",\"Linkedin\",\"Email\",\"Print\");var hupso_background_t=\"#EAF4FF\";var hupso_border_t=\"#66CCFF\";var hupso_toolbar_size_t=\"medium\";var hupso_image_folder_url = \"\";var hupso_twitter_via=\"hectorops\";var hupso_url_t=\"\";var hupso_title_t=\"NUEVA%20SECCI%C3%93N%20PARA%20EL%20CURSO%20DE%20PRESIDENTES%20DE%20ASAMBLEAS%20LIT%C3%9ARGICAS%20%28ISTEPA%29\";<\/script><script type=\"text\/javascript\" src=\"http:\/\/static.hupso.com\/share\/js\/share_toolbar.js\"><\/script><!-- Hupso Share Buttons --><\/div>","protected":false},"excerpt":{"rendered":"<p>Como les hab\u00edamos adelantado cuando publicamos el calendario y programa para los cursos a ofrecerse por ISTEPA para el semestre agosto-diciembre de este a\u00f1o, se abri\u00f3 una segunda secci\u00f3n del curso de formaci\u00f3n para Presidentes de Asambleas Lit\u00fargicas dominicales en &hellip; <a href=\"http:\/\/delamanodemaria.com\/?p=10099\">Continue reading <span class=\"meta-nav\">&rarr;<\/span><\/a><\/p>\n<div style=\"padding-bottom:20px; padding-top:10px;\" class=\"hupso-share-buttons\"><!-- Hupso Share Buttons - https:\/\/www.hupso.com\/share\/ --><a class=\"hupso_toolbar\" href=\"https:\/\/www.hupso.com\/share\/\"><img src=\"http:\/\/static.hupso.com\/share\/buttons\/lang\/es\/share-medium.png\" style=\"border:0px; padding-top: 5px; float:left;\" alt=\"Share Button\"\/><\/a><script type=\"text\/javascript\">var hupso_services_t=new Array(\"Twitter\",\"Facebook\",\"Google Plus\",\"Pinterest\",\"Linkedin\",\"Email\",\"Print\");var hupso_background_t=\"#EAF4FF\";var hupso_border_t=\"#66CCFF\";var hupso_toolbar_size_t=\"medium\";var hupso_image_folder_url = \"\";var hupso_twitter_via=\"hectorops\";var hupso_url_t=\"\";var hupso_title_t=\"NUEVA%20SECCI%C3%93N%20PARA%20EL%20CURSO%20DE%20PRESIDENTES%20DE%20ASAMBLEAS%20LIT%C3%9ARGICAS%20%28ISTEPA%29\";<\/script><script type=\"text\/javascript\" src=\"http:\/\/static.hupso.com\/share\/js\/share_toolbar.js\"><\/script><!-- Hupso Share Buttons --><\/div>","protected":false},"author":1,"featured_media":0,"comment_status":"open","ping_status":"open","sticky":false,"template":"","format":"standard","meta":{"jetpack_post_was_ever_published":false,"_jetpack_newsletter_access":"","_jetpack_newsletter_tier_id":0,"jetpack_publicize_message":"","jetpack_is_tweetstorm":false,"jetpack_publicize_feature_enabled":true,"jetpack_social_post_already_shared":true,"jetpack_social_options":{"image_generator_settings":{"template":"highway","enabled":false}}},"categories":[1],"tags":[],"jetpack_publicize_connections":[],"jetpack_featured_media_url":"","jetpack_shortlink":"https:\/\/wp.me\/p3bBgS-2CT","jetpack_sharing_enabled":true,"jetpack_likes_enabled":true,"_links":{"self":[{"href":"http:\/\/delamanodemaria.com\/index.php?rest_route=\/wp\/v2\/posts\/10099"}],"collection":[{"href":"http:\/\/delamanodemaria.com\/index.php?rest_route=\/wp\/v2\/posts"}],"about":[{"href":"http:\/\/delamanodemaria.com\/index.php?rest_route=\/wp\/v2\/types\/post"}],"author":[{"embeddable":true,"href":"http:\/\/delamanodemaria.com\/index.php?rest_route=\/wp\/v2\/users\/1"}],"replies":[{"embeddable":true,"href":"http:\/\/delamanodemaria.com\/index.php?rest_route=%2Fwp%2Fv2%2Fcomments&post=10099"}],"version-history":[{"count":4,"href":"http:\/\/delamanodemaria.com\/index.php?rest_route=\/wp\/v2\/posts\/10099\/revisions"}],"predecessor-version":[{"id":10103,"href":"http:\/\/delamanodemaria.com\/index.php?rest_route=\/wp\/v2\/posts\/10099\/revisions\/10103"}],"wp:attachment":[{"href":"http:\/\/delamanodemaria.com\/index.php?rest_route=%2Fwp%2Fv2%2Fmedia&parent=10099"}],"wp:term":[{"taxonomy":"category","embeddable":true,"href":"http:\/\/delamanodemaria.com\/index.php?rest_route=%2Fwp%2Fv2%2Fcategories&post=10099"},{"taxonomy":"post_tag","embeddable":true,"href":"http:\/\/delamanodemaria.com\/index.php?rest_route=%2Fwp%2Fv2%2Ftags&post=10099"}],"curies":[{"name":"wp","href":"https:\/\/api.w.org\/{rel}","templated":true}]}}