{"id":1010,"date":"2013-05-11T23:44:34","date_gmt":"2013-05-12T03:44:34","guid":{"rendered":"http:\/\/delamanodemaria.com\/?p=1010"},"modified":"2013-05-12T00:15:36","modified_gmt":"2013-05-12T04:15:36","slug":"reflexion-para-la-solemnidad-de-la-ascension-del-senor-12-05-13","status":"publish","type":"post","link":"http:\/\/delamanodemaria.com\/?p=1010","title":{"rendered":"REFLEXI\u00d3N PARA LA SOLEMNIDAD DE LA ASCENSI\u00d3N DEL SE\u00d1OR 12-05-13"},"content":{"rendered":"<p><a href=\"http:\/\/delamanodemaria.com\/wp-content\/uploads\/2013\/05\/ASCENS1.jpg\"><img decoding=\"async\" loading=\"lazy\" class=\"alignnone size-full wp-image-1011\" alt=\"ASCENS~1\" src=\"http:\/\/delamanodemaria.com\/wp-content\/uploads\/2013\/05\/ASCENS1.jpg\" width=\"600\" height=\"541\" srcset=\"http:\/\/delamanodemaria.com\/wp-content\/uploads\/2013\/05\/ASCENS1.jpg 600w, http:\/\/delamanodemaria.com\/wp-content\/uploads\/2013\/05\/ASCENS1-300x270.jpg 300w, http:\/\/delamanodemaria.com\/wp-content\/uploads\/2013\/05\/ASCENS1-332x300.jpg 332w\" sizes=\"(max-width: 600px) 100vw, 600px\" \/><\/a><\/p>\n<p><span style=\"font-size: large;\">Hoy celebramos la Solemnidad de la Ascensi\u00f3n del Se\u00f1or. En la actualidad esta solemnidad se celebra el s\u00e9ptimo domingo de Pascua, en lugar del jueves de la sexta semana (como se celebraba antes), que es cuando se cumplen los cuarenta d\u00edas desde la Resurrecci\u00f3n. Y las lecturas obligadas son las dos narraciones de la Ascensi\u00f3n que nos hace san Lucas en Lc 24,46-53 y Hc 1,1-11. La cuarentena surge del relato de Hechos de los Ap\u00f3stoles (1,3b). No obstante, en su relato evang\u00e9lico, el mismo Lucas da la impresi\u00f3n de que la Ascensi\u00f3n tuvo lugar el mismo d\u00eda de la Resurrecci\u00f3n, inmediatamente despu\u00e9s aparecerse a los disc\u00edpulos, cuando los de Ema\u00fas estaban narr\u00e1ndoles su encuentro con el Resucitado. Pero eso se lo dejamos a los ex\u00e9getas.<\/span><\/p>\n<p><span style=\"font-size: large;\">La solemnidad de la Ascensi\u00f3n nos sirve de pre\u00e1mbulo a la Fiesta de Pentecost\u00e9s que observaremos el pr\u00f3ximo domingo, cuando se ha de cumplir la promesa de Jes\u00fas a sus disc\u00edpulos antes de su Ascensi\u00f3n: \u201cPero recibir\u00e1n la fuerza del Esp\u00edritu Santo que descender\u00e1 sobre ustedes, y ser\u00e1n mis testigos en Jerusal\u00e9n, en toda Judea y Samaria, y hasta los confines de la tierra\u201d (Hc 1,8; Cfr. Lc 24,49).<\/span><\/p>\n<p><span style=\"font-size: large;\">La Ascensi\u00f3n es la culminaci\u00f3n de la misi\u00f3n redentora de Jes\u00fas. Deja el mundo y regresa al mismo lugar de donde \u201cdescendi\u00f3\u201d al momento de su encarnaci\u00f3n: a la derecha del Padre. Pero no regresa solo. Lleva consigo aquella multitud imposible de contar de todos los justos que le antecedieron en el mundo y fueron redimidos por su muerte de cruz. Las puertas del para\u00edso que se hab\u00edan cerrado con el pecado de Ad\u00e1n, estaban abiertas nuevamente.<\/span><\/p>\n<p><span style=\"font-size: large;\">San Cirilo de Alejandr\u00eda lo expresa con gran elocuencia: \u201cEl Se\u00f1or sab\u00eda que muchas de sus moradas ya estaban preparadas y esperaban la llegada de los amigos de Dios. Por esto, da otro motivo a su partida: preparar el camino para nuestra ascensi\u00f3n hacia estos lugares del Cielo, abriendo el camino, que antes era intransitable para nosotros. Porque el Cielo estaba cerrado a los hombres y nunca ning\u00fan ser creado hab\u00eda penetrado en este dominio sant\u00edsimo de los \u00e1ngeles. Es Cristo quien inaugura para nosotros este sendero hacia las alturas. Ofreci\u00e9ndose \u00e9l mismo a Dios Padre como primicia de los que duermen el sue\u00f1o de la muerte, permite a la carne mortal subir al cielo. \u00c9l fue el primer hombre que penetra en las moradas celestiales\u2026 As\u00ed, pues, Nuestro Se\u00f1or Jesucristo inaugura para nosotros este camino nuevo y vivo: \u2018ha inaugurado para nosotros un camino nuevo y vivo a trav\u00e9s del velo de su carne\u2019 (Hb 10,20)\u201d.<\/span><\/p>\n<p><span style=\"font-size: large;\">Ahora que el Resucitado vive en la Gloria de Dios Padre, pid\u00e1mosle que env\u00ede sobre nosotros su Santo Esp\u00edritu para que, al igual que los ap\u00f3stoles tengamos el valor para continuar su obra salvadora en este mundo, para que ni uno solo de sus peque\u00f1os se pierda (Mt 18,14).<\/span><\/p>\n<p><span style=\"font-size: large;\">Para m\u00e1s informaci\u00f3n y materiales sobre esta Solemnidad tan importante, pueden seguir este enlace: <a href=\"http:\/\/www.aciprensa.com\/fiestas\/ascension\/index.html\">http:\/\/www.aciprensa.com\/fiestas\/ascension\/index.html<\/a><\/span><span style=\"font-size: large;\">.<\/span><\/p>\n<div style=\"padding-bottom:20px; padding-top:10px;\" class=\"hupso-share-buttons\"><!-- Hupso Share Buttons - https:\/\/www.hupso.com\/share\/ --><a class=\"hupso_toolbar\" href=\"https:\/\/www.hupso.com\/share\/\"><img src=\"http:\/\/static.hupso.com\/share\/buttons\/lang\/es\/share-medium.png\" style=\"border:0px; padding-top: 5px; float:left;\" alt=\"Share Button\"\/><\/a><script type=\"text\/javascript\">var hupso_services_t=new Array(\"Twitter\",\"Facebook\",\"Google Plus\",\"Pinterest\",\"Linkedin\",\"Email\",\"Print\");var hupso_background_t=\"#EAF4FF\";var hupso_border_t=\"#66CCFF\";var hupso_toolbar_size_t=\"medium\";var hupso_image_folder_url = \"\";var hupso_twitter_via=\"hectorops\";var hupso_url_t=\"\";var hupso_title_t=\"REFLEXI%C3%93N%20PARA%20LA%20SOLEMNIDAD%20DE%20LA%20ASCENSI%C3%93N%20DEL%20SE%C3%91OR%2012-05-13\";<\/script><script type=\"text\/javascript\" src=\"http:\/\/static.hupso.com\/share\/js\/share_toolbar.js\"><\/script><!-- Hupso Share Buttons --><\/div>","protected":false},"excerpt":{"rendered":"<p>Hoy celebramos la Solemnidad de la Ascensi\u00f3n del Se\u00f1or. En la actualidad esta solemnidad se celebra el s\u00e9ptimo domingo de Pascua, en lugar del jueves de la sexta semana (como se celebraba antes), que es cuando se cumplen los cuarenta &hellip; <a href=\"http:\/\/delamanodemaria.com\/?p=1010\">Continue reading <span class=\"meta-nav\">&rarr;<\/span><\/a><\/p>\n<div style=\"padding-bottom:20px; padding-top:10px;\" class=\"hupso-share-buttons\"><!-- Hupso Share Buttons - https:\/\/www.hupso.com\/share\/ --><a class=\"hupso_toolbar\" href=\"https:\/\/www.hupso.com\/share\/\"><img src=\"http:\/\/static.hupso.com\/share\/buttons\/lang\/es\/share-medium.png\" style=\"border:0px; padding-top: 5px; float:left;\" alt=\"Share Button\"\/><\/a><script type=\"text\/javascript\">var hupso_services_t=new Array(\"Twitter\",\"Facebook\",\"Google Plus\",\"Pinterest\",\"Linkedin\",\"Email\",\"Print\");var hupso_background_t=\"#EAF4FF\";var hupso_border_t=\"#66CCFF\";var hupso_toolbar_size_t=\"medium\";var hupso_image_folder_url = \"\";var hupso_twitter_via=\"hectorops\";var hupso_url_t=\"\";var hupso_title_t=\"REFLEXI%C3%93N%20PARA%20LA%20SOLEMNIDAD%20DE%20LA%20ASCENSI%C3%93N%20DEL%20SE%C3%91OR%2012-05-13\";<\/script><script type=\"text\/javascript\" src=\"http:\/\/static.hupso.com\/share\/js\/share_toolbar.js\"><\/script><!-- Hupso Share Buttons --><\/div>","protected":false},"author":1,"featured_media":0,"comment_status":"open","ping_status":"open","sticky":false,"template":"","format":"standard","meta":{"jetpack_post_was_ever_published":false,"_jetpack_newsletter_access":"","_jetpack_newsletter_tier_id":0,"jetpack_publicize_message":"","jetpack_is_tweetstorm":false,"jetpack_publicize_feature_enabled":true,"jetpack_social_post_already_shared":true,"jetpack_social_options":{"image_generator_settings":{"template":"highway","enabled":false}}},"categories":[1],"tags":[133,3,29,42,71,2,134],"jetpack_publicize_connections":[],"jetpack_featured_media_url":"","jetpack_shortlink":"https:\/\/wp.me\/p3bBgS-gi","jetpack_sharing_enabled":true,"jetpack_likes_enabled":true,"_links":{"self":[{"href":"http:\/\/delamanodemaria.com\/index.php?rest_route=\/wp\/v2\/posts\/1010"}],"collection":[{"href":"http:\/\/delamanodemaria.com\/index.php?rest_route=\/wp\/v2\/posts"}],"about":[{"href":"http:\/\/delamanodemaria.com\/index.php?rest_route=\/wp\/v2\/types\/post"}],"author":[{"embeddable":true,"href":"http:\/\/delamanodemaria.com\/index.php?rest_route=\/wp\/v2\/users\/1"}],"replies":[{"embeddable":true,"href":"http:\/\/delamanodemaria.com\/index.php?rest_route=%2Fwp%2Fv2%2Fcomments&post=1010"}],"version-history":[{"count":4,"href":"http:\/\/delamanodemaria.com\/index.php?rest_route=\/wp\/v2\/posts\/1010\/revisions"}],"predecessor-version":[{"id":1015,"href":"http:\/\/delamanodemaria.com\/index.php?rest_route=\/wp\/v2\/posts\/1010\/revisions\/1015"}],"wp:attachment":[{"href":"http:\/\/delamanodemaria.com\/index.php?rest_route=%2Fwp%2Fv2%2Fmedia&parent=1010"}],"wp:term":[{"taxonomy":"category","embeddable":true,"href":"http:\/\/delamanodemaria.com\/index.php?rest_route=%2Fwp%2Fv2%2Fcategories&post=1010"},{"taxonomy":"post_tag","embeddable":true,"href":"http:\/\/delamanodemaria.com\/index.php?rest_route=%2Fwp%2Fv2%2Ftags&post=1010"}],"curies":[{"name":"wp","href":"https:\/\/api.w.org\/{rel}","templated":true}]}}