{"id":10104,"date":"2018-07-05T17:38:44","date_gmt":"2018-07-05T21:38:44","guid":{"rendered":"http:\/\/delamanodemaria.com\/?p=10104"},"modified":"2018-07-05T17:38:44","modified_gmt":"2018-07-05T21:38:44","slug":"reflexion-para-el-viernes-de-la-decimo-tercera-semana-del-t-o-2-06-07-18","status":"publish","type":"post","link":"http:\/\/delamanodemaria.com\/?p=10104","title":{"rendered":"REFLEXI\u00d3N PARA EL VIERNES DE LA D\u00c9CIMO TERCERA SEMANA DEL T.O. (2) 06-07-18"},"content":{"rendered":"<p><img decoding=\"async\" loading=\"lazy\" class=\"alignnone size-full wp-image-10106\" src=\"http:\/\/delamanodemaria.com\/wp-content\/uploads\/2018\/07\/Vocacion-de-Mateo.jpg\" alt=\"\" width=\"700\" height=\"525\" srcset=\"http:\/\/delamanodemaria.com\/wp-content\/uploads\/2018\/07\/Vocacion-de-Mateo.jpg 700w, http:\/\/delamanodemaria.com\/wp-content\/uploads\/2018\/07\/Vocacion-de-Mateo-300x225.jpg 300w, http:\/\/delamanodemaria.com\/wp-content\/uploads\/2018\/07\/Vocacion-de-Mateo-400x300.jpg 400w\" sizes=\"(max-width: 700px) 100vw, 700px\" \/><\/p>\n<p>El evangelio que nos presenta la liturgia de hoy (Mt 9,9-13) es uno sobre el cual podr\u00edamos escribir muchas p\u00e1ginas, dada la riqueza de su contenido. En este pasaje Mateo narra su propia vocaci\u00f3n (del lat\u00edn <em>vocatio<\/em>, que se deriva a su vez del verbo <em>vocare<\/em> &#8211; llamar), y se llama a s\u00ed mismo Mateo (que significa \u201cdon de Dios\u201d), mientras Marcos y Lucas, en sus pasajes paralelos (Mc 2,13; Lc 5,27), le llaman Lev\u00ed.<\/p>\n<p>Por la brevedad que nos impone esta corta reflexi\u00f3n, nos limitaremos a una sola palabra, tal vez la m\u00e1s importante pronunciada por Jes\u00fas: \u201cS\u00edgueme\u201d. Siempre que leo este pasaje trato de imaginarme la escena. Mateo sentado en su mesa de cobrador de impuestos (los publicanos eran de las personas m\u00e1s odiadas en tiempos de Jes\u00fas, nos solo por cobrar los impuestos para el imperio romano, sino por cobrar en exceso para enriquecerse), probablemente contando sus recaudos, y de momento siente la presencia de alguien que se detiene frente a la mesa y lo mira con la mirada m\u00e1s penetrante que jam\u00e1s haya visto, al punto que le hace levantar la suya y cruzarla con la de Aqu\u00e9l cuya presencia le perturb\u00f3. Y esa persona, a quien Mateo no hab\u00eda visto jam\u00e1s, con un tono de voz amable pero con una firmeza avasalladora le dice: \u201cS\u00edgueme\u201d. Y Mateo \u201cse levanto, lo dej\u00f3 todo y empez\u00f3 a seguirlo\u201d (Lc 5,27).<\/p>\n<p>Hoy Jes\u00fas contin\u00faa diciendo lo mismo a cada uno de nosotros: \u201cS\u00edgueme\u201d. A veces pensamos que eso es para los \u201csantos\u201d, para las ancianitas \u201cpiadosas\u201d, para los \u201ccuras\u201d y las monjitas. <strong>\u00a1Falso!<\/strong> Jes\u00fas nos llama a cada uno por nuestro nombre, por m\u00e1s pecadores que seamos, y tiene una misi\u00f3n para para cada cual. \u201cNo tienen necesidad de m\u00e9dico los sanos, sino los enfermos. Andad, aprended lo que significa \u2018misericordia quiero y no sacrificios\u2019: que no he venido a llamar a los justos, sino a los pecadores\u201d.<\/p>\n<p>En su ministerio Jes\u00fas se juntaba, se sentaba a la mesa con los \u201cpecadores\u201d, que en su tiempo se refer\u00eda a unas determinadas clases sociales o tipos de gentes (publicanos, ladrones, prostitutas, paganos, ad\u00falteros, asesinos, etc.). De esta manera Jes\u00fas rompe con los esquemas y prejuicios de su tiempo; no \u201cetiqueta\u201d a las personas, como solemos hacer hoy a\u00fan. Y ante el prejuicio y la intolerancia, nos propone el amor gratuito y desinteresado, la misericordia (en hebreo: <em>hesed<\/em>).<\/p>\n<p>Jes\u00fas llam\u00f3 a Mateo (publicano), a Pablo (su m\u00e1s ac\u00e9rrimo perseguidor), para convertirlos en ap\u00f3stoles; y lo fueron porque estuvieron dispuestos a seguirle, a compartir su suerte. Hoy te llama a ti, me llama a m\u00ed. \u00bfEstamos dispuestos a \u201cdejarlo todo\u201d y empezar a seguirle?<\/p>\n<p>Que conste, a veces nos llama tan solo para saber si en realidad estamos dispuestos a seguirlo, y a mitad el camino, o casi al final nos dice: \u201cComo estuviste dispuesto a dejarlo todo para seguirme, ahora tengo algo mejor para ti\u201d.<\/p>\n<p>\u201c\u00a1Bien, siervo bueno y fiel!; en lo poco has sido fiel, al frente de lo mucho te pondr\u00e9; entra en el gozo de tu se\u00f1or\u201d (Mt 25,21). \u00a1El que tenga o\u00eddos para o\u00edr que oiga!<\/p>\n<div style=\"padding-bottom:20px; padding-top:10px;\" class=\"hupso-share-buttons\"><!-- Hupso Share Buttons - https:\/\/www.hupso.com\/share\/ --><a class=\"hupso_toolbar\" href=\"https:\/\/www.hupso.com\/share\/\"><img src=\"http:\/\/static.hupso.com\/share\/buttons\/lang\/es\/share-medium.png\" style=\"border:0px; padding-top: 5px; float:left;\" alt=\"Share Button\"\/><\/a><script type=\"text\/javascript\">var hupso_services_t=new Array(\"Twitter\",\"Facebook\",\"Google Plus\",\"Pinterest\",\"Linkedin\",\"Email\",\"Print\");var hupso_background_t=\"#EAF4FF\";var hupso_border_t=\"#66CCFF\";var hupso_toolbar_size_t=\"medium\";var hupso_image_folder_url = \"\";var hupso_twitter_via=\"hectorops\";var hupso_url_t=\"\";var hupso_title_t=\"REFLEXI%C3%93N%20PARA%20EL%20VIERNES%20DE%20LA%20D%C3%89CIMO%20TERCERA%20SEMANA%20DEL%20T.O.%20%282%29%2006-07-18\";<\/script><script type=\"text\/javascript\" src=\"http:\/\/static.hupso.com\/share\/js\/share_toolbar.js\"><\/script><!-- Hupso Share Buttons --><\/div>","protected":false},"excerpt":{"rendered":"<p>El evangelio que nos presenta la liturgia de hoy (Mt 9,9-13) es uno sobre el cual podr\u00edamos escribir muchas p\u00e1ginas, dada la riqueza de su contenido. En este pasaje Mateo narra su propia vocaci\u00f3n (del lat\u00edn vocatio, que se deriva &hellip; <a href=\"http:\/\/delamanodemaria.com\/?p=10104\">Continue reading <span class=\"meta-nav\">&rarr;<\/span><\/a><\/p>\n<div style=\"padding-bottom:20px; padding-top:10px;\" class=\"hupso-share-buttons\"><!-- Hupso Share Buttons - https:\/\/www.hupso.com\/share\/ --><a class=\"hupso_toolbar\" href=\"https:\/\/www.hupso.com\/share\/\"><img src=\"http:\/\/static.hupso.com\/share\/buttons\/lang\/es\/share-medium.png\" style=\"border:0px; padding-top: 5px; float:left;\" alt=\"Share Button\"\/><\/a><script type=\"text\/javascript\">var hupso_services_t=new Array(\"Twitter\",\"Facebook\",\"Google Plus\",\"Pinterest\",\"Linkedin\",\"Email\",\"Print\");var hupso_background_t=\"#EAF4FF\";var hupso_border_t=\"#66CCFF\";var hupso_toolbar_size_t=\"medium\";var hupso_image_folder_url = \"\";var hupso_twitter_via=\"hectorops\";var hupso_url_t=\"\";var hupso_title_t=\"REFLEXI%C3%93N%20PARA%20EL%20VIERNES%20DE%20LA%20D%C3%89CIMO%20TERCERA%20SEMANA%20DEL%20T.O.%20%282%29%2006-07-18\";<\/script><script type=\"text\/javascript\" src=\"http:\/\/static.hupso.com\/share\/js\/share_toolbar.js\"><\/script><!-- Hupso Share Buttons --><\/div>","protected":false},"author":1,"featured_media":0,"comment_status":"open","ping_status":"open","sticky":false,"template":"","format":"standard","meta":{"jetpack_post_was_ever_published":false,"_jetpack_newsletter_access":"","_jetpack_newsletter_tier_id":0,"jetpack_publicize_message":"","jetpack_is_tweetstorm":false,"jetpack_publicize_feature_enabled":true,"jetpack_social_post_already_shared":true,"jetpack_social_options":{"image_generator_settings":{"template":"highway","enabled":false}}},"categories":[1],"tags":[586,2383,769,2049,209,1022,111,420,1225,2,144,916,722,199,2048],"jetpack_publicize_connections":[],"jetpack_featured_media_url":"","jetpack_shortlink":"https:\/\/wp.me\/p3bBgS-2CY","jetpack_sharing_enabled":true,"jetpack_likes_enabled":true,"_links":{"self":[{"href":"http:\/\/delamanodemaria.com\/index.php?rest_route=\/wp\/v2\/posts\/10104"}],"collection":[{"href":"http:\/\/delamanodemaria.com\/index.php?rest_route=\/wp\/v2\/posts"}],"about":[{"href":"http:\/\/delamanodemaria.com\/index.php?rest_route=\/wp\/v2\/types\/post"}],"author":[{"embeddable":true,"href":"http:\/\/delamanodemaria.com\/index.php?rest_route=\/wp\/v2\/users\/1"}],"replies":[{"embeddable":true,"href":"http:\/\/delamanodemaria.com\/index.php?rest_route=%2Fwp%2Fv2%2Fcomments&post=10104"}],"version-history":[{"count":3,"href":"http:\/\/delamanodemaria.com\/index.php?rest_route=\/wp\/v2\/posts\/10104\/revisions"}],"predecessor-version":[{"id":10108,"href":"http:\/\/delamanodemaria.com\/index.php?rest_route=\/wp\/v2\/posts\/10104\/revisions\/10108"}],"wp:attachment":[{"href":"http:\/\/delamanodemaria.com\/index.php?rest_route=%2Fwp%2Fv2%2Fmedia&parent=10104"}],"wp:term":[{"taxonomy":"category","embeddable":true,"href":"http:\/\/delamanodemaria.com\/index.php?rest_route=%2Fwp%2Fv2%2Fcategories&post=10104"},{"taxonomy":"post_tag","embeddable":true,"href":"http:\/\/delamanodemaria.com\/index.php?rest_route=%2Fwp%2Fv2%2Ftags&post=10104"}],"curies":[{"name":"wp","href":"https:\/\/api.w.org\/{rel}","templated":true}]}}