{"id":10137,"date":"2018-07-13T16:27:04","date_gmt":"2018-07-13T20:27:04","guid":{"rendered":"http:\/\/delamanodemaria.com\/?p=10137"},"modified":"2018-07-13T16:27:04","modified_gmt":"2018-07-13T20:27:04","slug":"reflexion-para-el-sabado-de-la-decimocuarta-semana-del-t-o-2-14-07-18","status":"publish","type":"post","link":"http:\/\/delamanodemaria.com\/?p=10137","title":{"rendered":"REFLEXI\u00d3N PARA EL S\u00c1BADO DE LA DECIMOCUARTA SEMANA DEL T.O. (2) 14-07-18"},"content":{"rendered":"<p><img decoding=\"async\" loading=\"lazy\" class=\"alignnone size-large wp-image-10139\" src=\"http:\/\/delamanodemaria.com\/wp-content\/uploads\/2018\/07\/Isa\u00edas-carb\u00f3n-encendido-1024x568.jpg\" alt=\"\" width=\"584\" height=\"324\" srcset=\"http:\/\/delamanodemaria.com\/wp-content\/uploads\/2018\/07\/Isa\u00edas-carb\u00f3n-encendido-1024x568.jpg 1024w, http:\/\/delamanodemaria.com\/wp-content\/uploads\/2018\/07\/Isa\u00edas-carb\u00f3n-encendido-300x166.jpg 300w, http:\/\/delamanodemaria.com\/wp-content\/uploads\/2018\/07\/Isa\u00edas-carb\u00f3n-encendido-768x426.jpg 768w, http:\/\/delamanodemaria.com\/wp-content\/uploads\/2018\/07\/Isa\u00edas-carb\u00f3n-encendido-500x277.jpg 500w, http:\/\/delamanodemaria.com\/wp-content\/uploads\/2018\/07\/Isa\u00edas-carb\u00f3n-encendido.jpg 1038w\" sizes=\"(max-width: 584px) 100vw, 584px\" \/><\/p>\n<p>La primera lectura de hoy (Is 6,1-8) nos presenta al profeta Isa\u00edas. Isa\u00edas fue testigo de la destrucci\u00f3n del Reino del norte (Israel), y ve\u00eda c\u00f3mo el Reino del sur (Jud\u00e1) iba por el mismo camino. Yahv\u00e9 lo escoge para anunciar su Palabra y denunciar los pecados de los jud\u00edos del sur.<\/p>\n<p>El pasaje que nos ocupa forma parte de lo que se conoce como el \u201cPrimer Isa\u00edas\u201d (cap\u00edtulos 1-39), y es la narraci\u00f3n de la vocaci\u00f3n del profeta, que \u00c9l mismo hace.<\/p>\n<p>Mientras se hallaba en oraci\u00f3n en el Templo, el Se\u00f1or le habl\u00f3 a trav\u00e9s de una visi\u00f3n que describe con el dramatismo que implica estar en la presencia de Dios: \u201cY temblaban los umbrales de las puertas al clamor de su voz, y el templo estaba lleno de humo\u201d. Y como todo mortal sinti\u00f3 miedo ante la presencia de Dios: \u201c\u00a1Ay de m\u00ed, estoy perdido! Yo, hombre de labios impuros, que habito en medio de un pueblo de labios impuros, he visto con mis ojos al Rey y Se\u00f1or de los ej\u00e9rcitos\u201d.<\/p>\n<p>Y como siempre, el Se\u00f1or no escoge a los capacitados, sino que capacita a los que escoge. Purific\u00f3 los labios de Isa\u00edas con un carb\u00f3n encendido, perdonando sus pecados de manera que pudiera proclamar su Palabra.<\/p>\n<p>Otra caracter\u00edstica de Dios que hemos dicho en ocasiones anteriores, es que \u00c9l nunca se impone (\u201cMira que estoy a la puerta y llamo: si uno escucha mi voz y me abre, entrar\u00e9 en su casa\u2026\u201d Ap 3,20). Esta vez no es diferente: \u201c\u00bfA qui\u00e9n mandar\u00e9? \u00bfQui\u00e9n ir\u00e1 por m\u00ed?\u201d Y la respuesta de Isa\u00edas a ese llamado no se hizo esperar: \u201cAqu\u00ed estoy, m\u00e1ndame\u201d.<\/p>\n<p>Dios nos est\u00e1 llamando a todos, tiene una misi\u00f3n para cada uno de nosotros y, al igual que a Isa\u00edas nos pregunta: \u201c\u00bfA qui\u00e9n mandar\u00e9? \u00bfQui\u00e9n ir\u00e1 por m\u00ed?\u201d Y t\u00fa, \u00bfest\u00e1s en disposici\u00f3n de decir: \u201cAqu\u00ed estoy, m\u00e1ndame\u201d, con todo lo que ello implica?<\/p>\n<p>Hoy, pid\u00e1mosle al Se\u00f1or que nos permita escuchar su voz, y nos d\u00e9 la valent\u00eda de aceptar su llamado con la certeza de que si \u00c9l nos ha escogido, nos capacitar\u00e1. Y, m\u00e1s a\u00fan, nos respaldar\u00e1, como vemos en el Evangelio de hoy.<\/p>\n<p>La lectura evang\u00e9lica de hoy (Mt 10,24-33) contin\u00faa present\u00e1ndonos el env\u00edo de los \u201cdoce\u201d: \u201cLo que os digo de noche decidlo en pleno d\u00eda, y lo que escuch\u00e9is al o\u00eddo, pregonadlo desde la azotea\u201d. Los env\u00eda a proclamar la Buena Noticia, y a hacerlo con valent\u00eda (\u201cno teng\u00e1is miedo\u201d). Es el mismo llamado que nos hace a nosotros.<\/p>\n<p>Son muchos los que prefieren ignorar el llamado de Jes\u00fas, porque a pesar de que les impresiona la oferta de Vida eterna que les hace, no est\u00e1n de acuerdo con la \u201cletra chica\u201d; entienden que el precio es demasiado alto. Prefieren la comodidad, el placer, ahora, en este mundo. Se ponen de parte del mundo en lugar de ponerse de parte de Jes\u00fas. Es ah\u00ed que resuenan las palabras de Jes\u00fas: \u201cSi uno se pone de mi parte ante los hombres, yo tambi\u00e9n me pondr\u00e9 de su parte ante mi Padre del cielo. Y si uno me niega ante los hombres, yo tambi\u00e9n lo negar\u00e9 ante mi Padre del cielo\u201d.<\/p>\n<p>La decisi\u00f3n es tuya\u2026<\/p>\n<div style=\"padding-bottom:20px; padding-top:10px;\" class=\"hupso-share-buttons\"><!-- Hupso Share Buttons - https:\/\/www.hupso.com\/share\/ --><a class=\"hupso_toolbar\" href=\"https:\/\/www.hupso.com\/share\/\"><img src=\"http:\/\/static.hupso.com\/share\/buttons\/lang\/es\/share-medium.png\" style=\"border:0px; padding-top: 5px; float:left;\" alt=\"Share Button\"\/><\/a><script type=\"text\/javascript\">var hupso_services_t=new Array(\"Twitter\",\"Facebook\",\"Google Plus\",\"Pinterest\",\"Linkedin\",\"Email\",\"Print\");var hupso_background_t=\"#EAF4FF\";var hupso_border_t=\"#66CCFF\";var hupso_toolbar_size_t=\"medium\";var hupso_image_folder_url = \"\";var hupso_twitter_via=\"hectorops\";var hupso_url_t=\"\";var hupso_title_t=\"REFLEXI%C3%93N%20PARA%20EL%20S%C3%81BADO%20DE%20LA%20DECIMOCUARTA%20SEMANA%20DEL%20T.O.%20%282%29%2014-07-18\";<\/script><script type=\"text\/javascript\" src=\"http:\/\/static.hupso.com\/share\/js\/share_toolbar.js\"><\/script><!-- Hupso Share Buttons --><\/div>","protected":false},"excerpt":{"rendered":"<p>La primera lectura de hoy (Is 6,1-8) nos presenta al profeta Isa\u00edas. Isa\u00edas fue testigo de la destrucci\u00f3n del Reino del norte (Israel), y ve\u00eda c\u00f3mo el Reino del sur (Jud\u00e1) iba por el mismo camino. Yahv\u00e9 lo escoge para &hellip; <a href=\"http:\/\/delamanodemaria.com\/?p=10137\">Continue reading <span class=\"meta-nav\">&rarr;<\/span><\/a><\/p>\n<div style=\"padding-bottom:20px; padding-top:10px;\" class=\"hupso-share-buttons\"><!-- Hupso Share Buttons - https:\/\/www.hupso.com\/share\/ --><a class=\"hupso_toolbar\" href=\"https:\/\/www.hupso.com\/share\/\"><img src=\"http:\/\/static.hupso.com\/share\/buttons\/lang\/es\/share-medium.png\" style=\"border:0px; padding-top: 5px; float:left;\" alt=\"Share Button\"\/><\/a><script type=\"text\/javascript\">var hupso_services_t=new Array(\"Twitter\",\"Facebook\",\"Google Plus\",\"Pinterest\",\"Linkedin\",\"Email\",\"Print\");var hupso_background_t=\"#EAF4FF\";var hupso_border_t=\"#66CCFF\";var hupso_toolbar_size_t=\"medium\";var hupso_image_folder_url = \"\";var hupso_twitter_via=\"hectorops\";var hupso_url_t=\"\";var hupso_title_t=\"REFLEXI%C3%93N%20PARA%20EL%20S%C3%81BADO%20DE%20LA%20DECIMOCUARTA%20SEMANA%20DEL%20T.O.%20%282%29%2014-07-18\";<\/script><script type=\"text\/javascript\" src=\"http:\/\/static.hupso.com\/share\/js\/share_toolbar.js\"><\/script><!-- Hupso Share Buttons --><\/div>","protected":false},"author":1,"featured_media":0,"comment_status":"open","ping_status":"open","sticky":false,"template":"","format":"standard","meta":{"jetpack_post_was_ever_published":false,"_jetpack_newsletter_access":"","_jetpack_newsletter_tier_id":0,"jetpack_publicize_message":"","jetpack_is_tweetstorm":false,"jetpack_publicize_feature_enabled":true,"jetpack_social_post_already_shared":true,"jetpack_social_options":{"image_generator_settings":{"template":"highway","enabled":false}}},"categories":[1],"tags":[586,2384,105,2395,569,214,371,2396,1066,112,501,1421,871,1039,2298,2,975,976,2397,722,199],"jetpack_publicize_connections":[],"jetpack_featured_media_url":"","jetpack_shortlink":"https:\/\/wp.me\/p3bBgS-2Dv","jetpack_sharing_enabled":true,"jetpack_likes_enabled":true,"_links":{"self":[{"href":"http:\/\/delamanodemaria.com\/index.php?rest_route=\/wp\/v2\/posts\/10137"}],"collection":[{"href":"http:\/\/delamanodemaria.com\/index.php?rest_route=\/wp\/v2\/posts"}],"about":[{"href":"http:\/\/delamanodemaria.com\/index.php?rest_route=\/wp\/v2\/types\/post"}],"author":[{"embeddable":true,"href":"http:\/\/delamanodemaria.com\/index.php?rest_route=\/wp\/v2\/users\/1"}],"replies":[{"embeddable":true,"href":"http:\/\/delamanodemaria.com\/index.php?rest_route=%2Fwp%2Fv2%2Fcomments&post=10137"}],"version-history":[{"count":2,"href":"http:\/\/delamanodemaria.com\/index.php?rest_route=\/wp\/v2\/posts\/10137\/revisions"}],"predecessor-version":[{"id":10140,"href":"http:\/\/delamanodemaria.com\/index.php?rest_route=\/wp\/v2\/posts\/10137\/revisions\/10140"}],"wp:attachment":[{"href":"http:\/\/delamanodemaria.com\/index.php?rest_route=%2Fwp%2Fv2%2Fmedia&parent=10137"}],"wp:term":[{"taxonomy":"category","embeddable":true,"href":"http:\/\/delamanodemaria.com\/index.php?rest_route=%2Fwp%2Fv2%2Fcategories&post=10137"},{"taxonomy":"post_tag","embeddable":true,"href":"http:\/\/delamanodemaria.com\/index.php?rest_route=%2Fwp%2Fv2%2Ftags&post=10137"}],"curies":[{"name":"wp","href":"https:\/\/api.w.org\/{rel}","templated":true}]}}