{"id":10207,"date":"2018-07-30T17:26:04","date_gmt":"2018-07-30T21:26:04","guid":{"rendered":"http:\/\/delamanodemaria.com\/?p=10207"},"modified":"2018-07-30T17:26:04","modified_gmt":"2018-07-30T21:26:04","slug":"reflexion-para-el-martes-de-la-decimoseptima-semana-del-t-o-2-31-07-18","status":"publish","type":"post","link":"http:\/\/delamanodemaria.com\/?p=10207","title":{"rendered":"REFLEXI\u00d3N PARA EL MARTES DE LA DECIMOS\u00c9PTIMA SEMANA DEL T.O. (2) 31-07-18"},"content":{"rendered":"<p><img decoding=\"async\" loading=\"lazy\" class=\"alignnone size-full wp-image-10209\" src=\"http:\/\/delamanodemaria.com\/wp-content\/uploads\/2018\/07\/Jr-13-36-43.jpg\" alt=\"\" width=\"728\" height=\"546\" srcset=\"http:\/\/delamanodemaria.com\/wp-content\/uploads\/2018\/07\/Jr-13-36-43.jpg 728w, http:\/\/delamanodemaria.com\/wp-content\/uploads\/2018\/07\/Jr-13-36-43-300x225.jpg 300w, http:\/\/delamanodemaria.com\/wp-content\/uploads\/2018\/07\/Jr-13-36-43-400x300.jpg 400w\" sizes=\"(max-width: 728px) 100vw, 728px\" \/><\/p>\n<p>El evangelio de hoy (Mt 13,36-43) es la explicaci\u00f3n que el mismo Jes\u00fas nos brinda de la par\u00e1bola de la ciza\u00f1a que ley\u00e9ramos el <a href=\"http:\/\/delamanodemaria.com\/?p=10197\" target=\"_blank\" rel=\"noopener\">pasado s\u00e1bado de la decimosexta semana del tiempo ordinario<\/a>.<\/p>\n<p>Como primera lectura, la liturgia nos sigue presentando al profeta Jerem\u00edas (14,17-22). Este c\u00e1ntico de Jerem\u00edas es una invocaci\u00f3n desgarradora, una plegaria penitencial invocando la ayuda y misericordia de Dios ante dos tragedias que enfrentaba el pueblo jud\u00edo. Por un lado, una sequ\u00eda devastadora que llevaba varios a\u00f1os arropando al pa\u00eds, con la consecuente hambruna y miseria, y por otro lado las guerras en las que Yahv\u00e9 parec\u00eda haber abandonado a su pueblo, con la inminencia de una invasi\u00f3n y la subsiguiente deportaci\u00f3n. Ante este cuadro Dios guarda silencio: \u201cdesfallecidos de hambre; tanto el profeta como el sacerdote vagan sin sentido por el pa\u00eds\u201d. Tal parece que el grito colectivo es: \u00a1Se\u00f1or, \u00bfd\u00f3nde est\u00e1s?, no nos ocultes tu rostro!<\/p>\n<p>A ese grito desesperado le sigue un acto de contrici\u00f3n: \u201cSe\u00f1or, reconocemos nuestra impiedad, la culpa de nuestros padres, porque pecamos contra ti\u201d. Finalmente hace lo que nosotros solemos hacer, le reclamamos nuestros \u201cderechos\u201d bajo la alianza que nosotros mismos hemos incumplido: \u201crecuerda y no rompas tu alianza con nosotros\u201d. El profeta, a nombre del pueblo lo intenta todo, inclusive pedirle a Dios que, si no por ellos, al menos por su propio prestigio, para que otros pueblos no piensen que su Dios es \u201cflojo\u201d. Y en una oraci\u00f3n que nos evoca la oraci\u00f3n del profeta El\u00edas a Yahv\u00e9 en el monte Carmelo que puso fin a una gran sequ\u00eda, a diferencia de los profetas de Baal que no pudieron (<em>Cfr<\/em>. 1 Re 18,20-46), Jerem\u00edas exclama: \u201c\u00bfExiste entre los \u00eddolos de los gentiles quien d\u00e9 la lluvia? \u00bfSoltar\u00e1n los cielos aguas torrenciales? \u00bfNo eres, Se\u00f1or Dios nuestro, nuestra esperanza, porque t\u00fa lo hiciste todo?\u201d<\/p>\n<p>El cuadro que nos presenta Jerem\u00edas no dista mucho de nuestra situaci\u00f3n actual, aunque en diferente contexto. Nos sentimos atribulados por la estrechez econ\u00f3mica que parece arropar al mundo entero, unido a una violencia que parece seguir escalando fuera de control, al punto que \u201ctanto el profeta como el sacerdote vagan sin sentido por el pa\u00eds\u201d. Y nos preguntamos que d\u00f3nde est\u00e1 Dios\u2026 Y le reclamamos\u2026 Pero somos nosotros los que nos hemos alejado de \u00c9l, los que le hemos echado de nuestros hogares, nuestros lugares de trabajo, nuestras escuelas, nuestras instituciones, nuestros gobiernos, y hasta de nuestras iglesias. \u00a1Y tenemos la osad\u00eda de preguntar qu\u00e9 nos pasa!<\/p>\n<p>Parece que no entendemos, o no queremos admitir, que el llamado \u201csilencio de Dios\u201d es provocado por nuestro alejamiento como pueblo. Todav\u00eda estamos a tiempo. Si nos convertimos y volvemos al Se\u00f1or, \u00c9l saldr\u00e1 a nuestro encuentro, se echar\u00e1 a nuestro cuello, nos besar\u00e1 y nos recibir\u00e1 de vuelta en su Casa (<em>Cfr<\/em>. Lc 11-32). De nosotros depende; \u00c9l nos est\u00e1 esperando. Y t\u00fa, \u00bfqu\u00e9 vas a hacer al respecto?<\/p>\n<div style=\"padding-bottom:20px; padding-top:10px;\" class=\"hupso-share-buttons\"><!-- Hupso Share Buttons - https:\/\/www.hupso.com\/share\/ --><a class=\"hupso_toolbar\" href=\"https:\/\/www.hupso.com\/share\/\"><img src=\"http:\/\/static.hupso.com\/share\/buttons\/lang\/es\/share-medium.png\" style=\"border:0px; padding-top: 5px; float:left;\" alt=\"Share Button\"\/><\/a><script type=\"text\/javascript\">var hupso_services_t=new Array(\"Twitter\",\"Facebook\",\"Google Plus\",\"Pinterest\",\"Linkedin\",\"Email\",\"Print\");var hupso_background_t=\"#EAF4FF\";var hupso_border_t=\"#66CCFF\";var hupso_toolbar_size_t=\"medium\";var hupso_image_folder_url = \"\";var hupso_twitter_via=\"hectorops\";var hupso_url_t=\"\";var hupso_title_t=\"REFLEXI%C3%93N%20PARA%20EL%20MARTES%20DE%20LA%20DECIMOS%C3%89PTIMA%20SEMANA%20DEL%20T.O.%20%282%29%2031-07-18\";<\/script><script type=\"text\/javascript\" src=\"http:\/\/static.hupso.com\/share\/js\/share_toolbar.js\"><\/script><!-- Hupso Share Buttons --><\/div>","protected":false},"excerpt":{"rendered":"<p>El evangelio de hoy (Mt 13,36-43) es la explicaci\u00f3n que el mismo Jes\u00fas nos brinda de la par\u00e1bola de la ciza\u00f1a que ley\u00e9ramos el pasado s\u00e1bado de la decimosexta semana del tiempo ordinario. Como primera lectura, la liturgia nos sigue &hellip; <a href=\"http:\/\/delamanodemaria.com\/?p=10207\">Continue reading <span class=\"meta-nav\">&rarr;<\/span><\/a><\/p>\n<div style=\"padding-bottom:20px; padding-top:10px;\" class=\"hupso-share-buttons\"><!-- Hupso Share Buttons - https:\/\/www.hupso.com\/share\/ --><a class=\"hupso_toolbar\" href=\"https:\/\/www.hupso.com\/share\/\"><img src=\"http:\/\/static.hupso.com\/share\/buttons\/lang\/es\/share-medium.png\" style=\"border:0px; padding-top: 5px; float:left;\" alt=\"Share Button\"\/><\/a><script type=\"text\/javascript\">var hupso_services_t=new Array(\"Twitter\",\"Facebook\",\"Google Plus\",\"Pinterest\",\"Linkedin\",\"Email\",\"Print\");var hupso_background_t=\"#EAF4FF\";var hupso_border_t=\"#66CCFF\";var hupso_toolbar_size_t=\"medium\";var hupso_image_folder_url = \"\";var hupso_twitter_via=\"hectorops\";var hupso_url_t=\"\";var hupso_title_t=\"REFLEXI%C3%93N%20PARA%20EL%20MARTES%20DE%20LA%20DECIMOS%C3%89PTIMA%20SEMANA%20DEL%20T.O.%20%282%29%2031-07-18\";<\/script><script type=\"text\/javascript\" src=\"http:\/\/static.hupso.com\/share\/js\/share_toolbar.js\"><\/script><!-- Hupso Share Buttons --><\/div>","protected":false},"author":1,"featured_media":0,"comment_status":"open","ping_status":"open","sticky":false,"template":"","format":"standard","meta":{"jetpack_post_was_ever_published":false,"_jetpack_newsletter_access":"","_jetpack_newsletter_tier_id":0,"jetpack_publicize_message":"","jetpack_is_tweetstorm":false,"jetpack_publicize_feature_enabled":true,"jetpack_social_post_already_shared":true,"jetpack_social_options":{"image_generator_settings":{"template":"highway","enabled":false}}},"categories":[1],"tags":[1089,38,586,576,2441,2440,2439,2438,511,1073,2066,1039,2,587,2442,722],"jetpack_publicize_connections":[],"jetpack_featured_media_url":"","jetpack_shortlink":"https:\/\/wp.me\/p3bBgS-2ED","jetpack_sharing_enabled":true,"jetpack_likes_enabled":true,"_links":{"self":[{"href":"http:\/\/delamanodemaria.com\/index.php?rest_route=\/wp\/v2\/posts\/10207"}],"collection":[{"href":"http:\/\/delamanodemaria.com\/index.php?rest_route=\/wp\/v2\/posts"}],"about":[{"href":"http:\/\/delamanodemaria.com\/index.php?rest_route=\/wp\/v2\/types\/post"}],"author":[{"embeddable":true,"href":"http:\/\/delamanodemaria.com\/index.php?rest_route=\/wp\/v2\/users\/1"}],"replies":[{"embeddable":true,"href":"http:\/\/delamanodemaria.com\/index.php?rest_route=%2Fwp%2Fv2%2Fcomments&post=10207"}],"version-history":[{"count":2,"href":"http:\/\/delamanodemaria.com\/index.php?rest_route=\/wp\/v2\/posts\/10207\/revisions"}],"predecessor-version":[{"id":10210,"href":"http:\/\/delamanodemaria.com\/index.php?rest_route=\/wp\/v2\/posts\/10207\/revisions\/10210"}],"wp:attachment":[{"href":"http:\/\/delamanodemaria.com\/index.php?rest_route=%2Fwp%2Fv2%2Fmedia&parent=10207"}],"wp:term":[{"taxonomy":"category","embeddable":true,"href":"http:\/\/delamanodemaria.com\/index.php?rest_route=%2Fwp%2Fv2%2Fcategories&post=10207"},{"taxonomy":"post_tag","embeddable":true,"href":"http:\/\/delamanodemaria.com\/index.php?rest_route=%2Fwp%2Fv2%2Ftags&post=10207"}],"curies":[{"name":"wp","href":"https:\/\/api.w.org\/{rel}","templated":true}]}}