{"id":1021,"date":"2013-05-13T20:45:21","date_gmt":"2013-05-14T00:45:21","guid":{"rendered":"http:\/\/delamanodemaria.com\/?p=1021"},"modified":"2013-05-13T20:45:21","modified_gmt":"2013-05-14T00:45:21","slug":"reflexion-para-la-fiesta-de-san-matias-apostol-14-05-13","status":"publish","type":"post","link":"http:\/\/delamanodemaria.com\/?p=1021","title":{"rendered":"REFLEXI\u00d3N PARA LA FIESTA DE SAN MAT\u00cdAS, AP\u00d3STOL 14-05-13"},"content":{"rendered":"<p style=\"text-align: center;\"><a href=\"http:\/\/delamanodemaria.com\/wp-content\/uploads\/2013\/05\/San-Matias.jpg\"><img decoding=\"async\" loading=\"lazy\" class=\"alignnone size-full wp-image-1022\" alt=\"San Matias\" src=\"http:\/\/delamanodemaria.com\/wp-content\/uploads\/2013\/05\/San-Matias.jpg\" width=\"500\" height=\"361\" srcset=\"http:\/\/delamanodemaria.com\/wp-content\/uploads\/2013\/05\/San-Matias.jpg 500w, http:\/\/delamanodemaria.com\/wp-content\/uploads\/2013\/05\/San-Matias-300x216.jpg 300w, http:\/\/delamanodemaria.com\/wp-content\/uploads\/2013\/05\/San-Matias-415x300.jpg 415w\" sizes=\"(max-width: 500px) 100vw, 500px\" \/><\/a><\/p>\n<p><span style=\"font-size: large;\">Hoy la Iglesia universal celebra la Fiesta de san Mat\u00edas, ap\u00f3stol. Mat\u00edas fue el escogido para ocupar el puesto de Judas en el grupo de los \u201cDoce\u201d. La primera lectura de hoy (Hc 1,15-17.20-26) nos narra la selecci\u00f3n de Mat\u00edas. Este episodio se desarrolla poco antes del evento de Pentecost\u00e9s, que estaremos celebrando este pr\u00f3ximo domingo. As\u00ed, Mateo recibi\u00f3 el Esp\u00edritu Santo junto a los \u201cDoce\u201d mientras se encontraban reunidos en oraci\u00f3n en la estancia superior en compa\u00f1\u00eda de Mar\u00eda, la madre de Jes\u00fas (Cfr. Hc 1,14).<\/span><\/p>\n<p><span style=\"font-size: large;\">El pasaje expone primero los requisitos que ha de llenar el que sea escogido: \u201cHace falta, por tanto, que uno se asocie a nosotros como testigo de la resurrecci\u00f3n de Jes\u00fas, uno de los que nos acompa\u00f1aron mientras convivi\u00f3 con nosotros el Se\u00f1or Jes\u00fas, desde que Juan bautizaba, hasta el d\u00eda de su ascensi\u00f3n\u201d. Ten\u00eda que ser as\u00ed porque el elegido ten\u00eda que cumplir la misi\u00f3n que el mismo Jes\u00fas les hab\u00eda encomendado justo antes de su Ascensi\u00f3n: \u201crecibir\u00e1n la fuerza del Esp\u00edritu Santo que descender\u00e1 sobre ustedes, y ser\u00e1n mis testigos en Jerusal\u00e9n, en toda Judea y Samaria, y hasta los confines de la tierra\u201d (Hc 1,8).<\/span><\/p>\n<p><span style=\"font-size: large;\">Los ap\u00f3stoles estaban llamados a ser testigos de la Resurrecci\u00f3n de Jes\u00fas y, m\u00e1s a\u00fan, de la vida, el mensaje de Jes\u00fas. Y solo pueden ser testigos quienes han visto o experimentado algo. Y para poder llevar a cabo su misi\u00f3n evangelizadora Jes\u00fas les promete \u201cla fuerza del Esp\u00edritu Santo\u201d.<\/span><\/p>\n<p><span style=\"font-size: large;\">Nos dice la Escritura que: \u201cPropusieron dos nombres: Jos\u00e9, apellidado Barsab\u00e1, de sobrenombre Justo, y Mat\u00edas. Y rezaron as\u00ed: \u2018Se\u00f1or, t\u00fa penetras el coraz\u00f3n de todos; mu\u00e9stranos a cu\u00e1l de los dos has elegido para que, en este ministerio apost\u00f3lico, ocupe el puesto que dej\u00f3 Judas para marcharse al suyo propio\u2019. Echaron suertes, le toc\u00f3 a Mat\u00edas, y lo asociaron a los once ap\u00f3stoles\u201d. Vemos c\u00f3mo el llamado siempre es de Dios; \u00c9l es quien escoge, de una manera misteriosa que no podemos comprender. Cfr. Jr 1,5.<\/span><\/p>\n<p><span style=\"font-size: large;\">Todos somos llamados a ser testigos; pero no basta con leer las escrituras y estudiar sobre Jes\u00fas y la Buena Noticia del Reino. Si vamos a ser testigos tenemos que tener conocimiento personal, pues, como dijimos anteriormente, solo pueden ser testigos quienes han visto o experimentado algo. Por tanto, para poder ser \u201ctestigos\u201d de Jes\u00fas, tenemos que tener un encuentro personal con el Resucitado. Solo as\u00ed nuestro testimonio tendr\u00e1 la credibilidad que mueva a otros, a su vez, a entrar en contacto con \u00c9l y conocerle personalmente. Y al igual que los ap\u00f3stoles, necesitamos la ayuda de \u201cla fuerza del Esp\u00edritu Santo\u201d.<\/span><\/p>\n<p><span style=\"font-size: large;\">Como hemos dicho en innumerables ocasiones, el Esp\u00edritu Santo es el Amor de Dios que se derrama sobre nosotros. Por eso en la lectura evang\u00e9lica que contemplamos hoy (Jn 15,9-17), Jes\u00fas nos insta a permanecer en su Amor.<\/span><\/p>\n<p><span style=\"font-size: large;\">\u201cVen, Esp\u00edritu Santo, llena los corazones de tus fieles, y enciende en ellos el fuego de tu amor. Env\u00eda tu Esp\u00edritu Creador y renueva la faz de la tierra\u201d. Am\u00e9n.<\/span><\/p>\n<div style=\"padding-bottom:20px; padding-top:10px;\" class=\"hupso-share-buttons\"><!-- Hupso Share Buttons - https:\/\/www.hupso.com\/share\/ --><a class=\"hupso_toolbar\" href=\"https:\/\/www.hupso.com\/share\/\"><img src=\"http:\/\/static.hupso.com\/share\/buttons\/lang\/es\/share-medium.png\" style=\"border:0px; padding-top: 5px; float:left;\" alt=\"Share Button\"\/><\/a><script type=\"text\/javascript\">var hupso_services_t=new Array(\"Twitter\",\"Facebook\",\"Google Plus\",\"Pinterest\",\"Linkedin\",\"Email\",\"Print\");var hupso_background_t=\"#EAF4FF\";var hupso_border_t=\"#66CCFF\";var hupso_toolbar_size_t=\"medium\";var hupso_image_folder_url = \"\";var hupso_twitter_via=\"hectorops\";var hupso_url_t=\"\";var hupso_title_t=\"REFLEXI%C3%93N%20PARA%20LA%20FIESTA%20DE%20SAN%20MAT%C3%8DAS%2C%20AP%C3%93STOL%2014-05-13\";<\/script><script type=\"text\/javascript\" src=\"http:\/\/static.hupso.com\/share\/js\/share_toolbar.js\"><\/script><!-- Hupso Share Buttons --><\/div>","protected":false},"excerpt":{"rendered":"<p>Hoy la Iglesia universal celebra la Fiesta de san Mat\u00edas, ap\u00f3stol. Mat\u00edas fue el escogido para ocupar el puesto de Judas en el grupo de los \u201cDoce\u201d. La primera lectura de hoy (Hc 1,15-17.20-26) nos narra la selecci\u00f3n de Mat\u00edas. &hellip; <a href=\"http:\/\/delamanodemaria.com\/?p=1021\">Continue reading <span class=\"meta-nav\">&rarr;<\/span><\/a><\/p>\n<div style=\"padding-bottom:20px; padding-top:10px;\" class=\"hupso-share-buttons\"><!-- Hupso Share Buttons - https:\/\/www.hupso.com\/share\/ --><a class=\"hupso_toolbar\" href=\"https:\/\/www.hupso.com\/share\/\"><img src=\"http:\/\/static.hupso.com\/share\/buttons\/lang\/es\/share-medium.png\" style=\"border:0px; padding-top: 5px; float:left;\" alt=\"Share Button\"\/><\/a><script type=\"text\/javascript\">var hupso_services_t=new Array(\"Twitter\",\"Facebook\",\"Google Plus\",\"Pinterest\",\"Linkedin\",\"Email\",\"Print\");var hupso_background_t=\"#EAF4FF\";var hupso_border_t=\"#66CCFF\";var hupso_toolbar_size_t=\"medium\";var hupso_image_folder_url = \"\";var hupso_twitter_via=\"hectorops\";var hupso_url_t=\"\";var hupso_title_t=\"REFLEXI%C3%93N%20PARA%20LA%20FIESTA%20DE%20SAN%20MAT%C3%8DAS%2C%20AP%C3%93STOL%2014-05-13\";<\/script><script type=\"text\/javascript\" src=\"http:\/\/static.hupso.com\/share\/js\/share_toolbar.js\"><\/script><!-- Hupso Share Buttons --><\/div>","protected":false},"author":1,"featured_media":0,"comment_status":"open","ping_status":"open","sticky":false,"template":"","format":"standard","meta":{"jetpack_post_was_ever_published":false,"_jetpack_newsletter_access":"","_jetpack_newsletter_tier_id":0,"jetpack_publicize_message":"","jetpack_is_tweetstorm":false,"jetpack_publicize_feature_enabled":true,"jetpack_social_post_already_shared":true,"jetpack_social_options":{"image_generator_settings":{"template":"highway","enabled":false}}},"categories":[1],"tags":[30,89,116,3,29,136,42,2],"jetpack_publicize_connections":[],"jetpack_featured_media_url":"","jetpack_shortlink":"https:\/\/wp.me\/p3bBgS-gt","jetpack_sharing_enabled":true,"jetpack_likes_enabled":true,"_links":{"self":[{"href":"http:\/\/delamanodemaria.com\/index.php?rest_route=\/wp\/v2\/posts\/1021"}],"collection":[{"href":"http:\/\/delamanodemaria.com\/index.php?rest_route=\/wp\/v2\/posts"}],"about":[{"href":"http:\/\/delamanodemaria.com\/index.php?rest_route=\/wp\/v2\/types\/post"}],"author":[{"embeddable":true,"href":"http:\/\/delamanodemaria.com\/index.php?rest_route=\/wp\/v2\/users\/1"}],"replies":[{"embeddable":true,"href":"http:\/\/delamanodemaria.com\/index.php?rest_route=%2Fwp%2Fv2%2Fcomments&post=1021"}],"version-history":[{"count":1,"href":"http:\/\/delamanodemaria.com\/index.php?rest_route=\/wp\/v2\/posts\/1021\/revisions"}],"predecessor-version":[{"id":1023,"href":"http:\/\/delamanodemaria.com\/index.php?rest_route=\/wp\/v2\/posts\/1021\/revisions\/1023"}],"wp:attachment":[{"href":"http:\/\/delamanodemaria.com\/index.php?rest_route=%2Fwp%2Fv2%2Fmedia&parent=1021"}],"wp:term":[{"taxonomy":"category","embeddable":true,"href":"http:\/\/delamanodemaria.com\/index.php?rest_route=%2Fwp%2Fv2%2Fcategories&post=1021"},{"taxonomy":"post_tag","embeddable":true,"href":"http:\/\/delamanodemaria.com\/index.php?rest_route=%2Fwp%2Fv2%2Ftags&post=1021"}],"curies":[{"name":"wp","href":"https:\/\/api.w.org\/{rel}","templated":true}]}}