{"id":1024,"date":"2013-05-14T23:29:54","date_gmt":"2013-05-15T03:29:54","guid":{"rendered":"http:\/\/delamanodemaria.com\/?p=1024"},"modified":"2013-05-14T23:29:54","modified_gmt":"2013-05-15T03:29:54","slug":"reflexion-para-el-miercoles-de-la-septima-semana-de-pascua-15-05-13","status":"publish","type":"post","link":"http:\/\/delamanodemaria.com\/?p=1024","title":{"rendered":"REFLEXI\u00d3N PARA EL MI\u00c9RCOLES DE LA S\u00c9PTIMA SEMANA DE PASCUA 15-05-13"},"content":{"rendered":"<p><a href=\"http:\/\/delamanodemaria.com\/wp-content\/uploads\/2013\/05\/cartaalosefesios.jpg\"><img decoding=\"async\" loading=\"lazy\" class=\"alignnone size-full wp-image-1025\" alt=\"cartaalosefesios\" src=\"http:\/\/delamanodemaria.com\/wp-content\/uploads\/2013\/05\/cartaalosefesios.jpg\" width=\"737\" height=\"589\" srcset=\"http:\/\/delamanodemaria.com\/wp-content\/uploads\/2013\/05\/cartaalosefesios.jpg 737w, http:\/\/delamanodemaria.com\/wp-content\/uploads\/2013\/05\/cartaalosefesios-300x239.jpg 300w, http:\/\/delamanodemaria.com\/wp-content\/uploads\/2013\/05\/cartaalosefesios-375x300.jpg 375w\" sizes=\"(max-width: 737px) 100vw, 737px\" \/><\/a><\/p>\n<p><span style=\"font-family: Arial;\"><span style=\"font-size: large;\">La liturgia pascual contin\u00faa prepar\u00e1ndonos para la gran Solemnidad de Pentecost\u00e9s con la lectura del libro de los Hechos de los Ap\u00f3stoles que, como hemos dicho, se conoce como el \u201cEvangelio del Esp\u00edritu Santo\u201d, porque nos muestra la actividad divina del Esp\u00edritu Santo en el desarrollo de la Iglesia.<\/span><\/span><\/p>\n<p><span style=\"font-family: Arial;\"><span style=\"font-size: large;\">Hoy leemos la segunda parte del emotivo discurso de despedida de Pablo a la comunidad de \u00c9feso, en donde hab\u00eda permanecido durante tres a\u00f1os (Hc 20,28-38). Es continuaci\u00f3n de la lectura correspondiente al martes de la s\u00e9ptima semana de Pascua, que no comentamos ayer por coincidir este a\u00f1o con la Fiesta de San Mat\u00edas, ap\u00f3stol, que tiene fecha fija del 14 de mayo en el calendario lit\u00fargico.<\/span><\/span><\/p>\n<p><span style=\"font-family: Arial;\"><span style=\"font-size: large;\">En esta parte Pablo se refiere principalmente a los deberes pastorales de los presb\u00edteros que instituy\u00f3 como sus sucesores en aquella Iglesia (algunas traducciones utilizan la palabra \u201canciano\u201d, que es otra traducci\u00f3n de griego \u201cpresbytres\u201d).<\/span><\/span><\/p>\n<p><span style=\"font-family: Arial;\"><span style=\"font-size: large;\">Pablo comienza record\u00e1ndoles el car\u00e1cter sagrado de sus cargos, advirti\u00e9ndoles que tengan cuidado de s\u00ed mismos, es decir, que lleven una conducta c\u00f3nsona con el cargo que ocupan y el Evangelio que predican para que sirvan de ejemplo a la comunidad. Luego les encomienda el \u201creba\u00f1o\u201d que \u201cel Esp\u00edritu Santo les ha encargado guardar, como pastores de la Iglesia de Dios\u201d. Con eso Pablo enfatiza que no fue \u00e9l quien los eligi\u00f3 y consagr\u00f3 en su cargo, sino el Esp\u00edritu Santo.<\/span><\/span><\/p>\n<p><span style=\"font-family: Arial;\"><span style=\"font-size: large;\">De paso les recuerda los peligros que van a enfrentar, para que est\u00e9n avisados y preparados para enfrentarlos. Si los leemos encontramos que no distan mucho de los peligros que enfrenta nuestra Iglesia veinte siglos m\u00e1s tarde: Los externos, los \u201clobos feroces\u201d que vienen de afuera a tratar de acabar con el reba\u00f1o (b\u00e1stanos ver el proselitismo feroz de las sectas y otras religiones, el avance inmisericorde del secularismo y las pr\u00e1cticas \u201cex\u00f3ticas\u201d de religiones y filosof\u00edas orientales, los \u201cnuevos movimientos religiosos, etc.), as\u00ed como los peligros internos: aquellos que deforman la sana doctrina de la Iglesia y crean grupos o movimientos con caracter\u00edsticas de sectas dentro de la propia Iglesia, que llegan a promover creencias o conductas re\u00f1idas con las ense\u00f1anzas de la Iglesia.<\/span><\/span><\/p>\n<p><span style=\"font-family: Arial;\"><span style=\"font-size: large;\">Pablo los encomienda al Dios Uno y Trino: \u201cAhora os dejo en manos de Dios y de su palabra de gracia, que tiene poder para construiros y daros parte en la herencia de los santos\u201d.<\/span><\/span><\/p>\n<p><span style=\"font-family: Arial;\"><span style=\"font-size: large;\">Hay un detalle en esta lectura que no quiero pasar por alto. Casi al final, Pablo cita a Jes\u00fas: \u201cacord\u00e1ndonos de las palabras del Se\u00f1or Jes\u00fas: \u2018Hay m\u00e1s dicha en dar que en recibir\u2019.\u201d \u00bfDe d\u00f3nde sac\u00f3 Pablo esa cita? Ciertamente no fue de los Evangelios, porque en ninguno de ellos Jes\u00fas pronuncia semejantes palabras. La recibi\u00f3 de la Santa Tradici\u00f3n. Este es uno de los pasajes que refuerzan la doctrina cat\u00f3lica que expresa que el \u201cdep\u00f3sito de la fe\u201d est\u00e1 contenido en las Sagradas Escrituras y la Santa Tradici\u00f3n, contrario a la mayor\u00eda de otras confesiones cristianas que no aceptan nada que no est\u00e9 contenido en la Biblia.<\/span><\/span><\/p>\n<p><span style=\"font-family: Arial;\"><span style=\"font-size: large;\">Hoy, pidamos al Se\u00f1or que derrame su Santo Esp\u00edritu en abundancia sobre nuestros presb\u00edteros, para que tengan la sabidur\u00eda y la constancia de cuidar de s\u00ed mismos, y proteger al reba\u00f1o que el mismo Esp\u00edritu les ha encomendado.<\/span><\/span><\/p>\n<p>&nbsp;<\/p>\n<p>&nbsp;<\/p>\n<div style=\"padding-bottom:20px; padding-top:10px;\" class=\"hupso-share-buttons\"><!-- Hupso Share Buttons - https:\/\/www.hupso.com\/share\/ --><a class=\"hupso_toolbar\" href=\"https:\/\/www.hupso.com\/share\/\"><img src=\"http:\/\/static.hupso.com\/share\/buttons\/lang\/es\/share-medium.png\" style=\"border:0px; padding-top: 5px; float:left;\" alt=\"Share Button\"\/><\/a><script type=\"text\/javascript\">var hupso_services_t=new Array(\"Twitter\",\"Facebook\",\"Google Plus\",\"Pinterest\",\"Linkedin\",\"Email\",\"Print\");var hupso_background_t=\"#EAF4FF\";var hupso_border_t=\"#66CCFF\";var hupso_toolbar_size_t=\"medium\";var hupso_image_folder_url = \"\";var hupso_twitter_via=\"hectorops\";var hupso_url_t=\"\";var hupso_title_t=\"REFLEXI%C3%93N%20PARA%20EL%20MI%C3%89RCOLES%20DE%20LA%20S%C3%89PTIMA%20SEMANA%20DE%20PASCUA%2015-05-13\";<\/script><script type=\"text\/javascript\" src=\"http:\/\/static.hupso.com\/share\/js\/share_toolbar.js\"><\/script><!-- Hupso Share Buttons --><\/div>","protected":false},"excerpt":{"rendered":"<p>La liturgia pascual contin\u00faa prepar\u00e1ndonos para la gran Solemnidad de Pentecost\u00e9s con la lectura del libro de los Hechos de los Ap\u00f3stoles que, como hemos dicho, se conoce como el \u201cEvangelio del Esp\u00edritu Santo\u201d, porque nos muestra la actividad divina &hellip; <a href=\"http:\/\/delamanodemaria.com\/?p=1024\">Continue reading <span class=\"meta-nav\">&rarr;<\/span><\/a><\/p>\n<div style=\"padding-bottom:20px; padding-top:10px;\" class=\"hupso-share-buttons\"><!-- Hupso Share Buttons - https:\/\/www.hupso.com\/share\/ --><a class=\"hupso_toolbar\" href=\"https:\/\/www.hupso.com\/share\/\"><img src=\"http:\/\/static.hupso.com\/share\/buttons\/lang\/es\/share-medium.png\" style=\"border:0px; padding-top: 5px; float:left;\" alt=\"Share Button\"\/><\/a><script type=\"text\/javascript\">var hupso_services_t=new Array(\"Twitter\",\"Facebook\",\"Google Plus\",\"Pinterest\",\"Linkedin\",\"Email\",\"Print\");var hupso_background_t=\"#EAF4FF\";var hupso_border_t=\"#66CCFF\";var hupso_toolbar_size_t=\"medium\";var hupso_image_folder_url = \"\";var hupso_twitter_via=\"hectorops\";var hupso_url_t=\"\";var hupso_title_t=\"REFLEXI%C3%93N%20PARA%20EL%20MI%C3%89RCOLES%20DE%20LA%20S%C3%89PTIMA%20SEMANA%20DE%20PASCUA%2015-05-13\";<\/script><script type=\"text\/javascript\" src=\"http:\/\/static.hupso.com\/share\/js\/share_toolbar.js\"><\/script><!-- Hupso Share Buttons --><\/div>","protected":false},"author":1,"featured_media":0,"comment_status":"open","ping_status":"open","sticky":false,"template":"","format":"standard","meta":{"jetpack_post_was_ever_published":false,"_jetpack_newsletter_access":"","_jetpack_newsletter_tier_id":0,"jetpack_publicize_message":"","jetpack_is_tweetstorm":false,"jetpack_publicize_feature_enabled":true,"jetpack_social_post_already_shared":true,"jetpack_social_options":{"image_generator_settings":{"template":"highway","enabled":false}}},"categories":[1],"tags":[3,29,137,111,42,2],"jetpack_publicize_connections":[],"jetpack_featured_media_url":"","jetpack_shortlink":"https:\/\/wp.me\/p3bBgS-gw","jetpack_sharing_enabled":true,"jetpack_likes_enabled":true,"_links":{"self":[{"href":"http:\/\/delamanodemaria.com\/index.php?rest_route=\/wp\/v2\/posts\/1024"}],"collection":[{"href":"http:\/\/delamanodemaria.com\/index.php?rest_route=\/wp\/v2\/posts"}],"about":[{"href":"http:\/\/delamanodemaria.com\/index.php?rest_route=\/wp\/v2\/types\/post"}],"author":[{"embeddable":true,"href":"http:\/\/delamanodemaria.com\/index.php?rest_route=\/wp\/v2\/users\/1"}],"replies":[{"embeddable":true,"href":"http:\/\/delamanodemaria.com\/index.php?rest_route=%2Fwp%2Fv2%2Fcomments&post=1024"}],"version-history":[{"count":1,"href":"http:\/\/delamanodemaria.com\/index.php?rest_route=\/wp\/v2\/posts\/1024\/revisions"}],"predecessor-version":[{"id":1026,"href":"http:\/\/delamanodemaria.com\/index.php?rest_route=\/wp\/v2\/posts\/1024\/revisions\/1026"}],"wp:attachment":[{"href":"http:\/\/delamanodemaria.com\/index.php?rest_route=%2Fwp%2Fv2%2Fmedia&parent=1024"}],"wp:term":[{"taxonomy":"category","embeddable":true,"href":"http:\/\/delamanodemaria.com\/index.php?rest_route=%2Fwp%2Fv2%2Fcategories&post=1024"},{"taxonomy":"post_tag","embeddable":true,"href":"http:\/\/delamanodemaria.com\/index.php?rest_route=%2Fwp%2Fv2%2Ftags&post=1024"}],"curies":[{"name":"wp","href":"https:\/\/api.w.org\/{rel}","templated":true}]}}