{"id":10253,"date":"2018-08-10T21:03:57","date_gmt":"2018-08-11T01:03:57","guid":{"rendered":"http:\/\/delamanodemaria.com\/?p=10253"},"modified":"2018-08-10T21:05:25","modified_gmt":"2018-08-11T01:05:25","slug":"reflexion-para-el-sabado-de-la-decimoctava-semana-del-t-o-2-memoria-obligatoria-de-santa-clara-virgen","status":"publish","type":"post","link":"http:\/\/delamanodemaria.com\/?p=10253","title":{"rendered":"REFLEXI\u00d3N PARA EL S\u00c1BADO DE LA DECIMOCTAVA SEMANA DEL T.O. (2), MEMORIA OBLIGATORIA DE SANTA CLARA, VIRGEN 11-08-18"},"content":{"rendered":"\n<figure class=\"wp-block-image\"><img decoding=\"async\" loading=\"lazy\" width=\"630\" height=\"347\" src=\"http:\/\/delamanodemaria.com\/wp-content\/uploads\/2015\/08\/ClaraAsis-med.jpg\" alt=\"\" class=\"wp-image-5806\" srcset=\"http:\/\/delamanodemaria.com\/wp-content\/uploads\/2015\/08\/ClaraAsis-med.jpg 630w, http:\/\/delamanodemaria.com\/wp-content\/uploads\/2015\/08\/ClaraAsis-med-300x165.jpg 300w, http:\/\/delamanodemaria.com\/wp-content\/uploads\/2015\/08\/ClaraAsis-med-500x275.jpg 500w\" sizes=\"(max-width: 630px) 100vw, 630px\" \/><\/figure>\n\n\n\n<p>La lectura evang\u00e9lica que nos presenta la liturgia para hoy (Mt 17,14-20) nos relata el episodio del padre que le pide a Jes\u00fas que cure a su hijo epil\u00e9ptico, dici\u00e9ndole que sus disc\u00edpulos no hab\u00edan sido capaces de curarlo. Nos relata el pasaje que luego de haber curado al joven (el relato nos dice que Jes\u00fas ech\u00f3 el \u201cdemonio\u201d que ten\u00eda en joven), los disc\u00edpulos se le acercaron y le preguntaron: \u201c\u00bfY por qu\u00e9 no pudimos echarlo nosotros?\u201d, a lo que Jes\u00fas les contest\u00f3: \u201cPor vuestra poca fe. Os aseguro que si fuera vuestra fe como un grano de mostaza, le dir\u00edais a aquella monta\u00f1a que viniera aqu\u00ed, y vendr\u00eda. Nada os ser\u00eda imposible\u201d.<\/p>\n\n\n\n<p>En el relato de Mateo, Jes\u00fas vuelve a insistir en la importancia de la fe como elemento esencial para los milagros (\u201ctu fe te ha curado\u201d) y la falta de fe como impedimento para que se realicen los milagros (\u201chombre de poca fe\u2026\u201d). Y para afirmar su ense\u00f1anza, hace la aseveraci\u00f3n que se resume ese dicho popular que tanto escuchamos: \u201cLa fe mueve monta\u00f1as\u201d.<\/p>\n\n\n\n<p>Siempre me ha llamado la atenci\u00f3n que en el relato paralelo de Marcos (Mc 9,14-29), Jes\u00fas explica la incapacidad de sus disc\u00edpulos para echar el demonio diciendo: \u201cesta clase (de demonio) con nada puede ser arrojada sino con la oraci\u00f3n\u201d (v. 29).<\/p>\n\n\n\n<p>Lejos de ver una discrepancia entre ambas versiones del relato, vemos que se complementan. La eficacia de nuestra oraci\u00f3n va a ser directamente proporcional a nuestra fe. La oraci\u00f3n desprovista de fe no es oraci\u00f3n; es a lo sumo un mon\u00f3logo, es como cuando nos sorprendemos \u201chablando solos\u201d. Si no tenemos la certeza de que Dios existe, que nos ama infinitamente, que nos escucha, que tiene el poder de ayudarnos a resolver nuestros problemas de la manera m\u00e1s conveniente para nosotros, las oraciones se convierten en una campana hueca, en palabras que el viento se lleva\u2026<\/p>\n\n\n\n<p>Hoy celebramos la memoria de Santa Clara de As\u00eds, contempor\u00e1nea y amiga entra\u00f1able de San Francisco de As\u00eds. Clara acostumbraba pasar varias horas de la noche en oraci\u00f3n para abrir su coraz\u00f3n al Se\u00f1or y recoger en su silencio las palabras de amor del Se\u00f1or. Es precisamente en ese \u201ccoloquio amoroso\u201d con Dios que nuestras oraciones son escuchadas.<\/p>\n\n\n\n<p>Hoy, pidamos al Se\u00f1or que, al igual que Santa Clara de As\u00eds, y por su intercesi\u00f3n, se acreciente nuestra fe para poder mover las monta\u00f1as que nos impiden llevar a cabo nuestra misi\u00f3n evangelizadora.<\/p>\n\n\n\n<p>Que pasen todos un hermoso fin de semana, sin olvidar que el Padre les espera en su Casa para darles el abrazo m\u00e1s amoroso y tierno que puedan imaginar. \u00a1Bendiciones!<\/p>\n<div style=\"padding-bottom:20px; padding-top:10px;\" class=\"hupso-share-buttons\"><!-- Hupso Share Buttons - https:\/\/www.hupso.com\/share\/ --><a class=\"hupso_toolbar\" href=\"https:\/\/www.hupso.com\/share\/\"><img src=\"http:\/\/static.hupso.com\/share\/buttons\/lang\/es\/share-medium.png\" style=\"border:0px; padding-top: 5px; float:left;\" alt=\"Share Button\"\/><\/a><script type=\"text\/javascript\">var hupso_services_t=new Array(\"Twitter\",\"Facebook\",\"Google Plus\",\"Pinterest\",\"Linkedin\",\"Email\",\"Print\");var hupso_background_t=\"#EAF4FF\";var hupso_border_t=\"#66CCFF\";var hupso_toolbar_size_t=\"medium\";var hupso_image_folder_url = \"\";var hupso_twitter_via=\"hectorops\";var hupso_url_t=\"\";var hupso_title_t=\"REFLEXI%C3%93N%20PARA%20EL%20S%C3%81BADO%20DE%20LA%20DECIMOCTAVA%20SEMANA%20DEL%20T.O.%20%282%29%2C%20MEMORIA%20OBLIGATORIA%20DE%20SANTA%20CLARA%2C%20VIRGEN%2011-08-18\";<\/script><script type=\"text\/javascript\" src=\"http:\/\/static.hupso.com\/share\/js\/share_toolbar.js\"><\/script><!-- Hupso Share Buttons --><\/div>","protected":false},"excerpt":{"rendered":"<p>La lectura evang\u00e9lica que nos presenta la liturgia para hoy (Mt 17,14-20) nos relata el episodio del padre que le pide a Jes\u00fas que cure a su hijo epil\u00e9ptico, dici\u00e9ndole que sus disc\u00edpulos no hab\u00edan sido capaces de curarlo. Nos &hellip; <a href=\"http:\/\/delamanodemaria.com\/?p=10253\">Continue reading <span class=\"meta-nav\">&rarr;<\/span><\/a><\/p>\n<div style=\"padding-bottom:20px; padding-top:10px;\" class=\"hupso-share-buttons\"><!-- Hupso Share Buttons - https:\/\/www.hupso.com\/share\/ --><a class=\"hupso_toolbar\" href=\"https:\/\/www.hupso.com\/share\/\"><img src=\"http:\/\/static.hupso.com\/share\/buttons\/lang\/es\/share-medium.png\" style=\"border:0px; padding-top: 5px; float:left;\" alt=\"Share Button\"\/><\/a><script type=\"text\/javascript\">var hupso_services_t=new Array(\"Twitter\",\"Facebook\",\"Google Plus\",\"Pinterest\",\"Linkedin\",\"Email\",\"Print\");var hupso_background_t=\"#EAF4FF\";var hupso_border_t=\"#66CCFF\";var hupso_toolbar_size_t=\"medium\";var hupso_image_folder_url = \"\";var hupso_twitter_via=\"hectorops\";var hupso_url_t=\"\";var hupso_title_t=\"REFLEXI%C3%93N%20PARA%20EL%20S%C3%81BADO%20DE%20LA%20DECIMOCTAVA%20SEMANA%20DEL%20T.O.%20%282%29%2C%20MEMORIA%20OBLIGATORIA%20DE%20SANTA%20CLARA%2C%20VIRGEN%2011-08-18\";<\/script><script type=\"text\/javascript\" src=\"http:\/\/static.hupso.com\/share\/js\/share_toolbar.js\"><\/script><!-- Hupso Share Buttons --><\/div>","protected":false},"author":1,"featured_media":0,"comment_status":"open","ping_status":"open","sticky":false,"template":"","format":"standard","meta":{"jetpack_post_was_ever_published":false,"_jetpack_newsletter_access":"","_jetpack_newsletter_tier_id":0,"jetpack_publicize_message":"","jetpack_is_tweetstorm":false,"jetpack_publicize_feature_enabled":true,"jetpack_social_post_already_shared":true,"jetpack_social_options":{"image_generator_settings":{"template":"highway","enabled":false}}},"categories":[1],"tags":[274,2141,22,1529,1447,130,2,1737,1011,722],"jetpack_publicize_connections":[],"jetpack_featured_media_url":"","jetpack_shortlink":"https:\/\/wp.me\/p3bBgS-2Fn","jetpack_sharing_enabled":true,"jetpack_likes_enabled":true,"_links":{"self":[{"href":"http:\/\/delamanodemaria.com\/index.php?rest_route=\/wp\/v2\/posts\/10253"}],"collection":[{"href":"http:\/\/delamanodemaria.com\/index.php?rest_route=\/wp\/v2\/posts"}],"about":[{"href":"http:\/\/delamanodemaria.com\/index.php?rest_route=\/wp\/v2\/types\/post"}],"author":[{"embeddable":true,"href":"http:\/\/delamanodemaria.com\/index.php?rest_route=\/wp\/v2\/users\/1"}],"replies":[{"embeddable":true,"href":"http:\/\/delamanodemaria.com\/index.php?rest_route=%2Fwp%2Fv2%2Fcomments&post=10253"}],"version-history":[{"count":3,"href":"http:\/\/delamanodemaria.com\/index.php?rest_route=\/wp\/v2\/posts\/10253\/revisions"}],"predecessor-version":[{"id":10256,"href":"http:\/\/delamanodemaria.com\/index.php?rest_route=\/wp\/v2\/posts\/10253\/revisions\/10256"}],"wp:attachment":[{"href":"http:\/\/delamanodemaria.com\/index.php?rest_route=%2Fwp%2Fv2%2Fmedia&parent=10253"}],"wp:term":[{"taxonomy":"category","embeddable":true,"href":"http:\/\/delamanodemaria.com\/index.php?rest_route=%2Fwp%2Fv2%2Fcategories&post=10253"},{"taxonomy":"post_tag","embeddable":true,"href":"http:\/\/delamanodemaria.com\/index.php?rest_route=%2Fwp%2Fv2%2Ftags&post=10253"}],"curies":[{"name":"wp","href":"https:\/\/api.w.org\/{rel}","templated":true}]}}