{"id":10267,"date":"2018-08-13T20:17:48","date_gmt":"2018-08-14T00:17:48","guid":{"rendered":"http:\/\/delamanodemaria.com\/?p=10267"},"modified":"2018-08-13T20:17:56","modified_gmt":"2018-08-14T00:17:56","slug":"reflexion-para-el-martes-de-la-decimonovena-semana-del-t-o-2-14-08-18-memoria-de-san-maximiliano-maria-kolbe","status":"publish","type":"post","link":"http:\/\/delamanodemaria.com\/?p=10267","title":{"rendered":"REFLEXI\u00d3N PARA EL MARTES DE LA DECIMONOVENA SEMANA DEL T.O. (2) 14-08-18 &#8211; MEMORIA DE SAN MAXIMILIANO MAR\u00cdA KOLBE"},"content":{"rendered":"\n<ul class=\"wp-block-gallery columns-1 is-cropped wp-block-gallery-1 is-layout-flex\"><li class=\"blocks-gallery-item\"><figure><img decoding=\"async\" src=\"http:\/\/delamanodemaria.com\/wp-content\/uploads\/2018\/08\/MaximilianoKolbe-14Agosto-2.jpg\" alt=\"\" data-id=\"10271\" data-link=\"http:\/\/delamanodemaria.com\/?attachment_id=10271\"\/><\/figure><\/li><\/ul>\n\n\n\n<p>El evangelio que nos propone la liturgia para hoy (Mt 18,1-5.10.12-14) forma parte del \u201cdiscurso eclesi\u00e1stico\u201d de Jes\u00fas contenido en el cap\u00edtulo 18 de Mateo. En esta lectura encontramos el pasaje en que los disc\u00edpulos le preguntan a Jes\u00fas que qui\u00e9n es el m\u00e1s importante en el reino de los cielos. Tal parece que los disc\u00edpulos no han comprendido en su totalidad el mensaje de Jes\u00fas, y contin\u00faan haciendo referencia a conceptos pol\u00edticos.<\/p>\n\n\n\n<p>Jes\u00fas, con la paciencia que lo caracteriza, lejos de rega\u00f1arlos, opta por un ejemplo. Tom\u00f3 un ni\u00f1o, lo puso en medio y dijo: \u201cOs aseguro que, si no volv\u00e9is a ser como ni\u00f1os, no entrar\u00e9is en el reino de los cielos. Por tanto, el que se haga peque\u00f1o como este ni\u00f1o, \u00e9se es el m\u00e1s grande en el reino de los cielos\u201d.<\/p>\n\n\n\n<p>Para comprender el alcance de estas palabras de Jes\u00fas, tenemos que comprender lo que significaba ser un ni\u00f1o en tiempos de Jes\u00fas. En esa \u00e9poca un ni\u00f1o no val\u00eda nada, no se le reconoc\u00eda derecho alguno. Depend\u00eda totalmente de su padre, y si era hu\u00e9rfano, se convert\u00eda en un marginado, un \u201canawim\u201d, un \u201cpobre de Yahv\u00e9\u201d, que depend\u00eda totalmente de Dios y su Divina Providencia. Anawim se equipara a los \u201cmansos\u201d que se mencionan en las Bienaventuranzas (Mt 5,4), como aquellos que heredar\u00e1n la tierra (En el Salmo 37,11 se traduce como \u201chumildes\u201d).<\/p>\n\n\n\n<p>No debemos confundir las palabras de Jes\u00fas con comportarnos como ni\u00f1os, con asumir una actitud infantil hacia Dios y las cosas del Reino. Por el contrario, las cosas del Reino hay que abordarlas con toda seriedad. Lo que Jes\u00fas nos est\u00e1 recalcando es que para entrar en el Reino de los Cielos tenemos que hacernos disponibles como un ni\u00f1o, es decir, ser sencillos, no pretender los primeros puestos. Solo tendr\u00e1n cabida en el Reino los humildes, los que est\u00e9n dispuestos a servir a los dem\u00e1s, y en consecuencia, est\u00e9n dispuestos a amar a los m\u00e1s insignificantes. Por eso a\u00f1ade que: \u201cEl que acoge a un ni\u00f1o como \u00e9ste en mi nombre me acoge a m\u00ed. Cuidado con despreciar a uno de estos peque\u00f1os, porque os digo que sus \u00e1ngeles est\u00e1n viendo siempre en el cielo el rostro de mi Padre celestial\u201d.<\/p>\n\n\n\n<p>Jes\u00fas fue el mejor ejemplo de los que es un \u201canawim\u201d. Naci\u00f3, vivi\u00f3 y muri\u00f3 como un pobre m\u00e1s, y siempre hizo la voluntad de su Padre. Fue objeto de burlas, menosprecio, persecuci\u00f3n\u2026 Los que pretendemos seguir a Jes\u00fas hemos de estar conscientes de que esas burlas, esos menosprecios, esas persecuciones, constituyen para nosotros la manera de seguir sus pasos hacia esa Jerusal\u00e9n celestial que nos tiene prometida.<\/p>\n\n\n\n<p>Hoy celebramos la memoria de san <em>Maximiliano Mar\u00eda Kolbe<\/em>, franciscano misionero que supo dar la mayor prueba de humildad: entregar su vida en el campo de concentraci\u00f3n de Auschwitz a cambio de un padre de familia condenado a muerte. Llev\u00f3 el seguimiento de Cristo al extremo, a dar su vida (Jn 15,13).<\/p>\n\n\n\n<p>Pidamos al Padre que nos de la mansedumbre y humildad de un ni\u00f1o para seguir los pasos de su Hijo, de manera que que seamos acreedores a la gloria que nos tiene prometida.<\/p>\n<div style=\"padding-bottom:20px; padding-top:10px;\" class=\"hupso-share-buttons\"><!-- Hupso Share Buttons - https:\/\/www.hupso.com\/share\/ --><a class=\"hupso_toolbar\" href=\"https:\/\/www.hupso.com\/share\/\"><img src=\"http:\/\/static.hupso.com\/share\/buttons\/lang\/es\/share-medium.png\" style=\"border:0px; padding-top: 5px; float:left;\" alt=\"Share Button\"\/><\/a><script type=\"text\/javascript\">var hupso_services_t=new Array(\"Twitter\",\"Facebook\",\"Google Plus\",\"Pinterest\",\"Linkedin\",\"Email\",\"Print\");var hupso_background_t=\"#EAF4FF\";var hupso_border_t=\"#66CCFF\";var hupso_toolbar_size_t=\"medium\";var hupso_image_folder_url = \"\";var hupso_twitter_via=\"hectorops\";var hupso_url_t=\"\";var hupso_title_t=\"REFLEXI%C3%93N%20PARA%20EL%20MARTES%20DE%20LA%20DECIMONOVENA%20SEMANA%20DEL%20T.O.%20%282%29%2014-08-18%20-%20MEMORIA%20DE%20SAN%20MAXIMILIANO%20MAR%C3%8DA%20KOLBE\";<\/script><script type=\"text\/javascript\" src=\"http:\/\/static.hupso.com\/share\/js\/share_toolbar.js\"><\/script><!-- Hupso Share Buttons --><\/div>","protected":false},"excerpt":{"rendered":"<p>El evangelio que nos propone la liturgia para hoy (Mt 18,1-5.10.12-14) forma parte del \u201cdiscurso eclesi\u00e1stico\u201d de Jes\u00fas contenido en el cap\u00edtulo 18 de Mateo. En esta lectura encontramos el pasaje en que los disc\u00edpulos le preguntan a Jes\u00fas que &hellip; <a href=\"http:\/\/delamanodemaria.com\/?p=10267\">Continue reading <span class=\"meta-nav\">&rarr;<\/span><\/a><\/p>\n<div style=\"padding-bottom:20px; padding-top:10px;\" class=\"hupso-share-buttons\"><!-- Hupso Share Buttons - https:\/\/www.hupso.com\/share\/ --><a class=\"hupso_toolbar\" href=\"https:\/\/www.hupso.com\/share\/\"><img src=\"http:\/\/static.hupso.com\/share\/buttons\/lang\/es\/share-medium.png\" style=\"border:0px; padding-top: 5px; float:left;\" alt=\"Share Button\"\/><\/a><script type=\"text\/javascript\">var hupso_services_t=new Array(\"Twitter\",\"Facebook\",\"Google Plus\",\"Pinterest\",\"Linkedin\",\"Email\",\"Print\");var hupso_background_t=\"#EAF4FF\";var hupso_border_t=\"#66CCFF\";var hupso_toolbar_size_t=\"medium\";var hupso_image_folder_url = \"\";var hupso_twitter_via=\"hectorops\";var hupso_url_t=\"\";var hupso_title_t=\"REFLEXI%C3%93N%20PARA%20EL%20MARTES%20DE%20LA%20DECIMONOVENA%20SEMANA%20DEL%20T.O.%20%282%29%2014-08-18%20-%20MEMORIA%20DE%20SAN%20MAXIMILIANO%20MAR%C3%8DA%20KOLBE\";<\/script><script type=\"text\/javascript\" src=\"http:\/\/static.hupso.com\/share\/js\/share_toolbar.js\"><\/script><!-- Hupso Share Buttons --><\/div>","protected":false},"author":1,"featured_media":10271,"comment_status":"open","ping_status":"open","sticky":false,"template":"","format":"standard","meta":{"jetpack_post_was_ever_published":false,"_jetpack_newsletter_access":"","_jetpack_newsletter_tier_id":0,"jetpack_publicize_message":"","jetpack_is_tweetstorm":false,"jetpack_publicize_feature_enabled":true,"jetpack_social_post_already_shared":true,"jetpack_social_options":{"image_generator_settings":{"template":"highway","enabled":false}}},"categories":[1],"tags":[253,2463,186,1010,217,1580,209,2461,1447,605,337,2462,2,606,722],"jetpack_publicize_connections":[],"jetpack_featured_media_url":"http:\/\/delamanodemaria.com\/wp-content\/uploads\/2018\/08\/MaximilianoKolbe-14Agosto-2.jpg","jetpack_shortlink":"https:\/\/wp.me\/p3bBgS-2FB","jetpack_sharing_enabled":true,"jetpack_likes_enabled":true,"_links":{"self":[{"href":"http:\/\/delamanodemaria.com\/index.php?rest_route=\/wp\/v2\/posts\/10267"}],"collection":[{"href":"http:\/\/delamanodemaria.com\/index.php?rest_route=\/wp\/v2\/posts"}],"about":[{"href":"http:\/\/delamanodemaria.com\/index.php?rest_route=\/wp\/v2\/types\/post"}],"author":[{"embeddable":true,"href":"http:\/\/delamanodemaria.com\/index.php?rest_route=\/wp\/v2\/users\/1"}],"replies":[{"embeddable":true,"href":"http:\/\/delamanodemaria.com\/index.php?rest_route=%2Fwp%2Fv2%2Fcomments&post=10267"}],"version-history":[{"count":1,"href":"http:\/\/delamanodemaria.com\/index.php?rest_route=\/wp\/v2\/posts\/10267\/revisions"}],"predecessor-version":[{"id":10272,"href":"http:\/\/delamanodemaria.com\/index.php?rest_route=\/wp\/v2\/posts\/10267\/revisions\/10272"}],"wp:featuredmedia":[{"embeddable":true,"href":"http:\/\/delamanodemaria.com\/index.php?rest_route=\/wp\/v2\/media\/10271"}],"wp:attachment":[{"href":"http:\/\/delamanodemaria.com\/index.php?rest_route=%2Fwp%2Fv2%2Fmedia&parent=10267"}],"wp:term":[{"taxonomy":"category","embeddable":true,"href":"http:\/\/delamanodemaria.com\/index.php?rest_route=%2Fwp%2Fv2%2Fcategories&post=10267"},{"taxonomy":"post_tag","embeddable":true,"href":"http:\/\/delamanodemaria.com\/index.php?rest_route=%2Fwp%2Fv2%2Ftags&post=10267"}],"curies":[{"name":"wp","href":"https:\/\/api.w.org\/{rel}","templated":true}]}}