{"id":1027,"date":"2013-05-15T21:48:51","date_gmt":"2013-05-16T01:48:51","guid":{"rendered":"http:\/\/delamanodemaria.com\/?p=1027"},"modified":"2013-05-16T14:59:10","modified_gmt":"2013-05-16T18:59:10","slug":"reflexion-para-el-jueves-de-la-septima-semana-de-pascua-16-05-13","status":"publish","type":"post","link":"http:\/\/delamanodemaria.com\/?p=1027","title":{"rendered":"REFLEXI\u00d3N PARA EL JUEVES DE LA S\u00c9PTIMA SEMANA DE PASCUA 16-05-13"},"content":{"rendered":"<p style=\"text-align: center;\"><a href=\"http:\/\/delamanodemaria.com\/wp-content\/uploads\/2013\/05\/que-todos-sean-uno-2.jpg\"><img decoding=\"async\" loading=\"lazy\" class=\"alignnone size-full wp-image-1029\" alt=\"que todos sean uno 2\" src=\"http:\/\/delamanodemaria.com\/wp-content\/uploads\/2013\/05\/que-todos-sean-uno-2.jpg\" width=\"500\" height=\"406\" srcset=\"http:\/\/delamanodemaria.com\/wp-content\/uploads\/2013\/05\/que-todos-sean-uno-2.jpg 500w, http:\/\/delamanodemaria.com\/wp-content\/uploads\/2013\/05\/que-todos-sean-uno-2-300x243.jpg 300w, http:\/\/delamanodemaria.com\/wp-content\/uploads\/2013\/05\/que-todos-sean-uno-2-369x300.jpg 369w\" sizes=\"(max-width: 500px) 100vw, 500px\" \/><\/a><\/p>\n<p><span style=\"font-size: large;\">La liturgia de hoy nos presenta como lectura evang\u00e9lica (Jn 17,20-26) la tercera y \u00faltima parte del \u201cdiscurso de despedida\u201d de Jes\u00fas a sus disc\u00edpulos, que transcurre en el trasfondo de la sobremesa de la \u00faltima cena. A partir de este momento vemos que la oraci\u00f3n de Jes\u00fas al Padre por sus disc\u00edpulos inmediatos se convierte tambi\u00e9n en oraci\u00f3n por todos los que en el futuro habr\u00edamos de convertirnos en sus disc\u00edpulos por la palabra de aquellos: \u201cPadre santo, no s\u00f3lo por ellos ruego, sino tambi\u00e9n por los que crean en m\u00ed por la palabra de ellos, para que todos sean uno, como t\u00fa, Padre, en m\u00ed, y yo en ti, que ellos tambi\u00e9n lo sean en nosotros, para que el mundo crea que t\u00fa me has enviado\u201d. En otras palabras ora por la Iglesia que habr\u00eda de fundarse sobre la fe de los ap\u00f3stoles. Ora por nosotros\u2026 Imag\u00ednate; \u00a1Cristo ha orado por ti!<\/span><\/p>\n<p><span style=\"font-size: large;\">La s\u00faplica de Jes\u00fas al Padre es que haya unidad entre todos sus disc\u00edpulos, los contempor\u00e1neos y los futuros, y el modelo, el marco de referencia que utiliza es la unidad entre el Padre y \u00c9l, para que esa unidad se convierta en predicaci\u00f3n, en testimonio de la Verdad, que es testimonio del Amor entre el Padre y el Hijo. De esta manera Jes\u00fas puede continuar la revelaci\u00f3n del Padre a trav\u00e9s de su Palabra y de la comuni\u00f3n de los creyentes.<\/span><\/p>\n<p><span style=\"font-size: large;\">Y nuestra misi\u00f3n, la misi\u00f3n de todos los bautizados que hemos recibido el Esp\u00edritu Santo, es difundir esa Palabra para que a trav\u00e9s de ella otros crean tambi\u00e9n. Y el contenido de esa Palabra es solamente uno: que el Padre ha enviado al Hijo por pura gratuidad en el acto de amor m\u00e1s sublime en la historia. Y la manera de reciprocar ese amor es a trav\u00e9s de nuestros hermanos. As\u00ed se crea la comuni\u00f3n, la unidad: \u201cque todos sean uno, como t\u00fa, Padre, en m\u00ed, y yo en ti, que ellos tambi\u00e9n lo sean en nosotros\u201d. Y esa comuni\u00f3n, ese amor, ser\u00e1 el distintivo de los verdaderos disc\u00edpulos de Jes\u00fas (Cfr. Jn 13,15).<\/span><\/p>\n<p><span style=\"font-size: large;\">Esta es la \u00faltima plegaria de Jes\u00fas antes de entrar en su Pasi\u00f3n. Nos est\u00e1 diciendo qu\u00e9 le mueve a aceptar voluntariamente su Pasi\u00f3n, a entregar su vida. Ese es, podr\u00edamos decir, su testamento, su \u00faltima voluntad; que todos seamos uno, que vivamos en la unidad. Eso es lo que\u00a0 quiere para la Iglesia que \u00c9l vislumbra en el horizonte.<\/span><\/p>\n<p><span style=\"font-size: large;\">Las \u00faltimas palabras de Jes\u00fas en esta plegaria \u201csellan\u201d la misma y nos muestran el prop\u00f3sito de sus palabras: \u201cpara que el amor que me ten\u00edas est\u00e9 con ellos, como tambi\u00e9n yo estoy con ellos\u201d. Ese Amor que sirve de hilo conductor y a su vez de agente catal\u00edtico al mensaje de Jes\u00fas, y que Juan nos expone de manera contundente en su relato evang\u00e9lico.<\/span><\/p>\n<p><span style=\"font-size: large;\">\u201cOh Padre de nuestro Se\u00f1or Jesucristo y Padre tambi\u00e9n de todos: Creemos en Ti y sabemos que T\u00fa amaste a Jes\u00fas con un amor profundo, confiado y eterno. Que el Esp\u00edritu Santo derrame este amor en los corazones de todos los que creemos en Jes\u00fas, nuestro Pastor y Salvador\u201d (de la Oraci\u00f3n Colecta).<\/span><\/p>\n<div style=\"padding-bottom:20px; padding-top:10px;\" class=\"hupso-share-buttons\"><!-- Hupso Share Buttons - https:\/\/www.hupso.com\/share\/ --><a class=\"hupso_toolbar\" href=\"https:\/\/www.hupso.com\/share\/\"><img src=\"http:\/\/static.hupso.com\/share\/buttons\/lang\/es\/share-medium.png\" style=\"border:0px; padding-top: 5px; float:left;\" alt=\"Share Button\"\/><\/a><script type=\"text\/javascript\">var hupso_services_t=new Array(\"Twitter\",\"Facebook\",\"Google Plus\",\"Pinterest\",\"Linkedin\",\"Email\",\"Print\");var hupso_background_t=\"#EAF4FF\";var hupso_border_t=\"#66CCFF\";var hupso_toolbar_size_t=\"medium\";var hupso_image_folder_url = \"\";var hupso_twitter_via=\"hectorops\";var hupso_url_t=\"\";var hupso_title_t=\"REFLEXI%C3%93N%20PARA%20EL%20JUEVES%20DE%20LA%20S%C3%89PTIMA%20SEMANA%20DE%20PASCUA%2016-05-13\";<\/script><script type=\"text\/javascript\" src=\"http:\/\/static.hupso.com\/share\/js\/share_toolbar.js\"><\/script><!-- Hupso Share Buttons --><\/div>","protected":false},"excerpt":{"rendered":"<p>La liturgia de hoy nos presenta como lectura evang\u00e9lica (Jn 17,20-26) la tercera y \u00faltima parte del \u201cdiscurso de despedida\u201d de Jes\u00fas a sus disc\u00edpulos, que transcurre en el trasfondo de la sobremesa de la \u00faltima cena. A partir de &hellip; <a href=\"http:\/\/delamanodemaria.com\/?p=1027\">Continue reading <span class=\"meta-nav\">&rarr;<\/span><\/a><\/p>\n<div style=\"padding-bottom:20px; padding-top:10px;\" class=\"hupso-share-buttons\"><!-- Hupso Share Buttons - https:\/\/www.hupso.com\/share\/ --><a class=\"hupso_toolbar\" href=\"https:\/\/www.hupso.com\/share\/\"><img src=\"http:\/\/static.hupso.com\/share\/buttons\/lang\/es\/share-medium.png\" style=\"border:0px; padding-top: 5px; float:left;\" alt=\"Share Button\"\/><\/a><script type=\"text\/javascript\">var hupso_services_t=new Array(\"Twitter\",\"Facebook\",\"Google Plus\",\"Pinterest\",\"Linkedin\",\"Email\",\"Print\");var hupso_background_t=\"#EAF4FF\";var hupso_border_t=\"#66CCFF\";var hupso_toolbar_size_t=\"medium\";var hupso_image_folder_url = \"\";var hupso_twitter_via=\"hectorops\";var hupso_url_t=\"\";var hupso_title_t=\"REFLEXI%C3%93N%20PARA%20EL%20JUEVES%20DE%20LA%20S%C3%89PTIMA%20SEMANA%20DE%20PASCUA%2016-05-13\";<\/script><script type=\"text\/javascript\" src=\"http:\/\/static.hupso.com\/share\/js\/share_toolbar.js\"><\/script><!-- Hupso Share Buttons --><\/div>","protected":false},"author":1,"featured_media":0,"comment_status":"open","ping_status":"open","sticky":false,"template":"","format":"standard","meta":{"jetpack_post_was_ever_published":false,"_jetpack_newsletter_access":"","_jetpack_newsletter_tier_id":0,"jetpack_publicize_message":"","jetpack_is_tweetstorm":false,"jetpack_publicize_feature_enabled":true,"jetpack_social_post_already_shared":true,"jetpack_social_options":{"image_generator_settings":{"template":"highway","enabled":false}}},"categories":[1],"tags":[30,3,29,96,138,42,2],"jetpack_publicize_connections":[],"jetpack_featured_media_url":"","jetpack_shortlink":"https:\/\/wp.me\/p3bBgS-gz","jetpack_sharing_enabled":true,"jetpack_likes_enabled":true,"_links":{"self":[{"href":"http:\/\/delamanodemaria.com\/index.php?rest_route=\/wp\/v2\/posts\/1027"}],"collection":[{"href":"http:\/\/delamanodemaria.com\/index.php?rest_route=\/wp\/v2\/posts"}],"about":[{"href":"http:\/\/delamanodemaria.com\/index.php?rest_route=\/wp\/v2\/types\/post"}],"author":[{"embeddable":true,"href":"http:\/\/delamanodemaria.com\/index.php?rest_route=\/wp\/v2\/users\/1"}],"replies":[{"embeddable":true,"href":"http:\/\/delamanodemaria.com\/index.php?rest_route=%2Fwp%2Fv2%2Fcomments&post=1027"}],"version-history":[{"count":4,"href":"http:\/\/delamanodemaria.com\/index.php?rest_route=\/wp\/v2\/posts\/1027\/revisions"}],"predecessor-version":[{"id":1033,"href":"http:\/\/delamanodemaria.com\/index.php?rest_route=\/wp\/v2\/posts\/1027\/revisions\/1033"}],"wp:attachment":[{"href":"http:\/\/delamanodemaria.com\/index.php?rest_route=%2Fwp%2Fv2%2Fmedia&parent=1027"}],"wp:term":[{"taxonomy":"category","embeddable":true,"href":"http:\/\/delamanodemaria.com\/index.php?rest_route=%2Fwp%2Fv2%2Fcategories&post=1027"},{"taxonomy":"post_tag","embeddable":true,"href":"http:\/\/delamanodemaria.com\/index.php?rest_route=%2Fwp%2Fv2%2Ftags&post=1027"}],"curies":[{"name":"wp","href":"https:\/\/api.w.org\/{rel}","templated":true}]}}