{"id":1034,"date":"2013-05-16T15:14:03","date_gmt":"2013-05-16T19:14:03","guid":{"rendered":"http:\/\/delamanodemaria.com\/?p=1034"},"modified":"2013-05-16T16:36:48","modified_gmt":"2013-05-16T20:36:48","slug":"la-iglesia-necesita-fervor-apostolico-y-no-cristianos-de-salon-dice-francisco","status":"publish","type":"post","link":"http:\/\/delamanodemaria.com\/?p=1034","title":{"rendered":"La Iglesia necesita fervor apost\u00f3lico y no cristianos de sal\u00f3n, dice Francisco"},"content":{"rendered":"<p><a href=\"http:\/\/delamanodemaria.com\/wp-content\/uploads\/2013\/05\/papa-francisco1.jpg\"><img decoding=\"async\" loading=\"lazy\" class=\"alignnone size-full wp-image-961\" alt=\"papa-francisco1\" src=\"http:\/\/delamanodemaria.com\/wp-content\/uploads\/2013\/05\/papa-francisco1.jpg\" width=\"640\" height=\"480\" srcset=\"http:\/\/delamanodemaria.com\/wp-content\/uploads\/2013\/05\/papa-francisco1.jpg 640w, http:\/\/delamanodemaria.com\/wp-content\/uploads\/2013\/05\/papa-francisco1-300x225.jpg 300w, http:\/\/delamanodemaria.com\/wp-content\/uploads\/2013\/05\/papa-francisco1-400x300.jpg 400w\" sizes=\"(max-width: 640px) 100vw, 640px\" \/><\/a><\/p>\n<p>VATICANO, 16 May. 13 \/ 10:49 am (<a href=\"http:\/\/www.aciprensa.com\/\" target=\"_self\"><b>ACI\/EWTN Noticias<\/b><\/a>).- El Papa Francisco se\u00f1al\u00f3 esta ma\u00f1ana que la <a href=\"http:\/\/www.aciprensa.com\/iglesia\/index.html\">Iglesia<\/a> necesita cristianos con fervor apost\u00f3lico y no cristianos de sal\u00f3n que no lo viven, a ejemplo de San Pablo que anunci\u00f3 el Evangelio siempre con coraje.<\/p>\n<p>En la <a href=\"http:\/\/www.aciprensa.com\/Eucaristia\/index.html\">Misa<\/a>, que concelebr\u00f3 con&#8230; <a href=\"http:\/\/www.aciprensa.com\/noticias\/la-iglesia-necesita-fervor-apostolico-y-no-cristianos-de-salon-dice-francisco-44471\/#.UZUvCUvD92E\" target=\"_blank\"><span style=\"color: #000080;\">[continuar leyendo]<\/span><\/a><\/p>\n<p>Ver video:<\/p>\n<p><iframe loading=\"lazy\" src=\"http:\/\/www.youtube.com\/embed\/BrOMHdLOjBU\" height=\"315\" width=\"560\" allowfullscreen=\"\" frameborder=\"0\"><\/iframe><\/p>\n<div style=\"padding-bottom:20px; padding-top:10px;\" class=\"hupso-share-buttons\"><!-- Hupso Share Buttons - https:\/\/www.hupso.com\/share\/ --><a class=\"hupso_toolbar\" href=\"https:\/\/www.hupso.com\/share\/\"><img src=\"http:\/\/static.hupso.com\/share\/buttons\/lang\/es\/share-medium.png\" style=\"border:0px; padding-top: 5px; float:left;\" alt=\"Share Button\"\/><\/a><script type=\"text\/javascript\">var hupso_services_t=new Array(\"Twitter\",\"Facebook\",\"Google Plus\",\"Pinterest\",\"Linkedin\",\"Email\",\"Print\");var hupso_background_t=\"#EAF4FF\";var hupso_border_t=\"#66CCFF\";var hupso_toolbar_size_t=\"medium\";var hupso_image_folder_url = \"\";var hupso_twitter_via=\"hectorops\";var hupso_url_t=\"\";var hupso_title_t=\"La%20Iglesia%20necesita%20fervor%20apost%C3%B3lico%20y%20no%20cristianos%20de%20sal%C3%B3n%2C%20dice%20Francisco\";<\/script><script type=\"text\/javascript\" src=\"http:\/\/static.hupso.com\/share\/js\/share_toolbar.js\"><\/script><!-- Hupso Share Buttons --><\/div>","protected":false},"excerpt":{"rendered":"<p>VATICANO, 16 May. 13 \/ 10:49 am (ACI\/EWTN Noticias).- El Papa Francisco se\u00f1al\u00f3 esta ma\u00f1ana que la Iglesia necesita cristianos con fervor apost\u00f3lico y no cristianos de sal\u00f3n que no lo viven, a ejemplo de San Pablo que anunci\u00f3 el &hellip; <a href=\"http:\/\/delamanodemaria.com\/?p=1034\">Continue reading <span class=\"meta-nav\">&rarr;<\/span><\/a><\/p>\n<div style=\"padding-bottom:20px; padding-top:10px;\" class=\"hupso-share-buttons\"><!-- Hupso Share Buttons - https:\/\/www.hupso.com\/share\/ --><a class=\"hupso_toolbar\" href=\"https:\/\/www.hupso.com\/share\/\"><img src=\"http:\/\/static.hupso.com\/share\/buttons\/lang\/es\/share-medium.png\" style=\"border:0px; padding-top: 5px; float:left;\" alt=\"Share Button\"\/><\/a><script type=\"text\/javascript\">var hupso_services_t=new Array(\"Twitter\",\"Facebook\",\"Google Plus\",\"Pinterest\",\"Linkedin\",\"Email\",\"Print\");var hupso_background_t=\"#EAF4FF\";var hupso_border_t=\"#66CCFF\";var hupso_toolbar_size_t=\"medium\";var hupso_image_folder_url = \"\";var hupso_twitter_via=\"hectorops\";var hupso_url_t=\"\";var hupso_title_t=\"La%20Iglesia%20necesita%20fervor%20apost%C3%B3lico%20y%20no%20cristianos%20de%20sal%C3%B3n%2C%20dice%20Francisco\";<\/script><script type=\"text\/javascript\" src=\"http:\/\/static.hupso.com\/share\/js\/share_toolbar.js\"><\/script><!-- Hupso Share Buttons --><\/div>","protected":false},"author":1,"featured_media":0,"comment_status":"open","ping_status":"open","sticky":false,"template":"","format":"standard","meta":{"jetpack_post_was_ever_published":false,"_jetpack_newsletter_access":"","_jetpack_newsletter_tier_id":0,"jetpack_publicize_message":"","jetpack_is_tweetstorm":false,"jetpack_publicize_feature_enabled":true,"jetpack_social_post_already_shared":true,"jetpack_social_options":{"image_generator_settings":{"template":"highway","enabled":false}}},"categories":[1],"tags":[33,35,49,139,6,111,11,20,77],"jetpack_publicize_connections":[],"jetpack_featured_media_url":"","jetpack_shortlink":"https:\/\/wp.me\/p3bBgS-gG","jetpack_sharing_enabled":true,"jetpack_likes_enabled":true,"_links":{"self":[{"href":"http:\/\/delamanodemaria.com\/index.php?rest_route=\/wp\/v2\/posts\/1034"}],"collection":[{"href":"http:\/\/delamanodemaria.com\/index.php?rest_route=\/wp\/v2\/posts"}],"about":[{"href":"http:\/\/delamanodemaria.com\/index.php?rest_route=\/wp\/v2\/types\/post"}],"author":[{"embeddable":true,"href":"http:\/\/delamanodemaria.com\/index.php?rest_route=\/wp\/v2\/users\/1"}],"replies":[{"embeddable":true,"href":"http:\/\/delamanodemaria.com\/index.php?rest_route=%2Fwp%2Fv2%2Fcomments&post=1034"}],"version-history":[{"count":4,"href":"http:\/\/delamanodemaria.com\/index.php?rest_route=\/wp\/v2\/posts\/1034\/revisions"}],"predecessor-version":[{"id":1038,"href":"http:\/\/delamanodemaria.com\/index.php?rest_route=\/wp\/v2\/posts\/1034\/revisions\/1038"}],"wp:attachment":[{"href":"http:\/\/delamanodemaria.com\/index.php?rest_route=%2Fwp%2Fv2%2Fmedia&parent=1034"}],"wp:term":[{"taxonomy":"category","embeddable":true,"href":"http:\/\/delamanodemaria.com\/index.php?rest_route=%2Fwp%2Fv2%2Fcategories&post=1034"},{"taxonomy":"post_tag","embeddable":true,"href":"http:\/\/delamanodemaria.com\/index.php?rest_route=%2Fwp%2Fv2%2Ftags&post=1034"}],"curies":[{"name":"wp","href":"https:\/\/api.w.org\/{rel}","templated":true}]}}