{"id":10369,"date":"2018-09-03T19:53:09","date_gmt":"2018-09-03T23:53:09","guid":{"rendered":"http:\/\/delamanodemaria.com\/?p=10369"},"modified":"2018-09-03T19:53:17","modified_gmt":"2018-09-03T23:53:17","slug":"reflexion-para-el-martes-de-la-vigesimo-segunda-semana-del-t-o-2-04-09-18","status":"publish","type":"post","link":"http:\/\/delamanodemaria.com\/?p=10369","title":{"rendered":"REFLEXI\u00d3N PARA EL MARTES DE LA VIG\u00c9SIMO SEGUNDA SEMANA DEL T.O. (2) 04-09-18"},"content":{"rendered":"\n<figure class=\"wp-block-image\"><img decoding=\"async\" loading=\"lazy\" width=\"594\" height=\"396\" src=\"http:\/\/delamanodemaria.com\/wp-content\/uploads\/2018\/09\/Jesus-sana-a-endemoniado-sm.jpg\" alt=\"\" class=\"wp-image-10371\" srcset=\"http:\/\/delamanodemaria.com\/wp-content\/uploads\/2018\/09\/Jesus-sana-a-endemoniado-sm.jpg 594w, http:\/\/delamanodemaria.com\/wp-content\/uploads\/2018\/09\/Jesus-sana-a-endemoniado-sm-300x200.jpg 300w, http:\/\/delamanodemaria.com\/wp-content\/uploads\/2018\/09\/Jesus-sana-a-endemoniado-sm-450x300.jpg 450w\" sizes=\"(max-width: 594px) 100vw, 594px\" \/><\/figure>\n\n\n\n<p>\u201c\u00bfQui\u00e9n conoce lo \u00edntimo del hombre, sino el esp\u00edritu del hombre, que est\u00e1 dentro de \u00e9l? Pues, lo mismo, lo \u00edntimo de Dios lo conoce s\u00f3lo el Esp\u00edritu de Dios\u201d. La primera lectura de hoy (1 Cor 2,10b-16), contin\u00faa el pensamiento de la primera lectura de ayer, y nos recuerda que para poder explicar a otros las verdades espirituales, \u201cno las exponemos en el lenguaje que ense\u00f1a el saber humano, sino en el que ense\u00f1a el Esp\u00edritu, expresando realidades espirituales en t\u00e9rminos espirituales\u201d.<\/p>\n\n\n\n<p>El relato evang\u00e9lico, por su parte (Lc 4,31-37), nos narra el primer milagro de la \u201cvida p\u00fablica\u201d de Jes\u00fas recogida en los evangelios sin\u00f3pticos. Jes\u00fas acababa de pronunciar su \u201cdiscurso program\u00e1tico\u201d en la sinagoga de Nazaret (Lc 4,18-21). De ah\u00ed baj\u00f3 a Cafarna\u00fan, ciudad que se convirti\u00f3 en el \u201ccentro de operaciones\u201d de su actividad misionera. Nos dice el Evangelio que all\u00ed Jes\u00fas ense\u00f1aba en la sinagoga los s\u00e1bados. Estando en la sinagoga, se suscit\u00f3 el episodio del hombre endemoniado que nos narra la lectura de hoy, y la expulsi\u00f3n del demonio que le pose\u00eda.<\/p>\n\n\n\n<p>Se trata de uno de los llamados \u201cexorcismos\u201d realizados por Jes\u00fas. Aunque los ex\u00e9getas est\u00e1n de acuerdo que muchas de esas \u201cposesiones\u201d son en realidad enfermedades como epilepsia o des\u00f3rdenes mentales, lo cierto es que, no importa c\u00f3mo las cataloguemos, Jes\u00fas demuestra su poder sobre ellas. Poder que se manifiesta a trav\u00e9s de su Palabra.<\/p>\n\n\n\n<p>Actualizando ese pasaje a nuestra realidad, si nos examinamos a conciencia, podemos identificar aquellos \u201cdemonios\u201d que nos impiden llegar a Jes\u00fas y nos mantienen alejados de \u00c9l y de su mensaje liberador. Esos demonios que cuando Jes\u00fas se nos acerca le gritan: \u201c\u00bfQu\u00e9 quieres de nosotros, Jes\u00fas Nazareno? \u00bfHas venido a acabar con nosotros?\u201d<\/p>\n\n\n\n<p>Si abrimos nuestro coraz\u00f3n al Amor de Jes\u00fas, y nuestros o\u00eddos a su Palabra, esta dir\u00e1 a nuestros demonios: \u201c\u00a1Cierra la boca y sal!\u201d. Entonces quedaremos liberados de esos demonios que nos manten\u00edan encadenados, y que no pueden resistirse ante el poder esa Palabra que hac\u00eda decir a los que ve\u00edan a Jes\u00fas: \u201c\u00bfQu\u00e9 tiene su palabra? Da \u00f3rdenes con autoridad y poder a los esp\u00edritus inmundos, y salen.\u201d De ese modo podremos predicar la Palabra de Dios, \u201cno en el lenguaje que ense\u00f1a el saber humano, sino en el que ense\u00f1a el Esp\u00edritu, expresando realidades espirituales en t\u00e9rminos espirituales\u201d, tal como nos dice san Pablo en la primera lectura de hoy.<\/p>\n\n\n\n<p>Es la victoria del Amor infinito de Jes\u00fas que vence nuestras debilidades, nuestras impurezas, nuestros ego\u00edsmos, nuestros \u201cdemonios\u201d. Hoy es un buen d\u00eda para hacer examen de conciencia y preguntarnos: \u00bfcu\u00e1les son mis \u201cdemonios\u201d, esos que me impiden abrir mi coraz\u00f3n para recibir el torrente de Amor que Dios derrama sobre m\u00ed en el Esp\u00edritu Santo?<\/p>\n\n\n\n<p>En este d\u00eda pidamos a Jes\u00fas que con el poder infinito de su Palabra nos libere de todos aquellos demonios que nos mantienen encadenados y apartados de \u00c9l, para que podamos disfrutar de la verdadera libertad que representa el participar junto a \u00c9l de la filiaci\u00f3n divina.<\/p>\n<div style=\"padding-bottom:20px; padding-top:10px;\" class=\"hupso-share-buttons\"><!-- Hupso Share Buttons - https:\/\/www.hupso.com\/share\/ --><a class=\"hupso_toolbar\" href=\"https:\/\/www.hupso.com\/share\/\"><img src=\"http:\/\/static.hupso.com\/share\/buttons\/lang\/es\/share-medium.png\" style=\"border:0px; padding-top: 5px; float:left;\" alt=\"Share Button\"\/><\/a><script type=\"text\/javascript\">var hupso_services_t=new Array(\"Twitter\",\"Facebook\",\"Google Plus\",\"Pinterest\",\"Linkedin\",\"Email\",\"Print\");var hupso_background_t=\"#EAF4FF\";var hupso_border_t=\"#66CCFF\";var hupso_toolbar_size_t=\"medium\";var hupso_image_folder_url = \"\";var hupso_twitter_via=\"hectorops\";var hupso_url_t=\"\";var hupso_title_t=\"REFLEXI%C3%93N%20PARA%20EL%20MARTES%20DE%20LA%20VIG%C3%89SIMO%20SEGUNDA%20SEMANA%20DEL%20T.O.%20%282%29%2004-09-18\";<\/script><script type=\"text\/javascript\" src=\"http:\/\/static.hupso.com\/share\/js\/share_toolbar.js\"><\/script><!-- Hupso Share Buttons --><\/div>","protected":false},"excerpt":{"rendered":"<p>\u201c\u00bfQui\u00e9n conoce lo \u00edntimo del hombre, sino el esp\u00edritu del hombre, que est\u00e1 dentro de \u00e9l? Pues, lo mismo, lo \u00edntimo de Dios lo conoce s\u00f3lo el Esp\u00edritu de Dios\u201d. La primera lectura de hoy (1 Cor 2,10b-16), contin\u00faa el &hellip; <a href=\"http:\/\/delamanodemaria.com\/?p=10369\">Continue reading <span class=\"meta-nav\">&rarr;<\/span><\/a><\/p>\n<div style=\"padding-bottom:20px; padding-top:10px;\" class=\"hupso-share-buttons\"><!-- Hupso Share Buttons - https:\/\/www.hupso.com\/share\/ --><a class=\"hupso_toolbar\" href=\"https:\/\/www.hupso.com\/share\/\"><img src=\"http:\/\/static.hupso.com\/share\/buttons\/lang\/es\/share-medium.png\" style=\"border:0px; padding-top: 5px; float:left;\" alt=\"Share Button\"\/><\/a><script type=\"text\/javascript\">var hupso_services_t=new Array(\"Twitter\",\"Facebook\",\"Google Plus\",\"Pinterest\",\"Linkedin\",\"Email\",\"Print\");var hupso_background_t=\"#EAF4FF\";var hupso_border_t=\"#66CCFF\";var hupso_toolbar_size_t=\"medium\";var hupso_image_folder_url = \"\";var hupso_twitter_via=\"hectorops\";var hupso_url_t=\"\";var hupso_title_t=\"REFLEXI%C3%93N%20PARA%20EL%20MARTES%20DE%20LA%20VIG%C3%89SIMO%20SEGUNDA%20SEMANA%20DEL%20T.O.%20%282%29%2004-09-18\";<\/script><script type=\"text\/javascript\" src=\"http:\/\/static.hupso.com\/share\/js\/share_toolbar.js\"><\/script><!-- Hupso Share Buttons --><\/div>","protected":false},"author":1,"featured_media":10371,"comment_status":"open","ping_status":"open","sticky":false,"template":"","format":"standard","meta":{"jetpack_post_was_ever_published":false,"_jetpack_newsletter_access":"","_jetpack_newsletter_tier_id":0,"jetpack_publicize_message":"","jetpack_is_tweetstorm":false,"jetpack_publicize_feature_enabled":true,"jetpack_social_post_already_shared":true,"jetpack_social_options":{"image_generator_settings":{"template":"highway","enabled":false}}},"categories":[1],"tags":[586,756,121,143,618,299,274,1464,2501,1465,1204,501,2142,2,270,722,617],"jetpack_publicize_connections":[],"jetpack_featured_media_url":"http:\/\/delamanodemaria.com\/wp-content\/uploads\/2018\/09\/Jesus-sana-a-endemoniado-sm.jpg","jetpack_shortlink":"https:\/\/wp.me\/p3bBgS-2Hf","jetpack_sharing_enabled":true,"jetpack_likes_enabled":true,"_links":{"self":[{"href":"http:\/\/delamanodemaria.com\/index.php?rest_route=\/wp\/v2\/posts\/10369"}],"collection":[{"href":"http:\/\/delamanodemaria.com\/index.php?rest_route=\/wp\/v2\/posts"}],"about":[{"href":"http:\/\/delamanodemaria.com\/index.php?rest_route=\/wp\/v2\/types\/post"}],"author":[{"embeddable":true,"href":"http:\/\/delamanodemaria.com\/index.php?rest_route=\/wp\/v2\/users\/1"}],"replies":[{"embeddable":true,"href":"http:\/\/delamanodemaria.com\/index.php?rest_route=%2Fwp%2Fv2%2Fcomments&post=10369"}],"version-history":[{"count":3,"href":"http:\/\/delamanodemaria.com\/index.php?rest_route=\/wp\/v2\/posts\/10369\/revisions"}],"predecessor-version":[{"id":10373,"href":"http:\/\/delamanodemaria.com\/index.php?rest_route=\/wp\/v2\/posts\/10369\/revisions\/10373"}],"wp:featuredmedia":[{"embeddable":true,"href":"http:\/\/delamanodemaria.com\/index.php?rest_route=\/wp\/v2\/media\/10371"}],"wp:attachment":[{"href":"http:\/\/delamanodemaria.com\/index.php?rest_route=%2Fwp%2Fv2%2Fmedia&parent=10369"}],"wp:term":[{"taxonomy":"category","embeddable":true,"href":"http:\/\/delamanodemaria.com\/index.php?rest_route=%2Fwp%2Fv2%2Fcategories&post=10369"},{"taxonomy":"post_tag","embeddable":true,"href":"http:\/\/delamanodemaria.com\/index.php?rest_route=%2Fwp%2Fv2%2Ftags&post=10369"}],"curies":[{"name":"wp","href":"https:\/\/api.w.org\/{rel}","templated":true}]}}