{"id":1042,"date":"2013-05-17T00:39:05","date_gmt":"2013-05-17T04:39:05","guid":{"rendered":"http:\/\/delamanodemaria.com\/?p=1042"},"modified":"2013-05-17T10:26:40","modified_gmt":"2013-05-17T14:26:40","slug":"reflexion-para-el-viernes-de-la-septima-semana-de-pascua-17-05-13","status":"publish","type":"post","link":"http:\/\/delamanodemaria.com\/?p=1042","title":{"rendered":"REFLEXI\u00d3N PARA EL VIERNES DE LA S\u00c9PTIMA SEMANA DE PASCUA 17-05-13"},"content":{"rendered":"<p><span style=\"font-size: large;\">Ya en el umbral de Pentecost\u00e9s, la liturgia nos propone como lectura evang\u00e9lica (Jn 21,15-19) la conclusi\u00f3n del Evangelio seg\u00fan san Juan, que nos ha acompa\u00f1ado durante pr\u00e1cticamente toda la Pascua. Este pasaje constituye, junto a Mt 16,18, lo que tal vez sea el argumento b\u00edblico m\u00e1s decisivo sobre el primado de Pedro en la Iglesia universal.<\/span><\/p>\n<p><span style=\"font-size: large;\">Jes\u00fas, en su infinita pero misteriosa sabidur\u00eda, ha escogido a uno de sus amigos \u00edntimos para que \u201capaciente sus corderos\u201d, \u201cpastoree sus ovejas\u201d. S\u00ed, al mismo Pedro que, luego de haber asegurado que estaba dispuesto a dar su vida por \u00c9l (Jn 13,37), hab\u00eda terminado neg\u00e1ndolo tres veces (Mt 26,69-75). Mientras las multitudes segu\u00edan y aclamaban a Jes\u00fas, era f\u00e1cil decir que estaba dispuesto a dar la vida por \u00c9l. Cuando se vieron rodeados de soldados y amenazados, ese entusiasmo se esfum\u00f3. Trato de imaginarme la angustia, la frustraci\u00f3n, la verg\u00fcenza que sinti\u00f3 Pedro al recordar las palabras de Jes\u00fas cuando le dijo que antes de que cantara el gallo le habr\u00eda negado tres veces.<\/span><\/p>\n<p><span style=\"font-size: large;\">Ahora se encuentran por \u00faltima vez, luego del suceso traum\u00e1tico de la muerte de Jes\u00fas y su posterior resurrecci\u00f3n. Ya todos comprend\u00edan lo que Jes\u00fas les hab\u00eda adelantado sobre su resurrecci\u00f3n. Una vez m\u00e1s el ambiente es de sobremesa; acababan de consumir parte del producto de la pesca milagrosa, y Jes\u00fas y su amigo Pedro tienen un \u201caparte\u201d, probablemente tomando un corto paseo a orillas del lago de Tiber\u00edades. Jes\u00fas quiere confiarle a Pedro el reba\u00f1o que con tanto amor \u00c9l hab\u00eda juntado. Por eso el di\u00e1logo gira en torno al principal requisito que tiene que cumplir el que vaya a asumir semejante tarea: el amor.<\/span><\/p>\n<p><span style=\"font-size: large;\">Jes\u00fas conoce lo que hay en nuestros corazones, al punto que las palabras a veces pueden hasta tornarse en obst\u00e1culos. Pero aun as\u00ed le pregunta tres veces (el mismo n\u00famero de las negaciones): \u201c\u00bfme amas m\u00e1s que \u00e9stos?\u201d; \u201c\u00bfme amas?\u201d; \u201c\u00bfme quieres?\u201d. Nos dice la escritura que a la tercera pregunta Pedro \u201cse entristeci\u00f3\u201d. Probablemente record\u00f3 las negaciones, y tambi\u00e9n cuando su mirada se cruz\u00f3 con la de Jes\u00fas en casa de Caif\u00e1s. Jes\u00fas sabe que Pedro le ama, pero quiere que Pedro est\u00e9 seguro que le ama. Porque la labor que le va a encomendar es una de amor, pues solo el que ama con humildad puede predicar el amor.<\/span><\/p>\n<p><span style=\"font-size: large;\">Jes\u00fas le est\u00e1 confiando su m\u00e1s preciado tesoro, y le est\u00e1 pidiendo que ese mismo amor que le tiene a \u00c9l lo demuestre en su entrega incondicional ese \u201creba\u00f1o\u201d. Despu\u00e9s de todo, la misi\u00f3n de Pedro, junto a los dem\u00e1s disc\u00edpulos va a ser solo una: predicar el amor a todo el mundo. Esa es tambi\u00e9n nuestra misi\u00f3n, y sobre esa gesti\u00f3n hemos de rendir cuentas. Como nos dijo san Juan de la Cruz: \u201cAl atardecer de la vida, seremos examinados en el amor\u201d.<\/span><\/p>\n<p><span style=\"font-size: large;\">Consciente del alcance y significado de la pregunta, cierra los ojos y contesta la pregunta que Jes\u00fas te est\u00e1 haciendo: \u201c\u00bfme amas?\u201d<\/span><\/p>\n<div style=\"padding-bottom:20px; padding-top:10px;\" class=\"hupso-share-buttons\"><!-- Hupso Share Buttons - https:\/\/www.hupso.com\/share\/ --><a class=\"hupso_toolbar\" href=\"https:\/\/www.hupso.com\/share\/\"><img src=\"http:\/\/static.hupso.com\/share\/buttons\/lang\/es\/share-medium.png\" style=\"border:0px; padding-top: 5px; float:left;\" alt=\"Share Button\"\/><\/a><script type=\"text\/javascript\">var hupso_services_t=new Array(\"Twitter\",\"Facebook\",\"Google Plus\",\"Pinterest\",\"Linkedin\",\"Email\",\"Print\");var hupso_background_t=\"#EAF4FF\";var hupso_border_t=\"#66CCFF\";var hupso_toolbar_size_t=\"medium\";var hupso_image_folder_url = \"\";var hupso_twitter_via=\"hectorops\";var hupso_url_t=\"\";var hupso_title_t=\"REFLEXI%C3%93N%20PARA%20EL%20VIERNES%20DE%20LA%20S%C3%89PTIMA%20SEMANA%20DE%20PASCUA%2017-05-13\";<\/script><script type=\"text\/javascript\" src=\"http:\/\/static.hupso.com\/share\/js\/share_toolbar.js\"><\/script><!-- Hupso Share Buttons --><\/div>","protected":false},"excerpt":{"rendered":"<p>Ya en el umbral de Pentecost\u00e9s, la liturgia nos propone como lectura evang\u00e9lica (Jn 21,15-19) la conclusi\u00f3n del Evangelio seg\u00fan san Juan, que nos ha acompa\u00f1ado durante pr\u00e1cticamente toda la Pascua. Este pasaje constituye, junto a Mt 16,18, lo que &hellip; <a href=\"http:\/\/delamanodemaria.com\/?p=1042\">Continue reading <span class=\"meta-nav\">&rarr;<\/span><\/a><\/p>\n<div style=\"padding-bottom:20px; padding-top:10px;\" class=\"hupso-share-buttons\"><!-- Hupso Share Buttons - https:\/\/www.hupso.com\/share\/ --><a class=\"hupso_toolbar\" href=\"https:\/\/www.hupso.com\/share\/\"><img src=\"http:\/\/static.hupso.com\/share\/buttons\/lang\/es\/share-medium.png\" style=\"border:0px; padding-top: 5px; float:left;\" alt=\"Share Button\"\/><\/a><script type=\"text\/javascript\">var hupso_services_t=new Array(\"Twitter\",\"Facebook\",\"Google Plus\",\"Pinterest\",\"Linkedin\",\"Email\",\"Print\");var hupso_background_t=\"#EAF4FF\";var hupso_border_t=\"#66CCFF\";var hupso_toolbar_size_t=\"medium\";var hupso_image_folder_url = \"\";var hupso_twitter_via=\"hectorops\";var hupso_url_t=\"\";var hupso_title_t=\"REFLEXI%C3%93N%20PARA%20EL%20VIERNES%20DE%20LA%20S%C3%89PTIMA%20SEMANA%20DE%20PASCUA%2017-05-13\";<\/script><script type=\"text\/javascript\" src=\"http:\/\/static.hupso.com\/share\/js\/share_toolbar.js\"><\/script><!-- Hupso Share Buttons --><\/div>","protected":false},"author":1,"featured_media":0,"comment_status":"open","ping_status":"open","sticky":false,"template":"","format":"standard","meta":{"jetpack_post_was_ever_published":false,"_jetpack_newsletter_access":"","_jetpack_newsletter_tier_id":0,"jetpack_publicize_message":"","jetpack_is_tweetstorm":false,"jetpack_publicize_feature_enabled":true,"jetpack_social_post_already_shared":true,"jetpack_social_options":{"image_generator_settings":{"template":"highway","enabled":false}}},"categories":[1],"tags":[30,3,139,42,140,2,141],"jetpack_publicize_connections":[],"jetpack_featured_media_url":"","jetpack_shortlink":"https:\/\/wp.me\/p3bBgS-gO","jetpack_sharing_enabled":true,"jetpack_likes_enabled":true,"_links":{"self":[{"href":"http:\/\/delamanodemaria.com\/index.php?rest_route=\/wp\/v2\/posts\/1042"}],"collection":[{"href":"http:\/\/delamanodemaria.com\/index.php?rest_route=\/wp\/v2\/posts"}],"about":[{"href":"http:\/\/delamanodemaria.com\/index.php?rest_route=\/wp\/v2\/types\/post"}],"author":[{"embeddable":true,"href":"http:\/\/delamanodemaria.com\/index.php?rest_route=\/wp\/v2\/users\/1"}],"replies":[{"embeddable":true,"href":"http:\/\/delamanodemaria.com\/index.php?rest_route=%2Fwp%2Fv2%2Fcomments&post=1042"}],"version-history":[{"count":2,"href":"http:\/\/delamanodemaria.com\/index.php?rest_route=\/wp\/v2\/posts\/1042\/revisions"}],"predecessor-version":[{"id":1045,"href":"http:\/\/delamanodemaria.com\/index.php?rest_route=\/wp\/v2\/posts\/1042\/revisions\/1045"}],"wp:attachment":[{"href":"http:\/\/delamanodemaria.com\/index.php?rest_route=%2Fwp%2Fv2%2Fmedia&parent=1042"}],"wp:term":[{"taxonomy":"category","embeddable":true,"href":"http:\/\/delamanodemaria.com\/index.php?rest_route=%2Fwp%2Fv2%2Fcategories&post=1042"},{"taxonomy":"post_tag","embeddable":true,"href":"http:\/\/delamanodemaria.com\/index.php?rest_route=%2Fwp%2Fv2%2Ftags&post=1042"}],"curies":[{"name":"wp","href":"https:\/\/api.w.org\/{rel}","templated":true}]}}