{"id":10429,"date":"2018-09-15T17:01:02","date_gmt":"2018-09-15T21:01:02","guid":{"rendered":"http:\/\/delamanodemaria.com\/?p=10429"},"modified":"2018-09-15T17:01:10","modified_gmt":"2018-09-15T21:01:10","slug":"reflexion-para-el-vigesimo-cuarto-domingo-del-t-o-b-16-09-18","status":"publish","type":"post","link":"http:\/\/delamanodemaria.com\/?p=10429","title":{"rendered":"REFLEXI\u00d3N PARA EL VIG\u00c9SIMO CUARTO DOMINGO DEL T.O. (B) 16-09-18"},"content":{"rendered":"\n<figure class=\"wp-block-image\"><img decoding=\"async\" loading=\"lazy\" width=\"600\" height=\"285\" src=\"http:\/\/delamanodemaria.com\/wp-content\/uploads\/2015\/09\/Y-ustedes-quien-dicen-que-soy-yo.jpg\" alt=\"\" class=\"wp-image-6048\" srcset=\"http:\/\/delamanodemaria.com\/wp-content\/uploads\/2015\/09\/Y-ustedes-quien-dicen-que-soy-yo.jpg 600w, http:\/\/delamanodemaria.com\/wp-content\/uploads\/2015\/09\/Y-ustedes-quien-dicen-que-soy-yo-300x143.jpg 300w, http:\/\/delamanodemaria.com\/wp-content\/uploads\/2015\/09\/Y-ustedes-quien-dicen-que-soy-yo-500x238.jpg 500w\" sizes=\"(max-width: 600px) 100vw, 600px\" \/><\/figure>\n\n\n\n<p>Las lecturas que nos presenta la liturgia para hoy (Is 50,5-9a; Sal 114; St 2,14-18; y Mc 8,27-35) son tan ricas en simbolismo y doctrina, que resulta dif\u00edcil escoger uno o dos vers\u00edculos para reflexionar en estas cortas l\u00edneas.<\/p>\n\n\n\n<p>El evangelio nos presenta el pasaje de la profesi\u00f3n de fe de Pedro. Luego de realizar una \u201cencuesta\u201d entre sus disc\u00edpulos sobre qui\u00e9n dec\u00eda la gente que \u00c9l era, Pedro, iluminado por el Esp\u00edritu Santo, exclam\u00f3: \u201cT\u00fa eres el Mes\u00edas\u201d. A esa profesi\u00f3n de fe le sigue el pedido de Jes\u00fas a sus disc\u00edpulos de guardar silencio al respecto. Pero como no hay profesi\u00f3n de fe sin prueba (1 Pe 1,7), Jes\u00fas no pierde tiempo en anunciar el camino que le espera: \u201cEl Hijo del hombre tiene que padecer mucho, tiene que ser condenado por los ancianos, sumos sacerdotes y escribas, ser ejecutado y resucitar a los tres d\u00edas\u201d. En esta expresi\u00f3n de Jes\u00fas no hay insinuaciones, ni simbolismos; es la verdad cruda y tajante de lo que le espera. Los cuatro verbos que utiliza son inequ\u00edvocos: \u201cpadecer\u201d, \u201cser condenado\u201d, \u201cser ejecutado\u201d, y \u201cresucitar\u201d.<\/p>\n\n\n\n<p>Pedro, contento de haber recibido el don de la fe que le permiti\u00f3 confesar el mesianismo de Jes\u00fas, se escandaliz\u00f3 y comenz\u00f3 a increparlo. Su naturaleza humana le imped\u00eda aquilatar el valor salv\u00edfico del camino de la pasi\u00f3n que Jes\u00fas ten\u00eda que caminar. Por eso Jes\u00fas le reprende, utilizando las mismas palabras que us\u00f3 para reprender a Satan\u00e1s cuando le tent\u00f3 en el desierto (Mt 4,10): \u201c\u00a1Qu\u00edtate de mi vista, Satan\u00e1s!\u201d. Pedro se hab\u00eda quedado en el \u201cgozo\u201d de la fe, pero no hab\u00eda podido concretizarla; no hab\u00eda alcanzado a leer la \u201cletra chica\u201d que Jes\u00fas no tarda en se\u00f1alarle: \u201cEl que quiera venirse conmigo, que se niegue a s\u00ed mismo, que cargue con su cruz y me siga. Mirad, el que quiera salvar su vida la perder\u00e1; pero el que pierda su vida por m\u00ed y por el Evangelio la salvar\u00e1\u201d. De nuevo los adjetivos inequ\u00edvocos: \u201cnegarse\u201d a s\u00ed mismo, y \u201ccargar\u201d con la Cruz.<\/p>\n\n\n\n<p>Jes\u00fas nos invita a seguirle, pero ese seguimiento no puede ser a medias, tiene que ser radical; Jes\u00fas no admite t\u00e9rminos medios ni tibiezas. \u201cNadie que pone su mano en el arado y mira hacia atr\u00e1s, es apto para el Reino de Dios\u201d (Lc 9,62). \u201cOjal\u00e1 fueras fr\u00edo o caliente. Pero como eres tibio, y no fr\u00edo ni caliente voy a vomitarte de mi boca\u201d (Ap 15b-16).<\/p>\n\n\n\n<p>Como nos dice la segunda lectura de hoy, la fe sin obras, por si sola est\u00e1 muerta. En otras palabras, \u201cno basta con creer en Jes\u00fas, hay que creerle a Jes\u00fas\u201d. Y cuando creemos en su Palabra salv\u00edfica, cualquier sufrimiento, tribulaci\u00f3n, prueba, que podamos experimentar cobra un nuevo significado, nos permite participar de la obra salvadora de Jes\u00fas. A eso se refiere Pablo cuando dice: \u201cCompleto en mi carne lo que le falta a la pasi\u00f3n de Cristo\u201d (Col 1,24).<\/p>\n\n\n\n<p>Nadie ha dicho que esto es f\u00e1cil; pero el premio que nos espera vale la pena (1 Co 9,24-25; 1 Pe 5,4). Esa promesa es la que nos permite estar alegres en la enfermedad y en la tribulaci\u00f3n. Que pasen un hermoso d\u00eda. No olviden visitar la Casa del Padre; \u00c9l les espera\u2026<\/p>\n<div style=\"padding-bottom:20px; padding-top:10px;\" class=\"hupso-share-buttons\"><!-- Hupso Share Buttons - https:\/\/www.hupso.com\/share\/ --><a class=\"hupso_toolbar\" href=\"https:\/\/www.hupso.com\/share\/\"><img src=\"http:\/\/static.hupso.com\/share\/buttons\/lang\/es\/share-medium.png\" style=\"border:0px; padding-top: 5px; float:left;\" alt=\"Share Button\"\/><\/a><script type=\"text\/javascript\">var hupso_services_t=new Array(\"Twitter\",\"Facebook\",\"Google Plus\",\"Pinterest\",\"Linkedin\",\"Email\",\"Print\");var hupso_background_t=\"#EAF4FF\";var hupso_border_t=\"#66CCFF\";var hupso_toolbar_size_t=\"medium\";var hupso_image_folder_url = \"\";var hupso_twitter_via=\"hectorops\";var hupso_url_t=\"\";var hupso_title_t=\"REFLEXI%C3%93N%20PARA%20EL%20VIG%C3%89SIMO%20CUARTO%20DOMINGO%20DEL%20T.O.%20%28B%29%2016-09-18\";<\/script><script type=\"text\/javascript\" src=\"http:\/\/static.hupso.com\/share\/js\/share_toolbar.js\"><\/script><!-- Hupso Share Buttons --><\/div>","protected":false},"excerpt":{"rendered":"<p>Las lecturas que nos presenta la liturgia para hoy (Is 50,5-9a; Sal 114; St 2,14-18; y Mc 8,27-35) son tan ricas en simbolismo y doctrina, que resulta dif\u00edcil escoger uno o dos vers\u00edculos para reflexionar en estas cortas l\u00edneas. El &hellip; <a href=\"http:\/\/delamanodemaria.com\/?p=10429\">Continue reading <span class=\"meta-nav\">&rarr;<\/span><\/a><\/p>\n<div style=\"padding-bottom:20px; padding-top:10px;\" class=\"hupso-share-buttons\"><!-- Hupso Share Buttons - https:\/\/www.hupso.com\/share\/ --><a class=\"hupso_toolbar\" href=\"https:\/\/www.hupso.com\/share\/\"><img src=\"http:\/\/static.hupso.com\/share\/buttons\/lang\/es\/share-medium.png\" style=\"border:0px; padding-top: 5px; float:left;\" alt=\"Share Button\"\/><\/a><script type=\"text\/javascript\">var hupso_services_t=new Array(\"Twitter\",\"Facebook\",\"Google Plus\",\"Pinterest\",\"Linkedin\",\"Email\",\"Print\");var hupso_background_t=\"#EAF4FF\";var hupso_border_t=\"#66CCFF\";var hupso_toolbar_size_t=\"medium\";var hupso_image_folder_url = \"\";var hupso_twitter_via=\"hectorops\";var hupso_url_t=\"\";var hupso_title_t=\"REFLEXI%C3%93N%20PARA%20EL%20VIG%C3%89SIMO%20CUARTO%20DOMINGO%20DEL%20T.O.%20%28B%29%2016-09-18\";<\/script><script type=\"text\/javascript\" src=\"http:\/\/static.hupso.com\/share\/js\/share_toolbar.js\"><\/script><!-- Hupso Share Buttons --><\/div>","protected":false},"author":1,"featured_media":6048,"comment_status":"open","ping_status":"open","sticky":false,"template":"","format":"standard","meta":{"jetpack_post_was_ever_published":false,"_jetpack_newsletter_access":"","_jetpack_newsletter_tier_id":0,"jetpack_publicize_message":"","jetpack_is_tweetstorm":false,"jetpack_publicize_feature_enabled":true,"jetpack_social_post_already_shared":true,"jetpack_social_options":{"image_generator_settings":{"template":"highway","enabled":false}}},"categories":[1],"tags":[1353,810,2525,724,22,579,1066,238,808,528,140,461,2298,2524,696,2,151,144,722],"jetpack_publicize_connections":[],"jetpack_featured_media_url":"http:\/\/delamanodemaria.com\/wp-content\/uploads\/2015\/09\/Y-ustedes-quien-dicen-que-soy-yo.jpg","jetpack_shortlink":"https:\/\/wp.me\/p3bBgS-2Id","jetpack_sharing_enabled":true,"jetpack_likes_enabled":true,"_links":{"self":[{"href":"http:\/\/delamanodemaria.com\/index.php?rest_route=\/wp\/v2\/posts\/10429"}],"collection":[{"href":"http:\/\/delamanodemaria.com\/index.php?rest_route=\/wp\/v2\/posts"}],"about":[{"href":"http:\/\/delamanodemaria.com\/index.php?rest_route=\/wp\/v2\/types\/post"}],"author":[{"embeddable":true,"href":"http:\/\/delamanodemaria.com\/index.php?rest_route=\/wp\/v2\/users\/1"}],"replies":[{"embeddable":true,"href":"http:\/\/delamanodemaria.com\/index.php?rest_route=%2Fwp%2Fv2%2Fcomments&post=10429"}],"version-history":[{"count":5,"href":"http:\/\/delamanodemaria.com\/index.php?rest_route=\/wp\/v2\/posts\/10429\/revisions"}],"predecessor-version":[{"id":10434,"href":"http:\/\/delamanodemaria.com\/index.php?rest_route=\/wp\/v2\/posts\/10429\/revisions\/10434"}],"wp:featuredmedia":[{"embeddable":true,"href":"http:\/\/delamanodemaria.com\/index.php?rest_route=\/wp\/v2\/media\/6048"}],"wp:attachment":[{"href":"http:\/\/delamanodemaria.com\/index.php?rest_route=%2Fwp%2Fv2%2Fmedia&parent=10429"}],"wp:term":[{"taxonomy":"category","embeddable":true,"href":"http:\/\/delamanodemaria.com\/index.php?rest_route=%2Fwp%2Fv2%2Fcategories&post=10429"},{"taxonomy":"post_tag","embeddable":true,"href":"http:\/\/delamanodemaria.com\/index.php?rest_route=%2Fwp%2Fv2%2Ftags&post=10429"}],"curies":[{"name":"wp","href":"https:\/\/api.w.org\/{rel}","templated":true}]}}