{"id":10440,"date":"2018-09-17T20:20:54","date_gmt":"2018-09-18T00:20:54","guid":{"rendered":"http:\/\/delamanodemaria.com\/?p=10440"},"modified":"2018-09-17T20:21:55","modified_gmt":"2018-09-18T00:21:55","slug":"reflexion-para-el-martes-de-la-vigesimo-cuarta-semana-del-t-o-2-1","status":"publish","type":"post","link":"http:\/\/delamanodemaria.com\/?p=10440","title":{"rendered":"REFLEXI\u00d3N PARA EL MARTES DE LA VIG\u00c9SIMO CUARTA SEMANA DEL T.O. (2) 18-09-18"},"content":{"rendered":"\n<figure class=\"wp-block-image\"><img decoding=\"async\" loading=\"lazy\" width=\"768\" height=\"576\" src=\"http:\/\/delamanodemaria.com\/wp-content\/uploads\/2014\/09\/CARISMAS.jpg\" alt=\"\" class=\"wp-image-4121\" srcset=\"http:\/\/delamanodemaria.com\/wp-content\/uploads\/2014\/09\/CARISMAS.jpg 768w, http:\/\/delamanodemaria.com\/wp-content\/uploads\/2014\/09\/CARISMAS-300x225.jpg 300w, http:\/\/delamanodemaria.com\/wp-content\/uploads\/2014\/09\/CARISMAS-400x300.jpg 400w\" sizes=\"(max-width: 768px) 100vw, 768px\" \/><\/figure>\n\n\n\n<p>La primera lectura de la liturgia para hoy (1 Cor 12,14.27-31a) est\u00e1 enmarcada dentro de los cap\u00edtulos 12 al 14 de la primera Carta a los Corintios, que nos presentan a la Iglesia como cuerpo m\u00edstico de Cristo. Pablo, preocupado por las divisiones que amenazaban la integridad de la joven comunidad de Corinto (que ya ve\u00edamos en la primera lectura de ayer), aprovecha la coyuntura para enfatizar que la unidad est\u00e1 en la diversidad.<\/p>\n\n\n\n<p>Debemos recordar que, a diferencia de la Antigua Alianza que se \u201cheredaba\u201d por la carne, la Nueva Alianza en la persona de Cristo se transmite por la infusi\u00f3n del Esp\u00edritu que recibimos en nuestro Bautismo. As\u00ed todos, al ser bautizados en un mismo Esp\u00edritu, a pesar de nuestras diferencias \u00e9tnicas, sociales, econ\u00f3micas, de g\u00e9nero, pasamos a formar parte de un todo, del \u201cnuevo pueblo de Dios\u201d que es la Iglesia.<\/p>\n\n\n\n<p>La lectura de hoy est\u00e1 enmarcada en los vers\u00edculos precedentes: \u201cCiertamente, hay diversidad de dones, pero todos proceden del mismo Esp\u00edritu. Hay diversidad de ministerios, pero un solo Se\u00f1or. Hay diversidad de actividades, pero es el mismo Dios el que realiza todo en todos. En cada uno, el Esp\u00edritu se manifiesta para el bien com\u00fan. El Esp\u00edritu da a uno la sabidur\u00eda para hablar; a otro, la ciencia para ense\u00f1ar, seg\u00fan el mismo Esp\u00edritu; a otro, la fe, tambi\u00e9n en el mismo Esp\u00edritu. A este se le da el don de curar, siempre en ese \u00fanico Esp\u00edritu; a aquel, el don de hacer milagros; a uno, el don de profec\u00eda; a otro, el don de juzgar sobre el valor de los dones del Esp\u00edritu; a este, el don de lenguas; a aquel, el don de interpretarlas. Pero en todo esto, es el mismo y \u00fanico Esp\u00edritu el que act\u00faa, distribuyendo sus dones a cada uno en particular como \u00e9l quiere\u201d (ver. 4-11).<\/p>\n\n\n\n<p>El Esp\u00edritu nos ha dotado a cada cual con unos talentos, unos dones, que podemos y debemos poner al servicio de nuestras comunidades. Podemos se\u00f1alar, entre otros, la m\u00fasica o el canto, la animaci\u00f3n, la cocina, la lectura, la ense\u00f1anza (en todas sus manifestaciones), la predicaci\u00f3n, la contabilidad, el confortar a los enfermos, la habilidad de limpiar, ayudar en el altar, utilizar computadoras y otros medios electr\u00f3nicos, orar, organizar. En fin, son tantos que resulta dif\u00edcil enumerarlos. Como decimos en nuestros cursos de formaci\u00f3n, la persona que barre y trapea el templo parroquial es tan importante para el buen funcionamiento de la comunidad, como el que predica en un retiro, o el que imparte la catequesis. \u201cAs\u00ed como el cuerpo tiene muchos miembros, y sin embargo, es uno, y estos miembros, a pesar de ser muchos, no forman sino un solo cuerpo, as\u00ed tambi\u00e9n sucede con Cristo\u201d (ver. 12).<\/p>\n\n\n\n<p>La Oraci\u00f3n Colecta para hoy nos dice: \u201cSe\u00f1or, T\u00fa nos enriqueces a cada uno de nosotros con dones y\u00a0 con personalidades diferentes, obra del mismo Esp\u00edritu Santo. Danos a todos y a cada uno de nosotros la mentalidad y actitudes de nuestro Se\u00f1or Jesucristo, \u00fanica cabeza del cuerpo, para que juntos contribuyamos, con las riquezas y diversidad de talentos recibidos, a edificar tu Iglesia, que es el \u00fanico cuerpo m\u00edstico de tu Hijo, Jesucristo nuestro Se\u00f1or\u201d. \u00a1Lindo d\u00eda!<\/p>\n<div style=\"padding-bottom:20px; padding-top:10px;\" class=\"hupso-share-buttons\"><!-- Hupso Share Buttons - https:\/\/www.hupso.com\/share\/ --><a class=\"hupso_toolbar\" href=\"https:\/\/www.hupso.com\/share\/\"><img src=\"http:\/\/static.hupso.com\/share\/buttons\/lang\/es\/share-medium.png\" style=\"border:0px; padding-top: 5px; float:left;\" alt=\"Share Button\"\/><\/a><script type=\"text\/javascript\">var hupso_services_t=new Array(\"Twitter\",\"Facebook\",\"Google Plus\",\"Pinterest\",\"Linkedin\",\"Email\",\"Print\");var hupso_background_t=\"#EAF4FF\";var hupso_border_t=\"#66CCFF\";var hupso_toolbar_size_t=\"medium\";var hupso_image_folder_url = \"\";var hupso_twitter_via=\"hectorops\";var hupso_url_t=\"\";var hupso_title_t=\"REFLEXI%C3%93N%20PARA%20EL%20MARTES%20DE%20LA%20VIG%C3%89SIMO%20CUARTA%20SEMANA%20DEL%20T.O.%20%282%29%2018-09-18\";<\/script><script type=\"text\/javascript\" src=\"http:\/\/static.hupso.com\/share\/js\/share_toolbar.js\"><\/script><!-- Hupso Share Buttons --><\/div>","protected":false},"excerpt":{"rendered":"<p>La primera lectura de la liturgia para hoy (1 Cor 12,14.27-31a) est\u00e1 enmarcada dentro de los cap\u00edtulos 12 al 14 de la primera Carta a los Corintios, que nos presentan a la Iglesia como cuerpo m\u00edstico de Cristo. Pablo, preocupado &hellip; <a href=\"http:\/\/delamanodemaria.com\/?p=10440\">Continue reading <span class=\"meta-nav\">&rarr;<\/span><\/a><\/p>\n<div style=\"padding-bottom:20px; padding-top:10px;\" class=\"hupso-share-buttons\"><!-- Hupso Share Buttons - https:\/\/www.hupso.com\/share\/ --><a class=\"hupso_toolbar\" href=\"https:\/\/www.hupso.com\/share\/\"><img src=\"http:\/\/static.hupso.com\/share\/buttons\/lang\/es\/share-medium.png\" style=\"border:0px; padding-top: 5px; float:left;\" alt=\"Share Button\"\/><\/a><script type=\"text\/javascript\">var hupso_services_t=new Array(\"Twitter\",\"Facebook\",\"Google Plus\",\"Pinterest\",\"Linkedin\",\"Email\",\"Print\");var hupso_background_t=\"#EAF4FF\";var hupso_border_t=\"#66CCFF\";var hupso_toolbar_size_t=\"medium\";var hupso_image_folder_url = \"\";var hupso_twitter_via=\"hectorops\";var hupso_url_t=\"\";var hupso_title_t=\"REFLEXI%C3%93N%20PARA%20EL%20MARTES%20DE%20LA%20VIG%C3%89SIMO%20CUARTA%20SEMANA%20DEL%20T.O.%20%282%29%2018-09-18\";<\/script><script type=\"text\/javascript\" src=\"http:\/\/static.hupso.com\/share\/js\/share_toolbar.js\"><\/script><!-- Hupso Share Buttons --><\/div>","protected":false},"author":1,"featured_media":4121,"comment_status":"open","ping_status":"open","sticky":false,"template":"","format":"standard","meta":{"jetpack_post_was_ever_published":false,"_jetpack_newsletter_access":"","_jetpack_newsletter_tier_id":0,"jetpack_publicize_message":"","jetpack_is_tweetstorm":false,"jetpack_publicize_feature_enabled":true,"jetpack_social_post_already_shared":true,"jetpack_social_options":{"image_generator_settings":{"template":"highway","enabled":false}}},"categories":[1],"tags":[586,493,149,1013,121,911,29,556,2527,110,2,722,2526],"jetpack_publicize_connections":[],"jetpack_featured_media_url":"http:\/\/delamanodemaria.com\/wp-content\/uploads\/2014\/09\/CARISMAS.jpg","jetpack_shortlink":"https:\/\/wp.me\/p3bBgS-2Io","jetpack_sharing_enabled":true,"jetpack_likes_enabled":true,"_links":{"self":[{"href":"http:\/\/delamanodemaria.com\/index.php?rest_route=\/wp\/v2\/posts\/10440"}],"collection":[{"href":"http:\/\/delamanodemaria.com\/index.php?rest_route=\/wp\/v2\/posts"}],"about":[{"href":"http:\/\/delamanodemaria.com\/index.php?rest_route=\/wp\/v2\/types\/post"}],"author":[{"embeddable":true,"href":"http:\/\/delamanodemaria.com\/index.php?rest_route=\/wp\/v2\/users\/1"}],"replies":[{"embeddable":true,"href":"http:\/\/delamanodemaria.com\/index.php?rest_route=%2Fwp%2Fv2%2Fcomments&post=10440"}],"version-history":[{"count":3,"href":"http:\/\/delamanodemaria.com\/index.php?rest_route=\/wp\/v2\/posts\/10440\/revisions"}],"predecessor-version":[{"id":10443,"href":"http:\/\/delamanodemaria.com\/index.php?rest_route=\/wp\/v2\/posts\/10440\/revisions\/10443"}],"wp:featuredmedia":[{"embeddable":true,"href":"http:\/\/delamanodemaria.com\/index.php?rest_route=\/wp\/v2\/media\/4121"}],"wp:attachment":[{"href":"http:\/\/delamanodemaria.com\/index.php?rest_route=%2Fwp%2Fv2%2Fmedia&parent=10440"}],"wp:term":[{"taxonomy":"category","embeddable":true,"href":"http:\/\/delamanodemaria.com\/index.php?rest_route=%2Fwp%2Fv2%2Fcategories&post=10440"},{"taxonomy":"post_tag","embeddable":true,"href":"http:\/\/delamanodemaria.com\/index.php?rest_route=%2Fwp%2Fv2%2Ftags&post=10440"}],"curies":[{"name":"wp","href":"https:\/\/api.w.org\/{rel}","templated":true}]}}