{"id":10449,"date":"2018-09-19T21:19:31","date_gmt":"2018-09-20T01:19:31","guid":{"rendered":"http:\/\/delamanodemaria.com\/?p=10449"},"modified":"2018-09-19T21:19:38","modified_gmt":"2018-09-20T01:19:38","slug":"reflexion-para-el-jueves-de-la-vigesimo-cuarta-semana-del-t-o-2-20-09-18","status":"publish","type":"post","link":"http:\/\/delamanodemaria.com\/?p=10449","title":{"rendered":"REFLEXI\u00d3N PARA EL JUEVES DE LA VIG\u00c9SIMO CUARTA SEMANA DEL T.O. (2) 20-09-18"},"content":{"rendered":"\n<figure class=\"wp-block-image\"><img decoding=\"async\" loading=\"lazy\" width=\"876\" height=\"493\" src=\"http:\/\/delamanodemaria.com\/wp-content\/uploads\/2018\/09\/cruz-resucitado.jpg\" alt=\"\" class=\"wp-image-10451\" srcset=\"http:\/\/delamanodemaria.com\/wp-content\/uploads\/2018\/09\/cruz-resucitado.jpg 876w, http:\/\/delamanodemaria.com\/wp-content\/uploads\/2018\/09\/cruz-resucitado-300x169.jpg 300w, http:\/\/delamanodemaria.com\/wp-content\/uploads\/2018\/09\/cruz-resucitado-768x432.jpg 768w, http:\/\/delamanodemaria.com\/wp-content\/uploads\/2018\/09\/cruz-resucitado-500x281.jpg 500w\" sizes=\"(max-width: 876px) 100vw, 876px\" \/><\/figure>\n\n\n\n<p>Hoy la liturgia nos brinda como primera lectura la continuaci\u00f3n de la primera carta del ap\u00f3stol san Pablo a los corintios (1 Cor 15,1-11). Pablo aparenta abordar un problema suscitado entre los integrantes de la comunidad cristiana Corinto respecto la fe en la resurrecci\u00f3n de Jes\u00fas, que constituye la m\u00e9dula del mensaje del Evangelio. El Evangelio que Pablo y los dem\u00e1s ap\u00f3stoles predican, m\u00e1s que una doctrina, es el anuncio de un hecho salv\u00edfico: el misterio pascual de Jes\u00fas, su pasi\u00f3n, muerte, resurrecci\u00f3n y glorificaci\u00f3n. En eso se concentr\u00f3 la predicaci\u00f3n de los ap\u00f3stoles a las primeras comunidades, y es el mensaje central de las cartas de Pablo. Cabe se\u00f1alar, que esta confesi\u00f3n de Pablo sobre la resurrecci\u00f3n de Jes\u00fas es importante, pues constituye el escrito m\u00e1s antiguo que atestigua ese hecho central de nuestra fe, ya que para cuando se escribe esta carta todav\u00eda no se hab\u00eda escrito ninguno de los relatos evang\u00e9licos.<\/p>\n\n\n\n<p>Vemos c\u00f3mo Pablo se nutre de la tradici\u00f3n apost\u00f3lica, mencionando a los testigos principales, incluyendo a Pedro (<em>Cefas<\/em>, en arameo), para luego incluirse a s\u00ed mismo mencionando su testimonio, su propia experiencia con el Resucitado. Pablo quiere dejar meridianamente claro la veracidad de la resurrecci\u00f3n de Jes\u00fas.<\/p>\n\n\n\n<p>La lectura que contemplamos hoy sirve de preludio a la que leer\u00edamos ma\u00f1ana de no coincidir este a\u00f1o con la Fiesta de san Mateo, ap\u00f3stol y evangelista, en la que Pablo aborda lo que aparenta se su verdadera preocupaci\u00f3n, la falta de creencia de algunos en que un d\u00eda todos hemos de resucitar tambi\u00e9n. Por el momento nos limitaremos a se\u00f1alar que en la lectura de ma\u00f1ana Pablo enfatiza m\u00e1s a\u00fan la importancia de la resurrecci\u00f3n como elemento central de nuestra fe, al decir: \u201csi Cristo no ha resucitado, nuestra predicaci\u00f3n carece de sentido y vuestra fe lo mismo\u201d, pues la Iglesia, nuevo pueblo de Dios, queda constituida definitivamente por el misterio pascual. Si la muerte de Jes\u00fas constituy\u00f3 la mayor prueba del amor de Dios por nosotros, su resurrecci\u00f3n es la confirmaci\u00f3n de ese amor, pues nos demuestra que ya la muerte no tendr\u00e1 poder sobre nosotros.<\/p>\n\n\n\n<p>Otro aspecto que quisi\u00e9ramos se\u00f1alar de esta lectura es la humildad de Pablo quien, a pesar de haber sido privilegiado con ese encuentro personal con Jes\u00fas resucitado, y ser constituido ap\u00f3stol de los gentiles, se reconoce indigno, y proclama que \u201cpor la gracia de Dios soy lo que soy\u201d. En esa humildad encontramos la verdadera se\u00f1al del cristiano. \u201cPorque todo el que se ensalza ser\u00e1 humillado, y el que se humilla ser\u00e1 ensalzado\u201d (Lc 12,11).<\/p>\n\n\n\n<p>Hoy, pidamos al Se\u00f1or que nos conceda la gracia de ser humildes para reconocer que todo lo que tenemos, al igual que todos los talentos que poseemos, son pura gratuidad de \u00c9l, y que eso nos anime para ponerlos al servicio de nuestros hermanos y de nuestra Iglesia.<\/p>\n<div style=\"padding-bottom:20px; padding-top:10px;\" class=\"hupso-share-buttons\"><!-- Hupso Share Buttons - https:\/\/www.hupso.com\/share\/ --><a class=\"hupso_toolbar\" href=\"https:\/\/www.hupso.com\/share\/\"><img src=\"http:\/\/static.hupso.com\/share\/buttons\/lang\/es\/share-medium.png\" style=\"border:0px; padding-top: 5px; float:left;\" alt=\"Share Button\"\/><\/a><script type=\"text\/javascript\">var hupso_services_t=new Array(\"Twitter\",\"Facebook\",\"Google Plus\",\"Pinterest\",\"Linkedin\",\"Email\",\"Print\");var hupso_background_t=\"#EAF4FF\";var hupso_border_t=\"#66CCFF\";var hupso_toolbar_size_t=\"medium\";var hupso_image_folder_url = \"\";var hupso_twitter_via=\"hectorops\";var hupso_url_t=\"\";var hupso_title_t=\"REFLEXI%C3%93N%20PARA%20EL%20JUEVES%20DE%20LA%20VIG%C3%89SIMO%20CUARTA%20SEMANA%20DEL%20T.O.%20%282%29%2020-09-18\";<\/script><script type=\"text\/javascript\" src=\"http:\/\/static.hupso.com\/share\/js\/share_toolbar.js\"><\/script><!-- Hupso Share Buttons --><\/div>","protected":false},"excerpt":{"rendered":"<p>Hoy la liturgia nos brinda como primera lectura la continuaci\u00f3n de la primera carta del ap\u00f3stol san Pablo a los corintios (1 Cor 15,1-11). Pablo aparenta abordar un problema suscitado entre los integrantes de la comunidad cristiana Corinto respecto la &hellip; <a href=\"http:\/\/delamanodemaria.com\/?p=10449\">Continue reading <span class=\"meta-nav\">&rarr;<\/span><\/a><\/p>\n<div style=\"padding-bottom:20px; padding-top:10px;\" class=\"hupso-share-buttons\"><!-- Hupso Share Buttons - https:\/\/www.hupso.com\/share\/ --><a class=\"hupso_toolbar\" href=\"https:\/\/www.hupso.com\/share\/\"><img src=\"http:\/\/static.hupso.com\/share\/buttons\/lang\/es\/share-medium.png\" style=\"border:0px; padding-top: 5px; float:left;\" alt=\"Share Button\"\/><\/a><script type=\"text\/javascript\">var hupso_services_t=new Array(\"Twitter\",\"Facebook\",\"Google Plus\",\"Pinterest\",\"Linkedin\",\"Email\",\"Print\");var hupso_background_t=\"#EAF4FF\";var hupso_border_t=\"#66CCFF\";var hupso_toolbar_size_t=\"medium\";var hupso_image_folder_url = \"\";var hupso_twitter_via=\"hectorops\";var hupso_url_t=\"\";var hupso_title_t=\"REFLEXI%C3%93N%20PARA%20EL%20JUEVES%20DE%20LA%20VIG%C3%89SIMO%20CUARTA%20SEMANA%20DEL%20T.O.%20%282%29%2020-09-18\";<\/script><script type=\"text\/javascript\" src=\"http:\/\/static.hupso.com\/share\/js\/share_toolbar.js\"><\/script><!-- Hupso Share Buttons --><\/div>","protected":false},"author":1,"featured_media":10451,"comment_status":"open","ping_status":"open","sticky":false,"template":"","format":"standard","meta":{"jetpack_post_was_ever_published":false,"_jetpack_newsletter_access":"","_jetpack_newsletter_tier_id":0,"jetpack_publicize_message":"","jetpack_is_tweetstorm":false,"jetpack_publicize_feature_enabled":true,"jetpack_social_post_already_shared":true,"jetpack_social_options":{"image_generator_settings":{"template":"highway","enabled":false}}},"categories":[1],"tags":[586,66,884,121,569,200,2209,217,2530,55,140,2,519,54,418,722],"jetpack_publicize_connections":[],"jetpack_featured_media_url":"http:\/\/delamanodemaria.com\/wp-content\/uploads\/2018\/09\/cruz-resucitado.jpg","jetpack_shortlink":"https:\/\/wp.me\/p3bBgS-2Ix","jetpack_sharing_enabled":true,"jetpack_likes_enabled":true,"_links":{"self":[{"href":"http:\/\/delamanodemaria.com\/index.php?rest_route=\/wp\/v2\/posts\/10449"}],"collection":[{"href":"http:\/\/delamanodemaria.com\/index.php?rest_route=\/wp\/v2\/posts"}],"about":[{"href":"http:\/\/delamanodemaria.com\/index.php?rest_route=\/wp\/v2\/types\/post"}],"author":[{"embeddable":true,"href":"http:\/\/delamanodemaria.com\/index.php?rest_route=\/wp\/v2\/users\/1"}],"replies":[{"embeddable":true,"href":"http:\/\/delamanodemaria.com\/index.php?rest_route=%2Fwp%2Fv2%2Fcomments&post=10449"}],"version-history":[{"count":2,"href":"http:\/\/delamanodemaria.com\/index.php?rest_route=\/wp\/v2\/posts\/10449\/revisions"}],"predecessor-version":[{"id":10452,"href":"http:\/\/delamanodemaria.com\/index.php?rest_route=\/wp\/v2\/posts\/10449\/revisions\/10452"}],"wp:featuredmedia":[{"embeddable":true,"href":"http:\/\/delamanodemaria.com\/index.php?rest_route=\/wp\/v2\/media\/10451"}],"wp:attachment":[{"href":"http:\/\/delamanodemaria.com\/index.php?rest_route=%2Fwp%2Fv2%2Fmedia&parent=10449"}],"wp:term":[{"taxonomy":"category","embeddable":true,"href":"http:\/\/delamanodemaria.com\/index.php?rest_route=%2Fwp%2Fv2%2Fcategories&post=10449"},{"taxonomy":"post_tag","embeddable":true,"href":"http:\/\/delamanodemaria.com\/index.php?rest_route=%2Fwp%2Fv2%2Ftags&post=10449"}],"curies":[{"name":"wp","href":"https:\/\/api.w.org\/{rel}","templated":true}]}}