{"id":10459,"date":"2018-09-21T20:12:06","date_gmt":"2018-09-22T00:12:06","guid":{"rendered":"http:\/\/delamanodemaria.com\/?p=10459"},"modified":"2018-09-21T20:12:17","modified_gmt":"2018-09-22T00:12:17","slug":"reflexion-para-el-sabado-de-la-vigesimo-cuarta-semana-del-t-o-2-22-09-18","status":"publish","type":"post","link":"http:\/\/delamanodemaria.com\/?p=10459","title":{"rendered":"REFLEXI\u00d3N PARA EL S\u00c1BADO DE LA VIG\u00c9SIMO CUARTA SEMANA DEL T.O. (2) 22-09-18"},"content":{"rendered":"\n<figure class=\"wp-block-image\"><img decoding=\"async\" src=\"http:\/\/delamanodemaria.com\/wp-content\/uploads\/2018\/09\/como-resucitan-los-muertos.jpg\" alt=\"\" class=\"wp-image-10460\"\/><\/figure>\n\n\n\n<p>El Evangelio que nos presenta la liturgia de hoy (Lc 8,4-15), la par\u00e1bola del sembrador, es uno de esos que no requiere interpretaci\u00f3n, pues el mismo Jes\u00fas se encarg\u00f3 de explicarla a sus disc\u00edpulos. La conclusi\u00f3n destaca la importancia de escuchar y guardar la Palabra de Dios. En el pasaje siguiente de Lucas, Jes\u00fas reafirma esa conclusi\u00f3n: \u201cMi madre y mis hermanos son los que escuchan la Palabra de Dios y la practican\u201d (Lc 8,21). De esta manera Jes\u00fas destaca que a\u00fan su propia madre es m\u00e1s madre de \u00c9l por escuchar y poner en pr\u00e1ctica la Palabra de Dios que por haberlo parido. Como el mismo Jes\u00fas dice al final de la par\u00e1bola: \u201cEl que tenga o\u00eddos para o\u00edr, que oiga\u201d.<\/p>\n\n\n\n<p>Como primera lectura tenemos la continuaci\u00f3n de la primera carta del ap\u00f3stol san Pablo a los Corintios (15,35-37.42-49). El pasaje que contemplamos hoy es secuela de la primera lectura que ley\u00e9ramos el pasado jueves (1 Cor 15,1-11), que nos presentaba la veracidad del hecho de la resurrecci\u00f3n de Jes\u00fas. Hoy Pablo aborda el tema de nuestra resurrecci\u00f3n. La manera en que lo plantea apunta a que la controversia que pretende explicar surge no tanto del \u201checho\u201d de la resurrecci\u00f3n, sino del \u201cc\u00f3mo\u201d: \u201c\u00bfY c\u00f3mo resucitan los muertos? \u00bfQu\u00e9 clase de cuerpo traer\u00e1n?\u201d. La controversia parece girar en torno a la diferencia entre la concepci\u00f3n jud\u00eda y la concepci\u00f3n griega de la relaci\u00f3n entre el alma y el cuerpo, y c\u00f3mo esto podr\u00eda afectar el \u201cproceso\u201d de la resurrecci\u00f3n.<\/p>\n\n\n\n<p>Sin pretender entrar en disquisiciones filos\u00f3ficas profundas (cosa que tampoco haremos aqu\u00ed), Pablo le plantea a sus opositores el ejemplo de la semilla, que para poder tener plenitud de vida, tiene que morir primero: \u201cIgual pasa en la resurrecci\u00f3n de los muertos: se siembra lo corruptible, resucita incorruptible; se siembra lo miserable, resucita glorioso; se siembra lo d\u00e9bil, resucita fuerte; se siembra un cuerpo animal, resucita cuerpo espiritual. Si hay cuerpo animal, lo hay tambi\u00e9n espiritual\u201d. De esta manera Pablo explica la naturaleza del cuerpo glorificado (<em>Cfr<\/em>. Fil 3,21) que hemos de adquirir en el d\u00eda final cuando todos resucitaremos (Jn 5,29; Mt 25,46); ese d\u00eda en que esperamos formar parte de esa enorme muchedumbre, \u201cimposible de contar\u201d, de gentes que comparecer\u00e1n frente al Cordero a rendirle culto por toda la eternidad, vestidas con t\u00fanicas blancas y palmas en las manos (<em>Cfr. <\/em>Ap 7,9.15).<\/p>\n\n\n\n<p>El \u201checho\u201d de la resurrecci\u00f3n no est\u00e1 en controversia. En cuanto al \u201cc\u00f3mo\u201d, eso es una cuesti\u00f3n de fe. Si creemos en Jes\u00fas, y le creemos a Jes\u00fas y a su Palabra salv\u00edfica, tenemos la certeza de que si \u00c9l lo dijo, por su poder lo va a hacer. \u201cPara Dios, nada es imposible\u201d (Lc 1,37). Jes\u00fas resucit\u00f3 gracias a su naturaleza divina; y, gracias al Esp\u00edritu que nos dej\u00f3 y a su presencia en la Eucarist\u00eda, nosotros tambi\u00e9n participamos de su naturaleza divina. \u201cEl que come mi carne y bebe mi sangre tiene Vida eterna, y yo lo resucitar\u00e9 en el \u00faltimo d\u00eda\u201d (Jn 6,54).<\/p>\n\n\n\n<p>Ma\u00f1ana, cuando acudamos a la Casa del Padre y nos acerquemos a la mesa del Se\u00f1or a recibir la Eucarist\u00eda, recordemos que estamos recibiendo Vida eterna. Lindo fin de semana a todos.<\/p>\n<div style=\"padding-bottom:20px; padding-top:10px;\" class=\"hupso-share-buttons\"><!-- Hupso Share Buttons - https:\/\/www.hupso.com\/share\/ --><a class=\"hupso_toolbar\" href=\"https:\/\/www.hupso.com\/share\/\"><img src=\"http:\/\/static.hupso.com\/share\/buttons\/lang\/es\/share-medium.png\" style=\"border:0px; padding-top: 5px; float:left;\" alt=\"Share Button\"\/><\/a><script type=\"text\/javascript\">var hupso_services_t=new Array(\"Twitter\",\"Facebook\",\"Google Plus\",\"Pinterest\",\"Linkedin\",\"Email\",\"Print\");var hupso_background_t=\"#EAF4FF\";var hupso_border_t=\"#66CCFF\";var hupso_toolbar_size_t=\"medium\";var hupso_image_folder_url = \"\";var hupso_twitter_via=\"hectorops\";var hupso_url_t=\"\";var hupso_title_t=\"REFLEXI%C3%93N%20PARA%20EL%20S%C3%81BADO%20DE%20LA%20VIG%C3%89SIMO%20CUARTA%20SEMANA%20DEL%20T.O.%20%282%29%2022-09-18\";<\/script><script type=\"text\/javascript\" src=\"http:\/\/static.hupso.com\/share\/js\/share_toolbar.js\"><\/script><!-- Hupso Share Buttons --><\/div>","protected":false},"excerpt":{"rendered":"<p>El Evangelio que nos presenta la liturgia de hoy (Lc 8,4-15), la par\u00e1bola del sembrador, es uno de esos que no requiere interpretaci\u00f3n, pues el mismo Jes\u00fas se encarg\u00f3 de explicarla a sus disc\u00edpulos. La conclusi\u00f3n destaca la importancia de &hellip; <a href=\"http:\/\/delamanodemaria.com\/?p=10459\">Continue reading <span class=\"meta-nav\">&rarr;<\/span><\/a><\/p>\n<div style=\"padding-bottom:20px; padding-top:10px;\" class=\"hupso-share-buttons\"><!-- Hupso Share Buttons - https:\/\/www.hupso.com\/share\/ --><a class=\"hupso_toolbar\" href=\"https:\/\/www.hupso.com\/share\/\"><img src=\"http:\/\/static.hupso.com\/share\/buttons\/lang\/es\/share-medium.png\" style=\"border:0px; padding-top: 5px; float:left;\" alt=\"Share Button\"\/><\/a><script type=\"text\/javascript\">var hupso_services_t=new Array(\"Twitter\",\"Facebook\",\"Google Plus\",\"Pinterest\",\"Linkedin\",\"Email\",\"Print\");var hupso_background_t=\"#EAF4FF\";var hupso_border_t=\"#66CCFF\";var hupso_toolbar_size_t=\"medium\";var hupso_image_folder_url = \"\";var hupso_twitter_via=\"hectorops\";var hupso_url_t=\"\";var hupso_title_t=\"REFLEXI%C3%93N%20PARA%20EL%20S%C3%81BADO%20DE%20LA%20VIG%C3%89SIMO%20CUARTA%20SEMANA%20DEL%20T.O.%20%282%29%2022-09-18\";<\/script><script type=\"text\/javascript\" src=\"http:\/\/static.hupso.com\/share\/js\/share_toolbar.js\"><\/script><!-- Hupso Share Buttons --><\/div>","protected":false},"author":1,"featured_media":10460,"comment_status":"open","ping_status":"open","sticky":false,"template":"","format":"standard","meta":{"jetpack_post_was_ever_published":false,"_jetpack_newsletter_access":"","_jetpack_newsletter_tier_id":0,"jetpack_publicize_message":"","jetpack_is_tweetstorm":false,"jetpack_publicize_feature_enabled":true,"jetpack_social_post_already_shared":true,"jetpack_social_options":{"image_generator_settings":{"template":"highway","enabled":false}}},"categories":[1],"tags":[586,607,121,524,230,45,501,21,166,2,646,418,437,722,86],"jetpack_publicize_connections":[],"jetpack_featured_media_url":"http:\/\/delamanodemaria.com\/wp-content\/uploads\/2018\/09\/como-resucitan-los-muertos-e1537558543754.jpg","jetpack_shortlink":"https:\/\/wp.me\/p3bBgS-2IH","jetpack_sharing_enabled":true,"jetpack_likes_enabled":true,"_links":{"self":[{"href":"http:\/\/delamanodemaria.com\/index.php?rest_route=\/wp\/v2\/posts\/10459"}],"collection":[{"href":"http:\/\/delamanodemaria.com\/index.php?rest_route=\/wp\/v2\/posts"}],"about":[{"href":"http:\/\/delamanodemaria.com\/index.php?rest_route=\/wp\/v2\/types\/post"}],"author":[{"embeddable":true,"href":"http:\/\/delamanodemaria.com\/index.php?rest_route=\/wp\/v2\/users\/1"}],"replies":[{"embeddable":true,"href":"http:\/\/delamanodemaria.com\/index.php?rest_route=%2Fwp%2Fv2%2Fcomments&post=10459"}],"version-history":[{"count":1,"href":"http:\/\/delamanodemaria.com\/index.php?rest_route=\/wp\/v2\/posts\/10459\/revisions"}],"predecessor-version":[{"id":10461,"href":"http:\/\/delamanodemaria.com\/index.php?rest_route=\/wp\/v2\/posts\/10459\/revisions\/10461"}],"wp:featuredmedia":[{"embeddable":true,"href":"http:\/\/delamanodemaria.com\/index.php?rest_route=\/wp\/v2\/media\/10460"}],"wp:attachment":[{"href":"http:\/\/delamanodemaria.com\/index.php?rest_route=%2Fwp%2Fv2%2Fmedia&parent=10459"}],"wp:term":[{"taxonomy":"category","embeddable":true,"href":"http:\/\/delamanodemaria.com\/index.php?rest_route=%2Fwp%2Fv2%2Fcategories&post=10459"},{"taxonomy":"post_tag","embeddable":true,"href":"http:\/\/delamanodemaria.com\/index.php?rest_route=%2Fwp%2Fv2%2Ftags&post=10459"}],"curies":[{"name":"wp","href":"https:\/\/api.w.org\/{rel}","templated":true}]}}