{"id":10709,"date":"2018-11-21T21:30:25","date_gmt":"2018-11-22T01:30:25","guid":{"rendered":"http:\/\/delamanodemaria.com\/?p=10709"},"modified":"2018-11-21T21:30:35","modified_gmt":"2018-11-22T01:30:35","slug":"temporas-de-accion-de-gracias-y-de-peticion-por-la-actividad-humana-22-11-18","status":"publish","type":"post","link":"http:\/\/delamanodemaria.com\/?p=10709","title":{"rendered":"T\u00c9MPORAS DE ACCI\u00d3N DE GRACIAS Y DE PETICI\u00d3N POR LA ACTIVIDAD HUMANA 22-11-18"},"content":{"rendered":"\n<figure class=\"wp-block-image\"><img decoding=\"async\" loading=\"lazy\" width=\"600\" height=\"448\" src=\"http:\/\/delamanodemaria.com\/wp-content\/uploads\/2013\/11\/accion-de-gracias.jpg\" alt=\"\" class=\"wp-image-2375\" srcset=\"http:\/\/delamanodemaria.com\/wp-content\/uploads\/2013\/11\/accion-de-gracias.jpg 600w, http:\/\/delamanodemaria.com\/wp-content\/uploads\/2013\/11\/accion-de-gracias-300x224.jpg 300w, http:\/\/delamanodemaria.com\/wp-content\/uploads\/2013\/11\/accion-de-gracias-401x300.jpg 401w\" sizes=\"(max-width: 600px) 100vw, 600px\" \/><\/figure>\n\n\n\n<p>La Provincia Eclesi\u00e1stica de Puerto Rico celebra hoy las T\u00e9mporas de Acci\u00f3n de Gracias y Petici\u00f3n por la Actividad Humana. Por eso las lecturas que nos propone la liturgia (Dt 8,7-18 y Mt 7,7-11) tienen que ver con la providencia divina y el agradecimiento que debemos a Dios por su generosidad.<\/p>\n\n\n\n<p>En el Evangelio, Jes\u00fas nos asegura que el Se\u00f1or nos dar\u00e1 todas las cosas buenas que le pidamos: \u201cSi ustedes, que son malos, saben dar cosas buenas a sus hijos, \u00a1cu\u00e1nto m\u00e1s el Padre de ustedes que est\u00e1 en el cielo dar\u00e1 cosas buenas a aquellos que se las pidan!\u201d El problema estriba en que muchas veces no sabemos pedir; pedimos cosas que no nos convienen o que est\u00e1n en contra de la voluntad del padre. \u201cPiden y no reciben, porque piden mal, con el \u00fanico fin de satisfacer sus pasiones\u201d (St 4,3).<\/p>\n\n\n\n<p>Lo cierto es que si analizamos nuestras vidas, y los dones que recibimos de Dios diariamente, todos frutos de su generosidad, comenzando con la vida misma, no podemos m\u00e1s que mostrar agradecimiento. Lo que ocurre es que se nos olvida o, peor a\u00fan, somos tan soberbios de creer que todo lo que tenemos se debe \u00fanicamente a nuestro propio esfuerzo. Solo el que lo ha perdido todo puede apreciar lo que es en realidad la Providencia Divina. <\/p>\n\n\n\n<p>Por eso la primera lectura advierte: \u201cPero ten cuidado: no olvides al Se\u00f1or, tu Dios, ni dejes de observar sus mandamientos, sus leyes y sus preceptos, que yo te prescribo hoy. Y cuando comas hasta saciarte, cuando construyas casas confortables y vivas en ellas, cuando se multipliquen tus vacas y tus ovejas, cuando tengas plata y oro en abundancia y se acrecienten todas tus riquezas, no te vuelvas arrogante, ni olvides al Se\u00f1or, tu Dios. No pienses entonces: \u2018Mi propia fuerza y el poder de mi brazo me han alcanzado esta prosperidad\u2019. Acu\u00e9rdate del Se\u00f1or, tu Dios, porque \u00e9l te da la fuerza necesaria para que alcances esa prosperidad, a fin de confirmar la alianza que jur\u00f3 a tus padres, como de hecho hoy sucede.\u201d<\/p>\n\n\n\n<p>Hoy celebramos en Puerto Rico el d\u00eda de Acci\u00f3n de Gracias, y aunque nuestra primera y \u00faltima oraciones de cada d\u00eda deben comenzar con una acci\u00f3n de gracias, es justo que dediquemos al menos un d\u00eda del a\u00f1o especialmente para dar gracias a Dios por toda las gracias y dones recibidos: las cosas buenas y las alegr\u00edas; y las cosas no tan buenas y los sufrimientos que nos hacen acercarnos y asemejarnos m\u00e1s a \u00c9l y nos ayudan a crecer espiritualmente y purificarnos. Por eso, cuando nos sentemos a la mesa a compartir el alimento que hemos recibido de su generosidad, digamos: \u201cSe\u00f1or Dios, Padre lleno de amor, al darte gracias por estos alimentos y por todas tus maravillas, te pedimos que tu luz nos haga descubrir siempre que has sido t\u00fa, y no nuestro poder, quien nos ha dado fuerza para obtener lo que tenemos\u201d (adaptada de la Oraci\u00f3n Colecta para hoy).<\/p>\n<div style=\"padding-bottom:20px; padding-top:10px;\" class=\"hupso-share-buttons\"><!-- Hupso Share Buttons - https:\/\/www.hupso.com\/share\/ --><a class=\"hupso_toolbar\" href=\"https:\/\/www.hupso.com\/share\/\"><img src=\"http:\/\/static.hupso.com\/share\/buttons\/lang\/es\/share-medium.png\" style=\"border:0px; padding-top: 5px; float:left;\" alt=\"Share Button\"\/><\/a><script type=\"text\/javascript\">var hupso_services_t=new Array(\"Twitter\",\"Facebook\",\"Google Plus\",\"Pinterest\",\"Linkedin\",\"Email\",\"Print\");var hupso_background_t=\"#EAF4FF\";var hupso_border_t=\"#66CCFF\";var hupso_toolbar_size_t=\"medium\";var hupso_image_folder_url = \"\";var hupso_twitter_via=\"hectorops\";var hupso_url_t=\"\";var hupso_title_t=\"T%C3%89MPORAS%20DE%20ACCI%C3%93N%20DE%20GRACIAS%20Y%20DE%20PETICI%C3%93N%20POR%20LA%20ACTIVIDAD%20HUMANA%2022-11-18\";<\/script><script type=\"text\/javascript\" src=\"http:\/\/static.hupso.com\/share\/js\/share_toolbar.js\"><\/script><!-- Hupso Share Buttons --><\/div>","protected":false},"excerpt":{"rendered":"<p>La Provincia Eclesi\u00e1stica de Puerto Rico celebra hoy las T\u00e9mporas de Acci\u00f3n de Gracias y Petici\u00f3n por la Actividad Humana. Por eso las lecturas que nos propone la liturgia (Dt 8,7-18 y Mt 7,7-11) tienen que ver con la providencia &hellip; <a href=\"http:\/\/delamanodemaria.com\/?p=10709\">Continue reading <span class=\"meta-nav\">&rarr;<\/span><\/a><\/p>\n<div style=\"padding-bottom:20px; padding-top:10px;\" class=\"hupso-share-buttons\"><!-- Hupso Share Buttons - https:\/\/www.hupso.com\/share\/ --><a class=\"hupso_toolbar\" href=\"https:\/\/www.hupso.com\/share\/\"><img src=\"http:\/\/static.hupso.com\/share\/buttons\/lang\/es\/share-medium.png\" style=\"border:0px; padding-top: 5px; float:left;\" alt=\"Share Button\"\/><\/a><script type=\"text\/javascript\">var hupso_services_t=new Array(\"Twitter\",\"Facebook\",\"Google Plus\",\"Pinterest\",\"Linkedin\",\"Email\",\"Print\");var hupso_background_t=\"#EAF4FF\";var hupso_border_t=\"#66CCFF\";var hupso_toolbar_size_t=\"medium\";var hupso_image_folder_url = \"\";var hupso_twitter_via=\"hectorops\";var hupso_url_t=\"\";var hupso_title_t=\"T%C3%89MPORAS%20DE%20ACCI%C3%93N%20DE%20GRACIAS%20Y%20DE%20PETICI%C3%93N%20POR%20LA%20ACTIVIDAD%20HUMANA%2022-11-18\";<\/script><script type=\"text\/javascript\" src=\"http:\/\/static.hupso.com\/share\/js\/share_toolbar.js\"><\/script><!-- Hupso Share Buttons --><\/div>","protected":false},"author":1,"featured_media":2375,"comment_status":"open","ping_status":"open","sticky":false,"template":"","format":"standard","meta":{"jetpack_post_was_ever_published":false,"_jetpack_newsletter_access":"","_jetpack_newsletter_tier_id":0,"jetpack_publicize_message":"","jetpack_is_tweetstorm":false,"jetpack_publicize_feature_enabled":true,"jetpack_social_post_already_shared":true,"jetpack_social_options":{"image_generator_settings":{"template":"highway","enabled":false}}},"categories":[1],"tags":[2614,1015,1672,911,720,2616,154,466,2615,2,1613,1118,722,98],"jetpack_publicize_connections":[],"jetpack_featured_media_url":"http:\/\/delamanodemaria.com\/wp-content\/uploads\/2013\/11\/accion-de-gracias.jpg","jetpack_shortlink":"https:\/\/wp.me\/p3bBgS-2MJ","jetpack_sharing_enabled":true,"jetpack_likes_enabled":true,"_links":{"self":[{"href":"http:\/\/delamanodemaria.com\/index.php?rest_route=\/wp\/v2\/posts\/10709"}],"collection":[{"href":"http:\/\/delamanodemaria.com\/index.php?rest_route=\/wp\/v2\/posts"}],"about":[{"href":"http:\/\/delamanodemaria.com\/index.php?rest_route=\/wp\/v2\/types\/post"}],"author":[{"embeddable":true,"href":"http:\/\/delamanodemaria.com\/index.php?rest_route=\/wp\/v2\/users\/1"}],"replies":[{"embeddable":true,"href":"http:\/\/delamanodemaria.com\/index.php?rest_route=%2Fwp%2Fv2%2Fcomments&post=10709"}],"version-history":[{"count":1,"href":"http:\/\/delamanodemaria.com\/index.php?rest_route=\/wp\/v2\/posts\/10709\/revisions"}],"predecessor-version":[{"id":10710,"href":"http:\/\/delamanodemaria.com\/index.php?rest_route=\/wp\/v2\/posts\/10709\/revisions\/10710"}],"wp:featuredmedia":[{"embeddable":true,"href":"http:\/\/delamanodemaria.com\/index.php?rest_route=\/wp\/v2\/media\/2375"}],"wp:attachment":[{"href":"http:\/\/delamanodemaria.com\/index.php?rest_route=%2Fwp%2Fv2%2Fmedia&parent=10709"}],"wp:term":[{"taxonomy":"category","embeddable":true,"href":"http:\/\/delamanodemaria.com\/index.php?rest_route=%2Fwp%2Fv2%2Fcategories&post=10709"},{"taxonomy":"post_tag","embeddable":true,"href":"http:\/\/delamanodemaria.com\/index.php?rest_route=%2Fwp%2Fv2%2Ftags&post=10709"}],"curies":[{"name":"wp","href":"https:\/\/api.w.org\/{rel}","templated":true}]}}