{"id":10716,"date":"2018-11-22T22:56:39","date_gmt":"2018-11-23T02:56:39","guid":{"rendered":"http:\/\/delamanodemaria.com\/?p=10716"},"modified":"2018-11-22T22:56:48","modified_gmt":"2018-11-23T02:56:48","slug":"oracion-a-nuestra-senora-del-adviento-2","status":"publish","type":"post","link":"http:\/\/delamanodemaria.com\/?p=10716","title":{"rendered":"ORACI\u00d3N A NUESTRA SE\u00d1ORA DEL ADVIENTO"},"content":{"rendered":"\n<figure class=\"wp-block-image\"><img decoding=\"async\" loading=\"lazy\" width=\"627\" height=\"352\" src=\"http:\/\/delamanodemaria.com\/wp-content\/uploads\/2014\/10\/maria-embarazada.jpg\" alt=\"\" class=\"wp-image-4262\" srcset=\"http:\/\/delamanodemaria.com\/wp-content\/uploads\/2014\/10\/maria-embarazada.jpg 627w, http:\/\/delamanodemaria.com\/wp-content\/uploads\/2014\/10\/maria-embarazada-300x168.jpg 300w, http:\/\/delamanodemaria.com\/wp-content\/uploads\/2014\/10\/maria-embarazada-500x280.jpg 500w\" sizes=\"(max-width: 627px) 100vw, 627px\" \/><\/figure>\n\n\n\n<p style=\"font-size:22px;text-align:center\">Como todos los a\u00f1os, ahora que estamos en\u00a0el umbral del Adviento, quiero compartir con ustedes esta hermosa oraci\u00f3n que lleg\u00f3 a mis manos hace muchos a\u00f1os\u2026<\/p>\n\n\n\n<p style=\"text-align:center\"><strong>A NUESTRA SE\u00d1ORA DEL ADVIENTO<\/strong><\/p>\n\n\n\n<p style=\"text-align:center\">Se\u00f1ora del Adviento, se\u00f1ora de los brazos vac\u00edos,<\/p>\n\n\n\n<p style=\"text-align:center\">se\u00f1ora de la pre\u00f1ez.<\/p>\n\n\n\n<p style=\"text-align:center\">Cu\u00e1nto deseamos que camines con nosotros.<\/p>\n\n\n\n<p style=\"text-align:center\">Cu\u00e1nto necesitamos de ti.<\/p>\n\n\n\n<p style=\"text-align:center\">Mujer del pueblo que viajas presurosa y alegre a servir<\/p>\n\n\n\n<p style=\"text-align:center\">a Isabel, a pesar de tu vientre pesado y fatigoso.<\/p>\n\n\n\n<p style=\"text-align:center\">Entre las dos tejer\u00e9is esperanzas y sue\u00f1os.<\/p>\n\n\n\n<p style=\"text-align:center\">Se\u00f1ora del Adviento, se\u00f1ora de los brazos vac\u00edos,<\/p>\n\n\n\n<p style=\"text-align:center\">tambi\u00e9n nosotros estamos pre\u00f1ados de esperanzas y sue\u00f1os.<\/p>\n\n\n\n<p style=\"text-align:center\">So\u00f1amos con que el canto de las aves no sea turbado.<\/p>\n\n\n\n<p style=\"text-align:center\">So\u00f1amos con nuestros ni\u00f1os sin temores,<\/p>\n\n\n\n<p style=\"text-align:center\">durmiendo tranquilos al arrullo de un villancico.<\/p>\n\n\n\n<p style=\"text-align:center\">So\u00f1amos que nuestros viejos mueran<\/p>\n\n\n\n<p style=\"text-align:center\">tranquilos y en paz murmurando una oraci\u00f3n.<\/p>\n\n\n\n<p style=\"text-align:center\">So\u00f1amos con que alg\u00fan d\u00eda podremos volver a tener<\/p>\n\n\n\n<p style=\"text-align:center\">sue\u00f1os, utop\u00edas y esperanzas.<\/p>\n\n\n\n<p style=\"text-align:center\">Se\u00f1ora del Adviento, vis\u00edtanos como a tu prima.<\/p>\n\n\n\n<p style=\"text-align:center\">Monta tu burrito y ven presurosa.<\/p>\n\n\n\n<p style=\"text-align:center\">Nuestros corazones son pesebres<\/p>\n\n\n\n<p style=\"text-align:center\">huecos y fr\u00edos donde hace falta que nazca tu hijo.<\/p>\n\n\n\n<p style=\"text-align:center\">Ven, se\u00f1ora, a calentar nuestros corazones,<\/p>\n\n\n\n<p style=\"text-align:center\">a seguir tejiendo esperanzas con<\/p>\n\n\n\n<p style=\"text-align:center\">nosotros, como lo hiciste con Isabel.<\/p>\n\n\n\n<p style=\"text-align:center\">Solo as\u00ed, en medio de la noche iluminada,<\/p>\n\n\n\n<p style=\"text-align:center\">podremos volver a so\u00f1ar\u2026<\/p>\n\n\n\n<p style=\"text-align:center\">podremos gritar \u00a1es Navidad!<\/p>\n<div style=\"padding-bottom:20px; padding-top:10px;\" class=\"hupso-share-buttons\"><!-- Hupso Share Buttons - https:\/\/www.hupso.com\/share\/ --><a class=\"hupso_toolbar\" href=\"https:\/\/www.hupso.com\/share\/\"><img src=\"http:\/\/static.hupso.com\/share\/buttons\/lang\/es\/share-medium.png\" style=\"border:0px; padding-top: 5px; float:left;\" alt=\"Share Button\"\/><\/a><script type=\"text\/javascript\">var hupso_services_t=new Array(\"Twitter\",\"Facebook\",\"Google Plus\",\"Pinterest\",\"Linkedin\",\"Email\",\"Print\");var hupso_background_t=\"#EAF4FF\";var hupso_border_t=\"#66CCFF\";var hupso_toolbar_size_t=\"medium\";var hupso_image_folder_url = \"\";var hupso_twitter_via=\"hectorops\";var hupso_url_t=\"\";var hupso_title_t=\"ORACI%C3%93N%20A%20NUESTRA%20SE%C3%91ORA%20DEL%20ADVIENTO\";<\/script><script type=\"text\/javascript\" src=\"http:\/\/static.hupso.com\/share\/js\/share_toolbar.js\"><\/script><!-- Hupso Share Buttons --><\/div>","protected":false},"excerpt":{"rendered":"<p>Como todos los a\u00f1os, ahora que estamos en\u00a0el umbral del Adviento, quiero compartir con ustedes esta hermosa oraci\u00f3n que lleg\u00f3 a mis manos hace muchos a\u00f1os\u2026 A NUESTRA SE\u00d1ORA DEL ADVIENTO Se\u00f1ora del Adviento, se\u00f1ora de los brazos vac\u00edos, se\u00f1ora &hellip; <a href=\"http:\/\/delamanodemaria.com\/?p=10716\">Continue reading <span class=\"meta-nav\">&rarr;<\/span><\/a><\/p>\n<div style=\"padding-bottom:20px; padding-top:10px;\" class=\"hupso-share-buttons\"><!-- Hupso Share Buttons - https:\/\/www.hupso.com\/share\/ --><a class=\"hupso_toolbar\" href=\"https:\/\/www.hupso.com\/share\/\"><img src=\"http:\/\/static.hupso.com\/share\/buttons\/lang\/es\/share-medium.png\" style=\"border:0px; padding-top: 5px; float:left;\" alt=\"Share Button\"\/><\/a><script type=\"text\/javascript\">var hupso_services_t=new Array(\"Twitter\",\"Facebook\",\"Google Plus\",\"Pinterest\",\"Linkedin\",\"Email\",\"Print\");var hupso_background_t=\"#EAF4FF\";var hupso_border_t=\"#66CCFF\";var hupso_toolbar_size_t=\"medium\";var hupso_image_folder_url = \"\";var hupso_twitter_via=\"hectorops\";var hupso_url_t=\"\";var hupso_title_t=\"ORACI%C3%93N%20A%20NUESTRA%20SE%C3%91ORA%20DEL%20ADVIENTO\";<\/script><script type=\"text\/javascript\" src=\"http:\/\/static.hupso.com\/share\/js\/share_toolbar.js\"><\/script><!-- Hupso Share Buttons --><\/div>","protected":false},"author":1,"featured_media":4262,"comment_status":"open","ping_status":"open","sticky":false,"template":"","format":"standard","meta":{"jetpack_post_was_ever_published":false,"_jetpack_newsletter_access":"","_jetpack_newsletter_tier_id":0,"jetpack_publicize_message":"","jetpack_is_tweetstorm":false,"jetpack_publicize_feature_enabled":true,"jetpack_social_post_already_shared":true,"jetpack_social_options":{"image_generator_settings":{"template":"highway","enabled":false}}},"categories":[1],"tags":[2609,2618,8,1675,130],"jetpack_publicize_connections":[],"jetpack_featured_media_url":"http:\/\/delamanodemaria.com\/wp-content\/uploads\/2014\/10\/maria-embarazada.jpg","jetpack_shortlink":"https:\/\/wp.me\/p3bBgS-2MQ","jetpack_sharing_enabled":true,"jetpack_likes_enabled":true,"_links":{"self":[{"href":"http:\/\/delamanodemaria.com\/index.php?rest_route=\/wp\/v2\/posts\/10716"}],"collection":[{"href":"http:\/\/delamanodemaria.com\/index.php?rest_route=\/wp\/v2\/posts"}],"about":[{"href":"http:\/\/delamanodemaria.com\/index.php?rest_route=\/wp\/v2\/types\/post"}],"author":[{"embeddable":true,"href":"http:\/\/delamanodemaria.com\/index.php?rest_route=\/wp\/v2\/users\/1"}],"replies":[{"embeddable":true,"href":"http:\/\/delamanodemaria.com\/index.php?rest_route=%2Fwp%2Fv2%2Fcomments&post=10716"}],"version-history":[{"count":1,"href":"http:\/\/delamanodemaria.com\/index.php?rest_route=\/wp\/v2\/posts\/10716\/revisions"}],"predecessor-version":[{"id":10717,"href":"http:\/\/delamanodemaria.com\/index.php?rest_route=\/wp\/v2\/posts\/10716\/revisions\/10717"}],"wp:featuredmedia":[{"embeddable":true,"href":"http:\/\/delamanodemaria.com\/index.php?rest_route=\/wp\/v2\/media\/4262"}],"wp:attachment":[{"href":"http:\/\/delamanodemaria.com\/index.php?rest_route=%2Fwp%2Fv2%2Fmedia&parent=10716"}],"wp:term":[{"taxonomy":"category","embeddable":true,"href":"http:\/\/delamanodemaria.com\/index.php?rest_route=%2Fwp%2Fv2%2Fcategories&post=10716"},{"taxonomy":"post_tag","embeddable":true,"href":"http:\/\/delamanodemaria.com\/index.php?rest_route=%2Fwp%2Fv2%2Ftags&post=10716"}],"curies":[{"name":"wp","href":"https:\/\/api.w.org\/{rel}","templated":true}]}}