{"id":10718,"date":"2018-11-23T18:03:26","date_gmt":"2018-11-23T22:03:26","guid":{"rendered":"http:\/\/delamanodemaria.com\/?p=10718"},"modified":"2018-11-23T18:06:28","modified_gmt":"2018-11-23T22:06:28","slug":"reflexion-para-el-sabado-de-la-trigesimo-tercera-semana-del-t-o-2-24-11-18","status":"publish","type":"post","link":"http:\/\/delamanodemaria.com\/?p=10718","title":{"rendered":"REFLEXI\u00d3N PARA EL S\u00c1BADO DE LA TRIG\u00c9SIMO TERCERA SEMANA DEL T.O. (2) 24-11-18"},"content":{"rendered":"\n<figure class=\"wp-block-image\"><img decoding=\"async\" loading=\"lazy\" width=\"820\" height=\"312\" src=\"http:\/\/delamanodemaria.com\/wp-content\/uploads\/2018\/11\/ANDRES-DUNG-LAC.jpg\" alt=\"\" class=\"wp-image-10719\" srcset=\"http:\/\/delamanodemaria.com\/wp-content\/uploads\/2018\/11\/ANDRES-DUNG-LAC.jpg 820w, http:\/\/delamanodemaria.com\/wp-content\/uploads\/2018\/11\/ANDRES-DUNG-LAC-300x114.jpg 300w, http:\/\/delamanodemaria.com\/wp-content\/uploads\/2018\/11\/ANDRES-DUNG-LAC-768x292.jpg 768w, http:\/\/delamanodemaria.com\/wp-content\/uploads\/2018\/11\/ANDRES-DUNG-LAC-500x190.jpg 500w\" sizes=\"(max-width: 820px) 100vw, 820px\" \/><\/figure>\n\n\n\n<p>Hoy celebramos la memoria obligatoria de San Andr\u00e9s Dung-Lac junto con los otros 116 m\u00e1rtires vietnamitas de los siglos XVIII y XIX (ocho obispos, cincuenta sacerdotes, cincuenta y nueve laicos, hombres y mujeres de diferentes edades y condiciones, todos los cuales prefirieron el destierro, las c\u00e1rceles, los tormentos y finalmente la muerte a renunciar a su fe.<\/p>\n\n\n\n<p>El pasaje que la liturgia nos propone para hoy (Ap 11,4-12) trata precisamente sobre dos \u201ctestigos\u201d, a quienes Juan llama \u201clos dos olivos y los dos candelabros que est\u00e1n en la presencia del Se\u00f1or de la tierra\u201d. La palabra \u201cm\u00e1rtir\u201d se deriva del griego \u201c<em>martyr<\/em>\u201d, que quiere decir \u201ctestigo\u201d. En el caso de los cristianos, el mayor testimonio que podemos de nuestra fe es la vida misma; estar dispuestos a morir antes de renegar de nuestra fe, como lo han hecho tantos m\u00e1rtires a lo largo de toda la historia de la Iglesia, y sigue ocurriendo hoy. Entre ese grupo de cristianos valientes la Iglesia reconoce a San Andr\u00e9s Dung-Lac junto con los otros 116 m\u00e1rtires vietnamitas, quienes fueron canonizados por El Papa san Juan Pablo II el 19 de junio de 1988 en la Plaza de San Pedro.<\/p>\n\n\n\n<p>Esta lectura, t\u00edpica del g\u00e9nero apocal\u00edptico, est\u00e1 pre\u00f1ada de s\u00edmbolos, muchos tomados del Antiguo testamento, como la referencia a \u201clos dos olivos\u201d y \u201clos dos candelabros (<em>Cfr<\/em>. Zc 4,3.14). Esta lectura es continuaci\u00f3n del texto anterior que nos habla de los dos testigos que hab\u00edan sido enviados a proclamar la Palabra (11,1-3). El Se\u00f1or advierte que los que traten de hacerles da\u00f1o morir\u00e1n sin remedio. Vemos c\u00f3mo estos dos testigos, \u201cal terminar su testimonio\u201d se enfrentar\u00e1n sin temor al maligno, quien \u201cles har\u00e1 guerra, los derrotar\u00e1 y los matar\u00e1\u201d. Y como suele suceder en el g\u00e9nero apocal\u00edptico, los enemigos podr\u00e1n obtener victorias parciales, pero al final, las fuerzas del bien triunfar\u00e1n sobre las fuerzas del mal. Mientras todos se felicitaban y festejaban por la muerte de los profetas, porque estos les her\u00edan con sus palabras, y exhib\u00edan sus cad\u00e1veres sin darle sepultura, \u201cun aliento de vida mandado por Dios entr\u00f3 en ellos y se pusieron de pie, en medio del terror de todos los que lo ve\u00edan\u201d, mientras una voz desde el cielo dec\u00eda: \u201cSubid aqu\u00ed\u201d. Y ascendieron al cielo.<\/p>\n\n\n\n<p>El Se\u00f1or nos est\u00e1 asegurando que los que est\u00e9n dispuestos a mantenerse firmes en su testimonio, resucitar\u00e1n para la vida eterna, a diferencia de los que les hicieron da\u00f1o, que \u201cmorir\u00e1n sin remedio\u201d. Leemos en las actas martiriales c\u00f3mo aquellos cristianos prefer\u00edan ser devorados por las fieras mientras cantaban himnos y salmos, y me imagino que uno de los que cantaban ser\u00eda el Salmo 16: \u201cTengo siempre presente al Se\u00f1or: \u00e9l est\u00e1 a mi lado, nunca vacilar\u00e9. Por eso mi coraz\u00f3n se alegra, se regocijan mis entra\u00f1as y todo mi ser descansa seguro: porque no me entregar\u00e1s a la Muerte ni dejar\u00e1s que tu amigo vea el sepulcro\u201d. Porque el cristiano que cree en la resurrecci\u00f3n nunca ser\u00e1 presa de la muerte, pues cree en la promesa de que en el d\u00eda final resucitar\u00e1 para no morir jam\u00e1s.<\/p>\n\n\n\n<p>Ay\u00fadame, Se\u00f1or, a mantenerme firme en mi fe a pesar de los ataques, las burlas, las dificultades, las persecuciones. \u00a1Se\u00f1or yo creo, pero aumenta mi fe!<\/p>\n\n\n\n<p>Para una reflexi\u00f3n sobre el Evangelio de hoy ver:\u00a0 \u00a0<a href=\"http:\/\/delamanodemaria.com\/?p=8001\" target=\"_blank\">http:\/\/delamanodemaria.com\/?p=8001<\/a><\/p>\n<div style=\"padding-bottom:20px; padding-top:10px;\" class=\"hupso-share-buttons\"><!-- Hupso Share Buttons - https:\/\/www.hupso.com\/share\/ --><a class=\"hupso_toolbar\" href=\"https:\/\/www.hupso.com\/share\/\"><img src=\"http:\/\/static.hupso.com\/share\/buttons\/lang\/es\/share-medium.png\" style=\"border:0px; padding-top: 5px; float:left;\" alt=\"Share Button\"\/><\/a><script type=\"text\/javascript\">var hupso_services_t=new Array(\"Twitter\",\"Facebook\",\"Google Plus\",\"Pinterest\",\"Linkedin\",\"Email\",\"Print\");var hupso_background_t=\"#EAF4FF\";var hupso_border_t=\"#66CCFF\";var hupso_toolbar_size_t=\"medium\";var hupso_image_folder_url = \"\";var hupso_twitter_via=\"hectorops\";var hupso_url_t=\"\";var hupso_title_t=\"REFLEXI%C3%93N%20PARA%20EL%20S%C3%81BADO%20DE%20LA%20TRIG%C3%89SIMO%20TERCERA%20SEMANA%20DEL%20T.O.%20%282%29%2024-11-18\";<\/script><script type=\"text\/javascript\" src=\"http:\/\/static.hupso.com\/share\/js\/share_toolbar.js\"><\/script><!-- Hupso Share Buttons --><\/div>","protected":false},"excerpt":{"rendered":"<p>Hoy celebramos la memoria obligatoria de San Andr\u00e9s Dung-Lac junto con los otros 116 m\u00e1rtires vietnamitas de los siglos XVIII y XIX (ocho obispos, cincuenta sacerdotes, cincuenta y nueve laicos, hombres y mujeres de diferentes edades y condiciones, todos los &hellip; <a href=\"http:\/\/delamanodemaria.com\/?p=10718\">Continue reading <span class=\"meta-nav\">&rarr;<\/span><\/a><\/p>\n<div style=\"padding-bottom:20px; padding-top:10px;\" class=\"hupso-share-buttons\"><!-- Hupso Share Buttons - https:\/\/www.hupso.com\/share\/ --><a class=\"hupso_toolbar\" href=\"https:\/\/www.hupso.com\/share\/\"><img src=\"http:\/\/static.hupso.com\/share\/buttons\/lang\/es\/share-medium.png\" style=\"border:0px; padding-top: 5px; float:left;\" alt=\"Share Button\"\/><\/a><script type=\"text\/javascript\">var hupso_services_t=new Array(\"Twitter\",\"Facebook\",\"Google Plus\",\"Pinterest\",\"Linkedin\",\"Email\",\"Print\");var hupso_background_t=\"#EAF4FF\";var hupso_border_t=\"#66CCFF\";var hupso_toolbar_size_t=\"medium\";var hupso_image_folder_url = \"\";var hupso_twitter_via=\"hectorops\";var hupso_url_t=\"\";var hupso_title_t=\"REFLEXI%C3%93N%20PARA%20EL%20S%C3%81BADO%20DE%20LA%20TRIG%C3%89SIMO%20TERCERA%20SEMANA%20DEL%20T.O.%20%282%29%2024-11-18\";<\/script><script type=\"text\/javascript\" src=\"http:\/\/static.hupso.com\/share\/js\/share_toolbar.js\"><\/script><!-- Hupso Share Buttons --><\/div>","protected":false},"author":1,"featured_media":10719,"comment_status":"open","ping_status":"open","sticky":false,"template":"","format":"standard","meta":{"jetpack_post_was_ever_published":false,"_jetpack_newsletter_access":"","_jetpack_newsletter_tier_id":0,"jetpack_publicize_message":"","jetpack_is_tweetstorm":false,"jetpack_publicize_feature_enabled":true,"jetpack_social_post_already_shared":true,"jetpack_social_options":{"image_generator_settings":{"template":"highway","enabled":false}}},"categories":[1],"tags":[322,359,399,2621,1447,503,1422,2,54,2619,574,750,127,722,86,2620],"jetpack_publicize_connections":[],"jetpack_featured_media_url":"http:\/\/delamanodemaria.com\/wp-content\/uploads\/2018\/11\/ANDRES-DUNG-LAC.jpg","jetpack_shortlink":"https:\/\/wp.me\/p3bBgS-2MS","jetpack_sharing_enabled":true,"jetpack_likes_enabled":true,"_links":{"self":[{"href":"http:\/\/delamanodemaria.com\/index.php?rest_route=\/wp\/v2\/posts\/10718"}],"collection":[{"href":"http:\/\/delamanodemaria.com\/index.php?rest_route=\/wp\/v2\/posts"}],"about":[{"href":"http:\/\/delamanodemaria.com\/index.php?rest_route=\/wp\/v2\/types\/post"}],"author":[{"embeddable":true,"href":"http:\/\/delamanodemaria.com\/index.php?rest_route=\/wp\/v2\/users\/1"}],"replies":[{"embeddable":true,"href":"http:\/\/delamanodemaria.com\/index.php?rest_route=%2Fwp%2Fv2%2Fcomments&post=10718"}],"version-history":[{"count":6,"href":"http:\/\/delamanodemaria.com\/index.php?rest_route=\/wp\/v2\/posts\/10718\/revisions"}],"predecessor-version":[{"id":10725,"href":"http:\/\/delamanodemaria.com\/index.php?rest_route=\/wp\/v2\/posts\/10718\/revisions\/10725"}],"wp:featuredmedia":[{"embeddable":true,"href":"http:\/\/delamanodemaria.com\/index.php?rest_route=\/wp\/v2\/media\/10719"}],"wp:attachment":[{"href":"http:\/\/delamanodemaria.com\/index.php?rest_route=%2Fwp%2Fv2%2Fmedia&parent=10718"}],"wp:term":[{"taxonomy":"category","embeddable":true,"href":"http:\/\/delamanodemaria.com\/index.php?rest_route=%2Fwp%2Fv2%2Fcategories&post=10718"},{"taxonomy":"post_tag","embeddable":true,"href":"http:\/\/delamanodemaria.com\/index.php?rest_route=%2Fwp%2Fv2%2Ftags&post=10718"}],"curies":[{"name":"wp","href":"https:\/\/api.w.org\/{rel}","templated":true}]}}