{"id":1074,"date":"2013-05-20T20:52:42","date_gmt":"2013-05-21T00:52:42","guid":{"rendered":"http:\/\/delamanodemaria.com\/?p=1074"},"modified":"2013-05-20T20:52:42","modified_gmt":"2013-05-21T00:52:42","slug":"video-el-papa-hizo-un-exorcismo-en-san-pedro","status":"publish","type":"post","link":"http:\/\/delamanodemaria.com\/?p=1074","title":{"rendered":"VIDEO: \u00bfEl Papa hizo un exorcismo en San Pedro?"},"content":{"rendered":"<p>VATICANO, 20 May. 13 \/ 03:20 pm (<a href=\"http:\/\/www.aciprensa.com\/\" target=\"_self\"><b>ACI<\/b><\/a>).- El domingo 19 de mayo, Solemnidad de Pentecost\u00e9s, cuando la <a href=\"http:\/\/www.aciprensa.com\/iglesia\/index.html\">Iglesia<\/a> celebra la efusi\u00f3n del Esp\u00edritu Santo sobre la Virgen Mar\u00eda y los Ap\u00f3stoles, el Papa Francisco habr\u00eda realizado un rito de exorcismo en la Plaza de San Pedro.<\/p>\n<p>Al final de la <a href=\"http:\/\/www.aciprensa.com\/Eucaristia\/index.html\">Misa<\/a> que presidi\u00f3 por Pentecost\u00e9s, a la que asistieron m\u00e1s de 200 mil personas en su mayor\u00eda pertenecientes a los nuevos movimientos eclesiales, el Santo Padre salud\u00f3 a los enfermos que estuvieron en la Eucarist\u00eda pero se detuvo en uno que estaba acompa\u00f1ado por un sacerdote.<\/p>\n<p>El Papa salud\u00f3 al muchacho y al presb\u00edtero que le coment\u00f3 que el chico necesitaba un exorcismo. El Santo Padre cambi\u00f3 la expresi\u00f3n en el rostro, se puso serio y coloc\u00f3 ambas manos sobre su cabeza y rez\u00f3.<\/p>\n<p>La prensa italiana se\u00f1ala que de acuerdo a algunos exorcistas que han visto las im\u00e1genes, el Papa habr\u00eda hecho una oraci\u00f3n de liberaci\u00f3n del demonio o un exorcismo efectivamente.<\/p>\n<p>El video de la oraci\u00f3n del Papa Francisco ser\u00e1 transmitido y comentado el viernes 24 de mayo en el canal TV 2000 de la Conferencia Episcopal Italiana en el programa Vade Retro.<\/p>\n<p>Para ver el video, pulse aqu\u00ed: <a href=\"http:\/\/www.aciprensa.com\/noticias\/el-papa-hizo-un-exorcismo-en-san-pedro-en-pentecostes-82046\/#.UZrEQUvD92E\" target=\"_blank\">http:\/\/www.aciprensa.com\/noticias\/el-papa-hizo-un-exorcismo-en-san-pedro-en-pentecostes-82046\/#.UZrEQUvD92E<\/a><\/p>\n<div style=\"padding-bottom:20px; padding-top:10px;\" class=\"hupso-share-buttons\"><!-- Hupso Share Buttons - https:\/\/www.hupso.com\/share\/ --><a class=\"hupso_toolbar\" href=\"https:\/\/www.hupso.com\/share\/\"><img src=\"http:\/\/static.hupso.com\/share\/buttons\/lang\/es\/share-medium.png\" style=\"border:0px; padding-top: 5px; float:left;\" alt=\"Share Button\"\/><\/a><script type=\"text\/javascript\">var hupso_services_t=new Array(\"Twitter\",\"Facebook\",\"Google Plus\",\"Pinterest\",\"Linkedin\",\"Email\",\"Print\");var hupso_background_t=\"#EAF4FF\";var hupso_border_t=\"#66CCFF\";var hupso_toolbar_size_t=\"medium\";var hupso_image_folder_url = \"\";var hupso_twitter_via=\"hectorops\";var hupso_url_t=\"\";var hupso_title_t=\"VIDEO%3A%20%C2%BFEl%20Papa%20hizo%20un%20exorcismo%20en%20San%20Pedro%3F\";<\/script><script type=\"text\/javascript\" src=\"http:\/\/static.hupso.com\/share\/js\/share_toolbar.js\"><\/script><!-- Hupso Share Buttons --><\/div>","protected":false},"excerpt":{"rendered":"<p>VATICANO, 20 May. 13 \/ 03:20 pm (ACI).- El domingo 19 de mayo, Solemnidad de Pentecost\u00e9s, cuando la Iglesia celebra la efusi\u00f3n del Esp\u00edritu Santo sobre la Virgen Mar\u00eda y los Ap\u00f3stoles, el Papa Francisco habr\u00eda realizado un rito de &hellip; <a href=\"http:\/\/delamanodemaria.com\/?p=1074\">Continue reading <span class=\"meta-nav\">&rarr;<\/span><\/a><\/p>\n<div style=\"padding-bottom:20px; padding-top:10px;\" class=\"hupso-share-buttons\"><!-- Hupso Share Buttons - https:\/\/www.hupso.com\/share\/ --><a class=\"hupso_toolbar\" href=\"https:\/\/www.hupso.com\/share\/\"><img src=\"http:\/\/static.hupso.com\/share\/buttons\/lang\/es\/share-medium.png\" style=\"border:0px; padding-top: 5px; float:left;\" alt=\"Share Button\"\/><\/a><script type=\"text\/javascript\">var hupso_services_t=new Array(\"Twitter\",\"Facebook\",\"Google Plus\",\"Pinterest\",\"Linkedin\",\"Email\",\"Print\");var hupso_background_t=\"#EAF4FF\";var hupso_border_t=\"#66CCFF\";var hupso_toolbar_size_t=\"medium\";var hupso_image_folder_url = \"\";var hupso_twitter_via=\"hectorops\";var hupso_url_t=\"\";var hupso_title_t=\"VIDEO%3A%20%C2%BFEl%20Papa%20hizo%20un%20exorcismo%20en%20San%20Pedro%3F\";<\/script><script type=\"text\/javascript\" src=\"http:\/\/static.hupso.com\/share\/js\/share_toolbar.js\"><\/script><!-- Hupso Share Buttons --><\/div>","protected":false},"author":1,"featured_media":0,"comment_status":"open","ping_status":"open","sticky":false,"template":"","format":"standard","meta":{"jetpack_post_was_ever_published":false,"_jetpack_newsletter_access":"","_jetpack_newsletter_tier_id":0,"jetpack_publicize_message":"","jetpack_is_tweetstorm":false,"jetpack_publicize_feature_enabled":true,"jetpack_social_post_already_shared":true,"jetpack_social_options":{"image_generator_settings":{"template":"highway","enabled":false}}},"categories":[1],"tags":[145,35,6,11,77],"jetpack_publicize_connections":[],"jetpack_featured_media_url":"","jetpack_shortlink":"https:\/\/wp.me\/p3bBgS-hk","jetpack_sharing_enabled":true,"jetpack_likes_enabled":true,"_links":{"self":[{"href":"http:\/\/delamanodemaria.com\/index.php?rest_route=\/wp\/v2\/posts\/1074"}],"collection":[{"href":"http:\/\/delamanodemaria.com\/index.php?rest_route=\/wp\/v2\/posts"}],"about":[{"href":"http:\/\/delamanodemaria.com\/index.php?rest_route=\/wp\/v2\/types\/post"}],"author":[{"embeddable":true,"href":"http:\/\/delamanodemaria.com\/index.php?rest_route=\/wp\/v2\/users\/1"}],"replies":[{"embeddable":true,"href":"http:\/\/delamanodemaria.com\/index.php?rest_route=%2Fwp%2Fv2%2Fcomments&post=1074"}],"version-history":[{"count":2,"href":"http:\/\/delamanodemaria.com\/index.php?rest_route=\/wp\/v2\/posts\/1074\/revisions"}],"predecessor-version":[{"id":1080,"href":"http:\/\/delamanodemaria.com\/index.php?rest_route=\/wp\/v2\/posts\/1074\/revisions\/1080"}],"wp:attachment":[{"href":"http:\/\/delamanodemaria.com\/index.php?rest_route=%2Fwp%2Fv2%2Fmedia&parent=1074"}],"wp:term":[{"taxonomy":"category","embeddable":true,"href":"http:\/\/delamanodemaria.com\/index.php?rest_route=%2Fwp%2Fv2%2Fcategories&post=1074"},{"taxonomy":"post_tag","embeddable":true,"href":"http:\/\/delamanodemaria.com\/index.php?rest_route=%2Fwp%2Fv2%2Ftags&post=1074"}],"curies":[{"name":"wp","href":"https:\/\/api.w.org\/{rel}","templated":true}]}}