{"id":10764,"date":"2018-11-29T12:25:18","date_gmt":"2018-11-29T16:25:18","guid":{"rendered":"http:\/\/delamanodemaria.com\/?p=10764"},"modified":"2018-11-29T22:40:23","modified_gmt":"2018-11-30T02:40:23","slug":"invitacion-a-retiro-de-adviento-con-maria-a-la-espera-de-jesus-01-12-18","status":"publish","type":"post","link":"http:\/\/delamanodemaria.com\/?p=10764","title":{"rendered":"INVITACI\u00d3N A RETIRO DE ADVIENTO &#8211; &#8220;CON MAR\u00cdA A LA ESPERA DE JES\u00daS&#8221;  01-12-18"},"content":{"rendered":"\n<figure class=\"wp-block-image\"><img decoding=\"async\" loading=\"lazy\" width=\"600\" height=\"300\" src=\"http:\/\/delamanodemaria.com\/wp-content\/uploads\/2018\/11\/maria-y-jose-rumbo-a-belen.jpg\" alt=\"\" class=\"wp-image-10765\" srcset=\"http:\/\/delamanodemaria.com\/wp-content\/uploads\/2018\/11\/maria-y-jose-rumbo-a-belen.jpg 600w, http:\/\/delamanodemaria.com\/wp-content\/uploads\/2018\/11\/maria-y-jose-rumbo-a-belen-300x150.jpg 300w, http:\/\/delamanodemaria.com\/wp-content\/uploads\/2018\/11\/maria-y-jose-rumbo-a-belen-500x250.jpg 500w\" sizes=\"(max-width: 600px) 100vw, 600px\" \/><\/figure>\n\n\n\n<p>La <em><strong>Parroquia Cristo Rey<\/strong> de Corozal<\/em> invita al <strong>retiro de Adviento 2018<\/strong> &#8211; A\u00f1o Mariano: &#8220;<strong><em>Con Mar\u00eda a la espera de Jes\u00fas<\/em><\/strong>&#8220;, el s\u00e1bado <strong>1 de diciembre de 2018<\/strong>, de 8:00 am a 3:00 pm. El retiro estar\u00e1 a cargo del predicador y laico dominico <em>H\u00e9ctor L. M\u00e1rquez, O.P.<\/em><\/p>\n\n\n\n<p style=\"text-align:center\"><strong>PROGRAMA<\/strong><\/p>\n\n\n\n<p>08:00-08:25 AM: Registro &#8211; Bienvenida &#8211; Desayuno<\/p>\n\n\n\n<p>08:30-09:30 AM: Primera charla<\/p>\n\n\n\n<p>09:30-10:00 AM: Receso<\/p>\n\n\n\n<p>10:00 AM-12:00 PM:\u00a0 Segunda charla<\/p>\n\n\n\n<p>12:00-01:00 PM: Almuerzo<\/p>\n\n\n\n<p>01:00-02:00 PM: Tercera Charla<\/p>\n\n\n\n<p>02:00-02:30 PM: Puntos finales del retiro<\/p>\n\n\n\n<p>02:30-3:30 PM: Adoraci\u00f3n &#8211; Coronilla de la Divina Misericordia<\/p>\n<div style=\"padding-bottom:20px; padding-top:10px;\" class=\"hupso-share-buttons\"><!-- Hupso Share Buttons - https:\/\/www.hupso.com\/share\/ --><a class=\"hupso_toolbar\" href=\"https:\/\/www.hupso.com\/share\/\"><img src=\"http:\/\/static.hupso.com\/share\/buttons\/lang\/es\/share-medium.png\" style=\"border:0px; padding-top: 5px; float:left;\" alt=\"Share Button\"\/><\/a><script type=\"text\/javascript\">var hupso_services_t=new Array(\"Twitter\",\"Facebook\",\"Google Plus\",\"Pinterest\",\"Linkedin\",\"Email\",\"Print\");var hupso_background_t=\"#EAF4FF\";var hupso_border_t=\"#66CCFF\";var hupso_toolbar_size_t=\"medium\";var hupso_image_folder_url = \"\";var hupso_twitter_via=\"hectorops\";var hupso_url_t=\"\";var hupso_title_t=\"INVITACI%C3%93N%20A%20RETIRO%20DE%20ADVIENTO%20-%20%22CON%20MAR%C3%8DA%20A%20LA%20ESPERA%20DE%20JES%C3%9AS%22%20%2001-12-18\";<\/script><script type=\"text\/javascript\" src=\"http:\/\/static.hupso.com\/share\/js\/share_toolbar.js\"><\/script><!-- Hupso Share Buttons --><\/div>","protected":false},"excerpt":{"rendered":"<p>La Parroquia Cristo Rey de Corozal invita al retiro de Adviento 2018 &#8211; A\u00f1o Mariano: &#8220;Con Mar\u00eda a la espera de Jes\u00fas&#8220;, el s\u00e1bado 1 de diciembre de 2018, de 8:00 am a 3:00 pm. El retiro estar\u00e1 a cargo &hellip; <a href=\"http:\/\/delamanodemaria.com\/?p=10764\">Continue reading <span class=\"meta-nav\">&rarr;<\/span><\/a><\/p>\n<div style=\"padding-bottom:20px; padding-top:10px;\" class=\"hupso-share-buttons\"><!-- Hupso Share Buttons - https:\/\/www.hupso.com\/share\/ --><a class=\"hupso_toolbar\" href=\"https:\/\/www.hupso.com\/share\/\"><img src=\"http:\/\/static.hupso.com\/share\/buttons\/lang\/es\/share-medium.png\" style=\"border:0px; padding-top: 5px; float:left;\" alt=\"Share Button\"\/><\/a><script type=\"text\/javascript\">var hupso_services_t=new Array(\"Twitter\",\"Facebook\",\"Google Plus\",\"Pinterest\",\"Linkedin\",\"Email\",\"Print\");var hupso_background_t=\"#EAF4FF\";var hupso_border_t=\"#66CCFF\";var hupso_toolbar_size_t=\"medium\";var hupso_image_folder_url = \"\";var hupso_twitter_via=\"hectorops\";var hupso_url_t=\"\";var hupso_title_t=\"INVITACI%C3%93N%20A%20RETIRO%20DE%20ADVIENTO%20-%20%22CON%20MAR%C3%8DA%20A%20LA%20ESPERA%20DE%20JES%C3%9AS%22%20%2001-12-18\";<\/script><script type=\"text\/javascript\" src=\"http:\/\/static.hupso.com\/share\/js\/share_toolbar.js\"><\/script><!-- Hupso Share Buttons --><\/div>","protected":false},"author":1,"featured_media":10765,"comment_status":"open","ping_status":"open","sticky":false,"template":"","format":"standard","meta":{"jetpack_post_was_ever_published":false,"_jetpack_newsletter_access":"","_jetpack_newsletter_tier_id":0,"jetpack_publicize_message":"","jetpack_is_tweetstorm":false,"jetpack_publicize_feature_enabled":true,"jetpack_social_post_already_shared":true,"jetpack_social_options":{"image_generator_settings":{"template":"highway","enabled":false}}},"categories":[1],"tags":[2609,2641,2642,904,2640],"jetpack_publicize_connections":[],"jetpack_featured_media_url":"http:\/\/delamanodemaria.com\/wp-content\/uploads\/2018\/11\/maria-y-jose-rumbo-a-belen.jpg","jetpack_shortlink":"https:\/\/wp.me\/p3bBgS-2NC","jetpack_sharing_enabled":true,"jetpack_likes_enabled":true,"_links":{"self":[{"href":"http:\/\/delamanodemaria.com\/index.php?rest_route=\/wp\/v2\/posts\/10764"}],"collection":[{"href":"http:\/\/delamanodemaria.com\/index.php?rest_route=\/wp\/v2\/posts"}],"about":[{"href":"http:\/\/delamanodemaria.com\/index.php?rest_route=\/wp\/v2\/types\/post"}],"author":[{"embeddable":true,"href":"http:\/\/delamanodemaria.com\/index.php?rest_route=\/wp\/v2\/users\/1"}],"replies":[{"embeddable":true,"href":"http:\/\/delamanodemaria.com\/index.php?rest_route=%2Fwp%2Fv2%2Fcomments&post=10764"}],"version-history":[{"count":9,"href":"http:\/\/delamanodemaria.com\/index.php?rest_route=\/wp\/v2\/posts\/10764\/revisions"}],"predecessor-version":[{"id":10781,"href":"http:\/\/delamanodemaria.com\/index.php?rest_route=\/wp\/v2\/posts\/10764\/revisions\/10781"}],"wp:featuredmedia":[{"embeddable":true,"href":"http:\/\/delamanodemaria.com\/index.php?rest_route=\/wp\/v2\/media\/10765"}],"wp:attachment":[{"href":"http:\/\/delamanodemaria.com\/index.php?rest_route=%2Fwp%2Fv2%2Fmedia&parent=10764"}],"wp:term":[{"taxonomy":"category","embeddable":true,"href":"http:\/\/delamanodemaria.com\/index.php?rest_route=%2Fwp%2Fv2%2Fcategories&post=10764"},{"taxonomy":"post_tag","embeddable":true,"href":"http:\/\/delamanodemaria.com\/index.php?rest_route=%2Fwp%2Fv2%2Ftags&post=10764"}],"curies":[{"name":"wp","href":"https:\/\/api.w.org\/{rel}","templated":true}]}}