{"id":10841,"date":"2018-12-10T14:51:58","date_gmt":"2018-12-10T18:51:58","guid":{"rendered":"http:\/\/delamanodemaria.com\/?p=10841"},"modified":"2018-12-10T18:05:54","modified_gmt":"2018-12-10T22:05:54","slug":"__trashed","status":"publish","type":"post","link":"http:\/\/delamanodemaria.com\/?p=10841","title":{"rendered":"REFLEXI\u00d3N PARA EL MARTES DE LA SEGUNDA SEMANA DE ADVIENTO 13-12-18"},"content":{"rendered":"\n<figure class=\"wp-block-image\"><img decoding=\"async\" loading=\"lazy\" width=\"603\" height=\"402\" src=\"http:\/\/delamanodemaria.com\/wp-content\/uploads\/2018\/12\/oveja-perdida.jpg\" alt=\"\" class=\"wp-image-10845\" srcset=\"http:\/\/delamanodemaria.com\/wp-content\/uploads\/2018\/12\/oveja-perdida.jpg 603w, http:\/\/delamanodemaria.com\/wp-content\/uploads\/2018\/12\/oveja-perdida-300x200.jpg 300w, http:\/\/delamanodemaria.com\/wp-content\/uploads\/2018\/12\/oveja-perdida-450x300.jpg 450w\" sizes=\"(max-width: 603px) 100vw, 603px\" \/><\/figure>\n\n\n\n<p>La primera lectura que nos ofrece la liturgia para hoy, tomada del profeta Isa\u00edas (40,1-11), nos brinda el pasaje citado por Jes\u00fas en el Evangelio que le\u00edamos este segundo domingo de Adviento (Lc 3,1-6): &#8220;Voz del que grita en el desierto: &#8216;Preparad el camino del Se\u00f1or, allanad sus senderos;&nbsp;los valles ser\u00e1n rellenados,&nbsp;los montes y colinas ser\u00e1n rebajador;&nbsp;lo torcido ser\u00e1 enderezado,&nbsp;lo escabroso ser\u00e1 camino llano.&nbsp;Y toda carne ver\u00e1 la salvaci\u00f3n de Dios'&#8221;.<\/p>\n\n\n\n<p>Es un anuncio de los tiempos mesi\u00e1nicos unido a un llamado a la preparaci\u00f3n para esos tiempos en que el Se\u00f1or ha de llegar para liberar a su pueblo; preparaci\u00f3n que en t\u00e9rminos nuestros implica un proceso de conversi\u00f3n que allane el camino para que Dios pueda llegar a nuestros corazones.<\/p>\n\n\n\n<p>Concluye el pasaje haciendo uso de la imagen que vemos a menudo en el Antiguo Testamento de Dios como \u201cpastor\u201d y su pueblo como \u201creba\u00f1o\u201d: \u201cComo un pastor que apacienta el reba\u00f1o, su brazo lo re\u00fane, toma en brazos los corderos y hace recostar a las madres\u201d. As\u00ed ha de venir el Mes\u00edas esperado, como un pastor que cuida de sus ovejas. Y esa imagen del pastor que re\u00fane a su reba\u00f1o y \u201ctoma en brazos los corderos y hace recostar las madres\u201d, nos presenta el buen pastor que se preocupa por sus ovejas, las re\u00fane y las cuida.<\/p>\n\n\n\n<p>La lectura evang\u00e9lica de hoy (Mt 18,12-14) nos presenta la par\u00e1bola del pastor que tiene cien ovejas, una se le pierde, y deja las noventa y nueve que le quedan para ir en busca de la que se extravi\u00f3. Jes\u00fas est\u00e1 familiarizado con la vida pastoril, sabe que una oveja sola est\u00e1 indefensa, no puede sobrevivir. Nos dice que el Padre que est\u00e1 en los cielos es como el buen pastor de la par\u00e1bola, no deja de preocuparse por ninguna de sus ovejas, aunque se aleje. Cuando un alma de aleja de \u00c9l, no puede mantenerse indiferente. Esta par\u00e1bola nos presenta a un Dios que no quiere que nos perdamos, que viene a nuestro encuentro. Y cuando nos encuentra se alegra m\u00e1s por habernos encontrado que por aquellas que ya estaban en el redil. Y ese d\u00eda habr\u00e1 fiesta en la casa del Padre \u201cporque mi hijo estaba muerto y ha vuelto a la vida, estaba perdido y fue encontrado\u201d (Lc 15,24).<\/p>\n\n\n\n<p>Nos est\u00e1 diciendo que a \u00c9l no le importa la raz\u00f3n por la cual nos hayamos alejado; tan solo quiere que regresemos a su lado. \u00c9l nos est\u00e1 buscando, se hace cercano a nosotros. La misericordia de Dios, ese misterio de la actitud de Dios ante el pecado del hombre. \u00c9l quiere a todas sus ovejas, pero se siente especialmente alegre cuando encuentra una que estaba perdida; y estoy seguro que sonreir\u00e1 cada vez que la vea junto a las dem\u00e1s ovejas de su reba\u00f1o.<\/p>\n\n\n\n<p>Hab\u00edamos dicho que la palabra clave en esta segunda semana de Adviento es \u201cconversi\u00f3n\u201d; conversi\u00f3n que nos permitir\u00e1 \u201cpreparar el camino\u201d para que Dios, Buen Pastor, venga a nuestro encuentro, y podamos recibirlo en nuestros corazones. \u00a1Ven a mi encuentro, Se\u00f1or, haz morada en mi coraz\u00f3n, y no permitas que me aleje de Ti!<\/p>\n<div style=\"padding-bottom:20px; padding-top:10px;\" class=\"hupso-share-buttons\"><!-- Hupso Share Buttons - https:\/\/www.hupso.com\/share\/ --><a class=\"hupso_toolbar\" href=\"https:\/\/www.hupso.com\/share\/\"><img src=\"http:\/\/static.hupso.com\/share\/buttons\/lang\/es\/share-medium.png\" style=\"border:0px; padding-top: 5px; float:left;\" alt=\"Share Button\"\/><\/a><script type=\"text\/javascript\">var hupso_services_t=new Array(\"Twitter\",\"Facebook\",\"Google Plus\",\"Pinterest\",\"Linkedin\",\"Email\",\"Print\");var hupso_background_t=\"#EAF4FF\";var hupso_border_t=\"#66CCFF\";var hupso_toolbar_size_t=\"medium\";var hupso_image_folder_url = \"\";var hupso_twitter_via=\"hectorops\";var hupso_url_t=\"\";var hupso_title_t=\"REFLEXI%C3%93N%20PARA%20EL%20MARTES%20DE%20LA%20SEGUNDA%20SEMANA%20DE%20ADVIENTO%2013-12-18\";<\/script><script type=\"text\/javascript\" src=\"http:\/\/static.hupso.com\/share\/js\/share_toolbar.js\"><\/script><!-- Hupso Share Buttons --><\/div>","protected":false},"excerpt":{"rendered":"<p>La primera lectura que nos ofrece la liturgia para hoy, tomada del profeta Isa\u00edas (40,1-11), nos brinda el pasaje citado por Jes\u00fas en el Evangelio que le\u00edamos este segundo domingo de Adviento (Lc 3,1-6): &#8220;Voz del que grita en el &hellip; <a href=\"http:\/\/delamanodemaria.com\/?p=10841\">Continue reading <span class=\"meta-nav\">&rarr;<\/span><\/a><\/p>\n<div style=\"padding-bottom:20px; padding-top:10px;\" class=\"hupso-share-buttons\"><!-- Hupso Share Buttons - https:\/\/www.hupso.com\/share\/ --><a class=\"hupso_toolbar\" href=\"https:\/\/www.hupso.com\/share\/\"><img src=\"http:\/\/static.hupso.com\/share\/buttons\/lang\/es\/share-medium.png\" style=\"border:0px; padding-top: 5px; float:left;\" alt=\"Share Button\"\/><\/a><script type=\"text\/javascript\">var hupso_services_t=new Array(\"Twitter\",\"Facebook\",\"Google Plus\",\"Pinterest\",\"Linkedin\",\"Email\",\"Print\");var hupso_background_t=\"#EAF4FF\";var hupso_border_t=\"#66CCFF\";var hupso_toolbar_size_t=\"medium\";var hupso_image_folder_url = \"\";var hupso_twitter_via=\"hectorops\";var hupso_url_t=\"\";var hupso_title_t=\"REFLEXI%C3%93N%20PARA%20EL%20MARTES%20DE%20LA%20SEGUNDA%20SEMANA%20DE%20ADVIENTO%2013-12-18\";<\/script><script type=\"text\/javascript\" src=\"http:\/\/static.hupso.com\/share\/js\/share_toolbar.js\"><\/script><!-- Hupso Share Buttons --><\/div>","protected":false},"author":1,"featured_media":10845,"comment_status":"open","ping_status":"open","sticky":false,"template":"","format":"standard","meta":{"jetpack_post_was_ever_published":false,"_jetpack_newsletter_access":"","_jetpack_newsletter_tier_id":0,"jetpack_publicize_message":"","jetpack_is_tweetstorm":false,"jetpack_publicize_feature_enabled":true,"jetpack_social_post_already_shared":true,"jetpack_social_options":{"image_generator_settings":{"template":"highway","enabled":false}}},"categories":[1],"tags":[330,537,12,616,371,163,1323,332,785,803,2669,2,87,2666,620,2667,2665],"jetpack_publicize_connections":[],"jetpack_featured_media_url":"http:\/\/delamanodemaria.com\/wp-content\/uploads\/2018\/12\/oveja-perdida.jpg","jetpack_shortlink":"https:\/\/wp.me\/p3bBgS-2OR","jetpack_sharing_enabled":true,"jetpack_likes_enabled":true,"_links":{"self":[{"href":"http:\/\/delamanodemaria.com\/index.php?rest_route=\/wp\/v2\/posts\/10841"}],"collection":[{"href":"http:\/\/delamanodemaria.com\/index.php?rest_route=\/wp\/v2\/posts"}],"about":[{"href":"http:\/\/delamanodemaria.com\/index.php?rest_route=\/wp\/v2\/types\/post"}],"author":[{"embeddable":true,"href":"http:\/\/delamanodemaria.com\/index.php?rest_route=\/wp\/v2\/users\/1"}],"replies":[{"embeddable":true,"href":"http:\/\/delamanodemaria.com\/index.php?rest_route=%2Fwp%2Fv2%2Fcomments&post=10841"}],"version-history":[{"count":6,"href":"http:\/\/delamanodemaria.com\/index.php?rest_route=\/wp\/v2\/posts\/10841\/revisions"}],"predecessor-version":[{"id":10848,"href":"http:\/\/delamanodemaria.com\/index.php?rest_route=\/wp\/v2\/posts\/10841\/revisions\/10848"}],"wp:featuredmedia":[{"embeddable":true,"href":"http:\/\/delamanodemaria.com\/index.php?rest_route=\/wp\/v2\/media\/10845"}],"wp:attachment":[{"href":"http:\/\/delamanodemaria.com\/index.php?rest_route=%2Fwp%2Fv2%2Fmedia&parent=10841"}],"wp:term":[{"taxonomy":"category","embeddable":true,"href":"http:\/\/delamanodemaria.com\/index.php?rest_route=%2Fwp%2Fv2%2Fcategories&post=10841"},{"taxonomy":"post_tag","embeddable":true,"href":"http:\/\/delamanodemaria.com\/index.php?rest_route=%2Fwp%2Fv2%2Ftags&post=10841"}],"curies":[{"name":"wp","href":"https:\/\/api.w.org\/{rel}","templated":true}]}}