{"id":10849,"date":"2018-12-11T19:50:30","date_gmt":"2018-12-11T23:50:30","guid":{"rendered":"http:\/\/delamanodemaria.com\/?p=10849"},"modified":"2018-12-11T19:50:38","modified_gmt":"2018-12-11T23:50:38","slug":"reflexion-para-la-fiesta-de-nuestra-senora-de-guadalupe-12-12-18","status":"publish","type":"post","link":"http:\/\/delamanodemaria.com\/?p=10849","title":{"rendered":"REFLEXI\u00d3N PARA LA FIESTA DE NUESTRA SE\u00d1ORA DE GUADALUPE 12-12-18"},"content":{"rendered":"\n<figure class=\"wp-block-image\"><img decoding=\"async\" loading=\"lazy\" width=\"502\" height=\"640\" src=\"http:\/\/delamanodemaria.com\/wp-content\/uploads\/2013\/12\/ntra-sra-del-adviento.jpg\" alt=\"\" class=\"wp-image-4547\" srcset=\"http:\/\/delamanodemaria.com\/wp-content\/uploads\/2013\/12\/ntra-sra-del-adviento.jpg 502w, http:\/\/delamanodemaria.com\/wp-content\/uploads\/2013\/12\/ntra-sra-del-adviento-235x300.jpg 235w\" sizes=\"(max-width: 502px) 100vw, 502px\" \/><\/figure>\n\n\n\n<p>Hoy Puerto Rico y toda Am\u00e9rica Latina celebra la Fiesta de la Patrona de Am\u00e9rica Latina, Se\u00f1ora y Madre de los Mexicanos, y declarada \u201cEmperatriz de las Am\u00e9ricas\u201d por el papa P\u00edo XII, en un mensaje radial a los mexicanos el 12 de octubre de 1945.<\/p>\n\n\n\n<p>La lectura evang\u00e9lica que nos propone la liturgia para esta Fiesta (Lc 1,39-48) nos narra la visita de la Virgen Mar\u00eda a su prima Isabel, y el comienzo del hermoso c\u00e1ntico del <em>Magn\u00edficat<\/em>. Mar\u00eda est\u00e1 encinta, y a pesar de su pre\u00f1ez, parte presurosa a ayudar a su parienta, quienes una mujer mayor que se encuentra en sus \u00faltimos tres meses del embarazo.<\/p>\n\n\n\n<p>Esa es la Virgen que se presenta a san Juan Diego en el Tepeyac. Si examinamos detenidamente la imagen de Nuestra Se\u00f1ora de Guadalupe, notamos que la parte m\u00e1s iluminada es el vientre, que aparece ligera y delicadamente distendido, como el de una joven mujer al comienzo de su embarazo. Este hecho se confirma por la cinta negra que la Virgen lleva alrededor de la cintura, que es una prenda que usaban las mujeres aztecas cuando estaban embarazadas. \u00a1Qu\u00e9 imagen tan hermosa! Esta imagen de la Guadalupana es tan rica en s\u00edmbolos, que resulta imposible ni tan siquiera intentar enumerarlos en tan corto espacio. <\/p>\n\n\n\n<p>Poseyendo la Sant\u00edsima Virgen un cuerpo glorificado al haber sido asunta en cuerpo y alma a la gloria celestial (parte del dogma de la Asunci\u00f3n), puede adaptarse, tomar diferentes caracter\u00edsticas f\u00edsicas: su edad, estatura, apariencia, caracter\u00edsticas \u00e9tnicas, idioma,vestuario, etc. As\u00ed la Virgen se acomoda a la cultura y el lenguaje del vidente con miras a un fin pedag\u00f3gico. De hecho, toda la simbolog\u00eda de la imagen ha sido descrita como una \u201cescritura jerogl\u00edfica\u201d, un \u201ccatecismo\u201d especial para que los nuevos conversos, que a\u00fan no hablaban el castellano, pudieran entenderla.<\/p>\n\n\n\n<p>En el caso de Nuestra Se\u00f1ora de Guadalupe,notamos adem\u00e1s que su rostro no es ni ind\u00edgena, ni espa\u00f1ol, sino una mezcla de ambas razas, mestizo. Esta apariencia parece anunciar la aparici\u00f3n de una nueva raza producto de la uni\u00f3n de ambas razas: el pueblo mexicano. Una nueva raza producto de la uni\u00f3n de otras dos con un elemento com\u00fan: la fe cat\u00f3lica. \u201cHe aqu\u00ed que la virgen concebir\u00e1 y dar\u00e1 a luz un hijo, y llamar\u00e1 su nombre Emanuel\u201d(Is 7,14). As\u00ed la Guadalupana \u201cda a luz\u201d tambi\u00e9n a un nuevo pueblo que nace junto a la evangelizaci\u00f3n de Am\u00e9rica y tiene como elemento com\u00fan al Emanuel,\u201cDios-en-nosotros\u201d. Una raza, un pueblo genuinamente latinoamericano, que recibi\u00f3 a Jes\u00fas en su coraz\u00f3n, tal y como estamos prepar\u00e1ndonos nosotros \u201choy\u201d,durante el Adviento, para recibirle en los nuestros.<\/p>\n\n\n\n<p>No es por coincidencia, sino por &#8220;Diosidencia\u201d, como dice mi esposa, que la Fiesta de Nuestra Se\u00f1ora de Guadalupe se celebra durante el Adviento, y durante la parte del Adviento en que se nos llama a la conversi\u00f3n. Es un hecho hist\u00f3rico que en un per\u00edodo tan corto como diez a\u00f1os a partir de la aparici\u00f3n de Nuestra Se\u00f1ora en el Tepeyac, la fe cat\u00f3lica se propag\u00f3 por todo el continente, logrando la conversi\u00f3n de todos los pueblos latinoamericanos.<\/p>\n\n\n\n<p>En esta fecha tan especial, pidamos a nuestro Se\u00f1or, por la intercesi\u00f3n de Nuestra Se\u00f1ora de Guadalupe, que nos ayude lograrla conversi\u00f3n que nos permita recibir a su Hijo en nuestros corazones.<\/p>\n<div style=\"padding-bottom:20px; padding-top:10px;\" class=\"hupso-share-buttons\"><!-- Hupso Share Buttons - https:\/\/www.hupso.com\/share\/ --><a class=\"hupso_toolbar\" href=\"https:\/\/www.hupso.com\/share\/\"><img src=\"http:\/\/static.hupso.com\/share\/buttons\/lang\/es\/share-medium.png\" style=\"border:0px; padding-top: 5px; float:left;\" alt=\"Share Button\"\/><\/a><script type=\"text\/javascript\">var hupso_services_t=new Array(\"Twitter\",\"Facebook\",\"Google Plus\",\"Pinterest\",\"Linkedin\",\"Email\",\"Print\");var hupso_background_t=\"#EAF4FF\";var hupso_border_t=\"#66CCFF\";var hupso_toolbar_size_t=\"medium\";var hupso_image_folder_url = \"\";var hupso_twitter_via=\"hectorops\";var hupso_url_t=\"\";var hupso_title_t=\"REFLEXI%C3%93N%20PARA%20LA%20FIESTA%20DE%20NUESTRA%20SE%C3%91ORA%20DE%20GUADALUPE%2012-12-18\";<\/script><script type=\"text\/javascript\" src=\"http:\/\/static.hupso.com\/share\/js\/share_toolbar.js\"><\/script><!-- Hupso Share Buttons --><\/div>","protected":false},"excerpt":{"rendered":"<p>Hoy Puerto Rico y toda Am\u00e9rica Latina celebra la Fiesta de la Patrona de Am\u00e9rica Latina, Se\u00f1ora y Madre de los Mexicanos, y declarada \u201cEmperatriz de las Am\u00e9ricas\u201d por el papa P\u00edo XII, en un mensaje radial a los mexicanos &hellip; <a href=\"http:\/\/delamanodemaria.com\/?p=10849\">Continue reading <span class=\"meta-nav\">&rarr;<\/span><\/a><\/p>\n<div style=\"padding-bottom:20px; padding-top:10px;\" class=\"hupso-share-buttons\"><!-- Hupso Share Buttons - https:\/\/www.hupso.com\/share\/ --><a class=\"hupso_toolbar\" href=\"https:\/\/www.hupso.com\/share\/\"><img src=\"http:\/\/static.hupso.com\/share\/buttons\/lang\/es\/share-medium.png\" style=\"border:0px; padding-top: 5px; float:left;\" alt=\"Share Button\"\/><\/a><script type=\"text\/javascript\">var hupso_services_t=new Array(\"Twitter\",\"Facebook\",\"Google Plus\",\"Pinterest\",\"Linkedin\",\"Email\",\"Print\");var hupso_background_t=\"#EAF4FF\";var hupso_border_t=\"#66CCFF\";var hupso_toolbar_size_t=\"medium\";var hupso_image_folder_url = \"\";var hupso_twitter_via=\"hectorops\";var hupso_url_t=\"\";var hupso_title_t=\"REFLEXI%C3%93N%20PARA%20LA%20FIESTA%20DE%20NUESTRA%20SE%C3%91ORA%20DE%20GUADALUPE%2012-12-18\";<\/script><script type=\"text\/javascript\" src=\"http:\/\/static.hupso.com\/share\/js\/share_toolbar.js\"><\/script><!-- Hupso Share Buttons --><\/div>","protected":false},"author":1,"featured_media":4547,"comment_status":"open","ping_status":"open","sticky":false,"template":"","format":"standard","meta":{"jetpack_post_was_ever_published":false,"_jetpack_newsletter_access":"","_jetpack_newsletter_tier_id":0,"jetpack_publicize_message":"","jetpack_is_tweetstorm":false,"jetpack_publicize_feature_enabled":true,"jetpack_social_post_already_shared":true,"jetpack_social_options":{"image_generator_settings":{"template":"highway","enabled":false}}},"categories":[1],"tags":[330,2671,12,524,2673,391,1703,1007,371,381,1715,181,2672,2,1711,2670,161],"jetpack_publicize_connections":[],"jetpack_featured_media_url":"http:\/\/delamanodemaria.com\/wp-content\/uploads\/2013\/12\/ntra-sra-del-adviento.jpg","jetpack_shortlink":"https:\/\/wp.me\/p3bBgS-2OZ","jetpack_sharing_enabled":true,"jetpack_likes_enabled":true,"_links":{"self":[{"href":"http:\/\/delamanodemaria.com\/index.php?rest_route=\/wp\/v2\/posts\/10849"}],"collection":[{"href":"http:\/\/delamanodemaria.com\/index.php?rest_route=\/wp\/v2\/posts"}],"about":[{"href":"http:\/\/delamanodemaria.com\/index.php?rest_route=\/wp\/v2\/types\/post"}],"author":[{"embeddable":true,"href":"http:\/\/delamanodemaria.com\/index.php?rest_route=\/wp\/v2\/users\/1"}],"replies":[{"embeddable":true,"href":"http:\/\/delamanodemaria.com\/index.php?rest_route=%2Fwp%2Fv2%2Fcomments&post=10849"}],"version-history":[{"count":5,"href":"http:\/\/delamanodemaria.com\/index.php?rest_route=\/wp\/v2\/posts\/10849\/revisions"}],"predecessor-version":[{"id":10854,"href":"http:\/\/delamanodemaria.com\/index.php?rest_route=\/wp\/v2\/posts\/10849\/revisions\/10854"}],"wp:featuredmedia":[{"embeddable":true,"href":"http:\/\/delamanodemaria.com\/index.php?rest_route=\/wp\/v2\/media\/4547"}],"wp:attachment":[{"href":"http:\/\/delamanodemaria.com\/index.php?rest_route=%2Fwp%2Fv2%2Fmedia&parent=10849"}],"wp:term":[{"taxonomy":"category","embeddable":true,"href":"http:\/\/delamanodemaria.com\/index.php?rest_route=%2Fwp%2Fv2%2Fcategories&post=10849"},{"taxonomy":"post_tag","embeddable":true,"href":"http:\/\/delamanodemaria.com\/index.php?rest_route=%2Fwp%2Fv2%2Ftags&post=10849"}],"curies":[{"name":"wp","href":"https:\/\/api.w.org\/{rel}","templated":true}]}}