{"id":10872,"date":"2018-12-14T19:31:51","date_gmt":"2018-12-14T23:31:51","guid":{"rendered":"http:\/\/delamanodemaria.com\/?p=10872"},"modified":"2018-12-14T19:31:59","modified_gmt":"2018-12-14T23:31:59","slug":"reflexion-para-el-sabado-de-la-segunda-semana-de-adviento-15-12-18","status":"publish","type":"post","link":"http:\/\/delamanodemaria.com\/?p=10872","title":{"rendered":"REFLEXI\u00d3N PARA EL S\u00c1BADO DE LA SEGUNDA SEMANA DE ADVIENTO 15-12-18"},"content":{"rendered":"\n<figure class=\"wp-block-image\"><img decoding=\"async\" loading=\"lazy\" width=\"650\" height=\"260\" src=\"http:\/\/delamanodemaria.com\/wp-content\/uploads\/2018\/12\/Semana-2-Adviento-enl.jpg\" alt=\"\" class=\"wp-image-10874\" srcset=\"http:\/\/delamanodemaria.com\/wp-content\/uploads\/2018\/12\/Semana-2-Adviento-enl.jpg 650w, http:\/\/delamanodemaria.com\/wp-content\/uploads\/2018\/12\/Semana-2-Adviento-enl-300x120.jpg 300w, http:\/\/delamanodemaria.com\/wp-content\/uploads\/2018\/12\/Semana-2-Adviento-enl-500x200.jpg 500w\" sizes=\"(max-width: 650px) 100vw, 650px\" \/><\/figure>\n\n\n\n<p>La liturgia para hoy nos presenta como primera lectura (Sir 48,1-4.9-11) un texto que recoge la creencia de los jud\u00edos de que el profeta El\u00edas habr\u00eda de regresar para anunciar la llegada del Mes\u00edas esperado, bas\u00e1ndose en un texto de Malaqu\u00edas (3,23) que los escribas interpretaban literalmente: \u201cHe aqu\u00ed que env\u00edo mi profeta, El\u00edas, antes de que venga el gran y terrible d\u00eda del Se\u00f1or\u201d. De hecho, utilizaban ese argumento para alegar que Jes\u00fas no pod\u00eda ser el Mes\u00edas, pues El\u00edas no hab\u00eda venido a\u00fan.Contin\u00faa diciendo la primera lectura que El\u00edas habr\u00eda de venir \u201cpara reconciliar a padres con hijos, para restablecer las tribus de Israel\u201d.<\/p>\n\n\n\n<p>Por eso es que los disc\u00edpulos le preguntan a Jes\u00fas en el Evangelio (Mt 17,10-13) que por qu\u00e9 dicen los escribas que primero tiene que venir El\u00edas, a lo que Jes\u00fas responde: \u201cEl\u00edas vendr\u00e1 y lo renovar\u00e1 todo. Pero os digo que El\u00edas ya ha venido, y no lo reconocieron, sino que lo trataron a su antojo. As\u00ed tambi\u00e9n el Hijo del hombre va a padecer a manos de ellos\u201d. Al escuchar estas palabras los disc\u00edpulos comprendieron que se trataba de Juan el Bautista. En otras palabras, el que ten\u00eda que venir no se llama El\u00edas, pero ha cumplido su misi\u00f3n: \u201cPreceder\u00e1 al Se\u00f1or con el esp\u00edritu y el poder de El\u00edas, para reconciliar a los padres con sus hijos y atraer a los rebeldes a la sabidur\u00eda de los justos, preparando as\u00ed al Se\u00f1or un Pueblo bien dispuesto\u201d (Lc 1,17).<\/p>\n\n\n\n<p>Los jud\u00edos no supieron interpretar los signos que anunciaban la llegada del Mes\u00edas; no reconocieron a Juan el Bautista como el precursor y \u201clo trataron a su antojo\u201d, decapit\u00e1ndolo.<\/p>\n\n\n\n<p>Ese mismo drama se repite hoy d\u00eda. No sabemos(o no queremos) reconocer los signos de la presencia de Dios que nos presentan sus \u201cprecursores\u201d. Nos hacemos de la vista larga y no reconocemos a Dios que pasa junto a nosotros a diario, que inclusive convive con nosotros, forma parte de nuestras vidas y las vidas de nuestros hermanos; pero pasa desapercibido. Al igual que ocurri\u00f3 con Juan el Bautista, cuando ignoramos a los precursores de Dios, estamos ignorando a Dios.<\/p>\n\n\n\n<p>El Adviento bien vivido nos hace desear con fuerza la venida de Cristo a nuestras vidas, a nuestro mundo, pero esa espera ha de ser vigilante. Tenemos que estar alertas a los \u201csignos de los tiempos\u201dque Dios nos env\u00eda como precursores de su venida. De lo contrario no vamos a reconocerlo cuando toque a nuestra puerta (<em>Cfr<\/em>. Ap 3,20). Entonces nos pasar\u00e1 como todas aquellas familias a cuyas puertas toc\u00f3 Jos\u00e9 pidiendo posada para \u00e9l y su esposa a punto de dar a luz al Salvador.\u00a1Imag\u00ednense la oportunidad que dejaron pasar, de que Jes\u00fas naciera en sus hogares! Y todo porque no supieron leer los signos que se les presentaron.<\/p>\n\n\n\n<p>En esta \u00e9poca de Adviento, pidamos al Se\u00f1or que nos permita reconocer los signos que anuncian su presencia, para que podamos recibirlo en nuestros corazones, como lo hicieron los pastores que escucharon el anuncio de Su nacimiento de voz de los coros celestiales, y reconocieron a Dios en un ni\u00f1o pobre y fr\u00e1gil, \u201cenvuelto en pa\u00f1ales y acostado en un pesebre\u201d (Lc 2,12).<\/p>\n<div style=\"padding-bottom:20px; padding-top:10px;\" class=\"hupso-share-buttons\"><!-- Hupso Share Buttons - https:\/\/www.hupso.com\/share\/ --><a class=\"hupso_toolbar\" href=\"https:\/\/www.hupso.com\/share\/\"><img src=\"http:\/\/static.hupso.com\/share\/buttons\/lang\/es\/share-medium.png\" style=\"border:0px; padding-top: 5px; float:left;\" alt=\"Share Button\"\/><\/a><script type=\"text\/javascript\">var hupso_services_t=new Array(\"Twitter\",\"Facebook\",\"Google Plus\",\"Pinterest\",\"Linkedin\",\"Email\",\"Print\");var hupso_background_t=\"#EAF4FF\";var hupso_border_t=\"#66CCFF\";var hupso_toolbar_size_t=\"medium\";var hupso_image_folder_url = \"\";var hupso_twitter_via=\"hectorops\";var hupso_url_t=\"\";var hupso_title_t=\"REFLEXI%C3%93N%20PARA%20EL%20S%C3%81BADO%20DE%20LA%20SEGUNDA%20SEMANA%20DE%20ADVIENTO%2015-12-18\";<\/script><script type=\"text\/javascript\" src=\"http:\/\/static.hupso.com\/share\/js\/share_toolbar.js\"><\/script><!-- Hupso Share Buttons --><\/div>","protected":false},"excerpt":{"rendered":"<p>La liturgia para hoy nos presenta como primera lectura (Sir 48,1-4.9-11) un texto que recoge la creencia de los jud\u00edos de que el profeta El\u00edas habr\u00eda de regresar para anunciar la llegada del Mes\u00edas esperado, bas\u00e1ndose en un texto de &hellip; <a href=\"http:\/\/delamanodemaria.com\/?p=10872\">Continue reading <span class=\"meta-nav\">&rarr;<\/span><\/a><\/p>\n<div style=\"padding-bottom:20px; padding-top:10px;\" class=\"hupso-share-buttons\"><!-- Hupso Share Buttons - https:\/\/www.hupso.com\/share\/ --><a class=\"hupso_toolbar\" href=\"https:\/\/www.hupso.com\/share\/\"><img src=\"http:\/\/static.hupso.com\/share\/buttons\/lang\/es\/share-medium.png\" style=\"border:0px; padding-top: 5px; float:left;\" alt=\"Share Button\"\/><\/a><script type=\"text\/javascript\">var hupso_services_t=new Array(\"Twitter\",\"Facebook\",\"Google Plus\",\"Pinterest\",\"Linkedin\",\"Email\",\"Print\");var hupso_background_t=\"#EAF4FF\";var hupso_border_t=\"#66CCFF\";var hupso_toolbar_size_t=\"medium\";var hupso_image_folder_url = \"\";var hupso_twitter_via=\"hectorops\";var hupso_url_t=\"\";var hupso_title_t=\"REFLEXI%C3%93N%20PARA%20EL%20S%C3%81BADO%20DE%20LA%20SEGUNDA%20SEMANA%20DE%20ADVIENTO%2015-12-18\";<\/script><script type=\"text\/javascript\" src=\"http:\/\/static.hupso.com\/share\/js\/share_toolbar.js\"><\/script><!-- Hupso Share Buttons --><\/div>","protected":false},"author":1,"featured_media":10874,"comment_status":"open","ping_status":"open","sticky":false,"template":"","format":"standard","meta":{"jetpack_post_was_ever_published":false,"_jetpack_newsletter_access":"","_jetpack_newsletter_tier_id":0,"jetpack_publicize_message":"","jetpack_is_tweetstorm":false,"jetpack_publicize_feature_enabled":true,"jetpack_social_post_already_shared":true,"jetpack_social_options":{"image_generator_settings":{"template":"highway","enabled":false}}},"categories":[1],"tags":[330,213,182,163,1707,238,736,202,2,339,458,241,2569],"jetpack_publicize_connections":[],"jetpack_featured_media_url":"http:\/\/delamanodemaria.com\/wp-content\/uploads\/2018\/12\/Semana-2-Adviento-enl.jpg","jetpack_shortlink":"https:\/\/wp.me\/p3bBgS-2Pm","jetpack_sharing_enabled":true,"jetpack_likes_enabled":true,"_links":{"self":[{"href":"http:\/\/delamanodemaria.com\/index.php?rest_route=\/wp\/v2\/posts\/10872"}],"collection":[{"href":"http:\/\/delamanodemaria.com\/index.php?rest_route=\/wp\/v2\/posts"}],"about":[{"href":"http:\/\/delamanodemaria.com\/index.php?rest_route=\/wp\/v2\/types\/post"}],"author":[{"embeddable":true,"href":"http:\/\/delamanodemaria.com\/index.php?rest_route=\/wp\/v2\/users\/1"}],"replies":[{"embeddable":true,"href":"http:\/\/delamanodemaria.com\/index.php?rest_route=%2Fwp%2Fv2%2Fcomments&post=10872"}],"version-history":[{"count":2,"href":"http:\/\/delamanodemaria.com\/index.php?rest_route=\/wp\/v2\/posts\/10872\/revisions"}],"predecessor-version":[{"id":10875,"href":"http:\/\/delamanodemaria.com\/index.php?rest_route=\/wp\/v2\/posts\/10872\/revisions\/10875"}],"wp:featuredmedia":[{"embeddable":true,"href":"http:\/\/delamanodemaria.com\/index.php?rest_route=\/wp\/v2\/media\/10874"}],"wp:attachment":[{"href":"http:\/\/delamanodemaria.com\/index.php?rest_route=%2Fwp%2Fv2%2Fmedia&parent=10872"}],"wp:term":[{"taxonomy":"category","embeddable":true,"href":"http:\/\/delamanodemaria.com\/index.php?rest_route=%2Fwp%2Fv2%2Fcategories&post=10872"},{"taxonomy":"post_tag","embeddable":true,"href":"http:\/\/delamanodemaria.com\/index.php?rest_route=%2Fwp%2Fv2%2Ftags&post=10872"}],"curies":[{"name":"wp","href":"https:\/\/api.w.org\/{rel}","templated":true}]}}