{"id":10887,"date":"2018-12-17T19:33:53","date_gmt":"2018-12-17T23:33:53","guid":{"rendered":"http:\/\/delamanodemaria.com\/?p=10887"},"modified":"2018-12-17T19:34:02","modified_gmt":"2018-12-17T23:34:02","slug":"reflexion-para-el-18-12-18-feria-privilegiada-de-adviento","status":"publish","type":"post","link":"http:\/\/delamanodemaria.com\/?p=10887","title":{"rendered":"REFLEXI\u00d3N PARA EL 18-12-18, FERIA PRIVILEGIADA DE ADVIENTO"},"content":{"rendered":"\n<figure class=\"wp-block-image\"><img decoding=\"async\" loading=\"lazy\" width=\"660\" height=\"330\" src=\"http:\/\/delamanodemaria.com\/wp-content\/uploads\/2018\/12\/Mateo-1-18-24-2-660x330.jpg\" alt=\"\" class=\"wp-image-10889\" srcset=\"http:\/\/delamanodemaria.com\/wp-content\/uploads\/2018\/12\/Mateo-1-18-24-2-660x330.jpg 660w, http:\/\/delamanodemaria.com\/wp-content\/uploads\/2018\/12\/Mateo-1-18-24-2-660x330-300x150.jpg 300w, http:\/\/delamanodemaria.com\/wp-content\/uploads\/2018\/12\/Mateo-1-18-24-2-660x330-500x250.jpg 500w\" sizes=\"(max-width: 660px) 100vw, 660px\" \/><\/figure>\n\n\n\n<p>La primera lectura de hoy (Jr 23,5-8), nos muestra c\u00f3mo la liturgia de Adviento contin\u00faa present\u00e1ndonos la estirpe de David como aquella de la cual se ha de suscitar el Mes\u00edas esperado por el pueblo.<\/p>\n\n\n\n<p>La lectura evang\u00e9lica (Mt 1,18-24) nos presenta un pasaje que de primera instancia puede parecer un tanto desconcertante. Jos\u00e9 se entera que Mar\u00eda, con quien estaba desposada, estaba embarazada, ante lo cual \u00e9l opta por repudiarla en secreto. Nos dice la lectura que apenas hab\u00eda tomado esa decisi\u00f3n, se le apareci\u00f3 en sue\u00f1os un \u00e1ngel que le dijo: \u201cJos\u00e9, hijo de David, no tengas reparo en llevarte a Mar\u00eda, tu mujer, porque la criatura que hay en ella viene del Esp\u00edritu Santo. Dar\u00e1 a luz un hijo, y t\u00fa le pondr\u00e1s por nombre Jes\u00fas, porque \u00e9l salvar\u00e1 a su pueblo de los pecados\u201d.<\/p>\n\n\n\n<p>Jos\u00e9 le dio su nombre al Ni\u00f1o convirti\u00e9ndose en su padre legal, asegurando de ese modo que perteneciera a la estirpe de David. Ese era el papel que Dios ten\u00eda dispuesto para Jos\u00e9. Muchos se han preguntado el porqu\u00e9 de la vacilaci\u00f3n de Jos\u00e9, y su decisi\u00f3n de repudiar a su esposa, a pesar de que el mismo pasaje nos dice de entrada que Jos\u00e9 era un\u201chombre justo\u201d. Tambi\u00e9n se ha cuestionado c\u00f3mo es posible que Mar\u00eda le ocultara a Jos\u00e9 el origen divino de su embarazo. Sobre este punto los ex\u00e9getas han adelantado m\u00faltiples explicaciones. Una de las m\u00e1s l\u00f3gicas (y hermosas) es la contenida en el siguiente comentario de san Bernardo, citando a san Efr\u00e9n:<\/p>\n\n\n\n<p>\u201c\u00bfPor qu\u00e9 quiso Jos\u00e9 despedir a Mar\u00eda? Escuchad acerca de este punto no mi propio pensamiento, sino el de los Padres; si quiso despedir a Mar\u00eda fue en medio del mismo sentimiento que hac\u00eda decir a san Pedro, cuando apartaba al Se\u00f1or lejos de s\u00ed: Ap\u00e1rtate de m\u00ed, que soy pecador (Lc 5, 8); y al centuri\u00f3n, cuando disuad\u00eda al Salvador de ir a su casa: Se\u00f1or, no soy digno de que entres en mi casa (Mt 8, 8). Tambi\u00e9n dentro de este pensamiento es como Jos\u00e9, consider\u00e1ndose indigno y pecador, se dec\u00eda a s\u00ed mismo que no deb\u00eda vivir por m\u00e1s tiempo en la familiaridad de una mujer tan perfecta y tan santa, cuya admirable grandeza la sobrepasaba de tal modo y le inspiraba temor. El ve\u00eda con una especie de estupor, por indicios ciertos, que ella estaba embarazada de la presencia de su Dios, y, como \u00e9l no pod\u00eda penetrar este misterio, concibi\u00f3 el proyecto de despedirla. La grandeza del poder de Jes\u00fas inspiraba una especie de pavor a Pedro, lo mismo que el pensamiento de su presencia majestuosa desconcertaba al centuri\u00f3n. Del mismo modo Jos\u00e9, no siendo m\u00e1s que un simple mortal, se sent\u00eda igualmente desconcertado por la novedad de tan gran maravilla y por la profundidad de un misterio semejante; he ah\u00ed porqu\u00e9 pens\u00f3 en dejar secretamente a Mar\u00eda. \u00bfHab\u00e9is de extra\u00f1aros, cuando es sabido que Isabel no pudo soportar la presencia de la Virgen sin una especie de temor mezclado de respeto? (Lc 1, 43). En efecto, \u00bfde d\u00f3nde a m\u00ed, exclam\u00f3, la dicha de que la madre de mi Se\u00f1or venga a m\u00ed?\u201d.<\/p>\n\n\n\n<p>Durante este tiempo de Adviento, escuchemos el llamado del \u00e1ngel, y acerqu\u00e9monos sin temor a Mar\u00eda como lo quiere su Hijo.<\/p>\n<div style=\"padding-bottom:20px; padding-top:10px;\" class=\"hupso-share-buttons\"><!-- Hupso Share Buttons - https:\/\/www.hupso.com\/share\/ --><a class=\"hupso_toolbar\" href=\"https:\/\/www.hupso.com\/share\/\"><img src=\"http:\/\/static.hupso.com\/share\/buttons\/lang\/es\/share-medium.png\" style=\"border:0px; padding-top: 5px; float:left;\" alt=\"Share Button\"\/><\/a><script type=\"text\/javascript\">var hupso_services_t=new Array(\"Twitter\",\"Facebook\",\"Google Plus\",\"Pinterest\",\"Linkedin\",\"Email\",\"Print\");var hupso_background_t=\"#EAF4FF\";var hupso_border_t=\"#66CCFF\";var hupso_toolbar_size_t=\"medium\";var hupso_image_folder_url = \"\";var hupso_twitter_via=\"hectorops\";var hupso_url_t=\"\";var hupso_title_t=\"REFLEXI%C3%93N%20PARA%20EL%2018-12-18%2C%20FERIA%20PRIVILEGIADA%20DE%20ADVIENTO\";<\/script><script type=\"text\/javascript\" src=\"http:\/\/static.hupso.com\/share\/js\/share_toolbar.js\"><\/script><!-- Hupso Share Buttons --><\/div>","protected":false},"excerpt":{"rendered":"<p>La primera lectura de hoy (Jr 23,5-8), nos muestra c\u00f3mo la liturgia de Adviento contin\u00faa present\u00e1ndonos la estirpe de David como aquella de la cual se ha de suscitar el Mes\u00edas esperado por el pueblo. La lectura evang\u00e9lica (Mt 1,18-24) &hellip; <a href=\"http:\/\/delamanodemaria.com\/?p=10887\">Continue reading <span class=\"meta-nav\">&rarr;<\/span><\/a><\/p>\n<div style=\"padding-bottom:20px; padding-top:10px;\" class=\"hupso-share-buttons\"><!-- Hupso Share Buttons - https:\/\/www.hupso.com\/share\/ --><a class=\"hupso_toolbar\" href=\"https:\/\/www.hupso.com\/share\/\"><img src=\"http:\/\/static.hupso.com\/share\/buttons\/lang\/es\/share-medium.png\" style=\"border:0px; padding-top: 5px; float:left;\" alt=\"Share Button\"\/><\/a><script type=\"text\/javascript\">var hupso_services_t=new Array(\"Twitter\",\"Facebook\",\"Google Plus\",\"Pinterest\",\"Linkedin\",\"Email\",\"Print\");var hupso_background_t=\"#EAF4FF\";var hupso_border_t=\"#66CCFF\";var hupso_toolbar_size_t=\"medium\";var hupso_image_folder_url = \"\";var hupso_twitter_via=\"hectorops\";var hupso_url_t=\"\";var hupso_title_t=\"REFLEXI%C3%93N%20PARA%20EL%2018-12-18%2C%20FERIA%20PRIVILEGIADA%20DE%20ADVIENTO\";<\/script><script type=\"text\/javascript\" src=\"http:\/\/static.hupso.com\/share\/js\/share_toolbar.js\"><\/script><!-- Hupso Share Buttons --><\/div>","protected":false},"author":1,"featured_media":10889,"comment_status":"open","ping_status":"open","sticky":false,"template":"","format":"standard","meta":{"jetpack_post_was_ever_published":false,"_jetpack_newsletter_access":"","_jetpack_newsletter_tier_id":0,"jetpack_publicize_message":"","jetpack_is_tweetstorm":false,"jetpack_publicize_feature_enabled":true,"jetpack_social_post_already_shared":true,"jetpack_social_options":{"image_generator_settings":{"template":"highway","enabled":false}}},"categories":[1],"tags":[330,388,2689,1252,1732,715,2688,967,8,2687,2,2691,2690,2686],"jetpack_publicize_connections":[],"jetpack_featured_media_url":"http:\/\/delamanodemaria.com\/wp-content\/uploads\/2018\/12\/Mateo-1-18-24-2-660x330.jpg","jetpack_shortlink":"https:\/\/wp.me\/p3bBgS-2PB","jetpack_sharing_enabled":true,"jetpack_likes_enabled":true,"_links":{"self":[{"href":"http:\/\/delamanodemaria.com\/index.php?rest_route=\/wp\/v2\/posts\/10887"}],"collection":[{"href":"http:\/\/delamanodemaria.com\/index.php?rest_route=\/wp\/v2\/posts"}],"about":[{"href":"http:\/\/delamanodemaria.com\/index.php?rest_route=\/wp\/v2\/types\/post"}],"author":[{"embeddable":true,"href":"http:\/\/delamanodemaria.com\/index.php?rest_route=\/wp\/v2\/users\/1"}],"replies":[{"embeddable":true,"href":"http:\/\/delamanodemaria.com\/index.php?rest_route=%2Fwp%2Fv2%2Fcomments&post=10887"}],"version-history":[{"count":3,"href":"http:\/\/delamanodemaria.com\/index.php?rest_route=\/wp\/v2\/posts\/10887\/revisions"}],"predecessor-version":[{"id":10891,"href":"http:\/\/delamanodemaria.com\/index.php?rest_route=\/wp\/v2\/posts\/10887\/revisions\/10891"}],"wp:featuredmedia":[{"embeddable":true,"href":"http:\/\/delamanodemaria.com\/index.php?rest_route=\/wp\/v2\/media\/10889"}],"wp:attachment":[{"href":"http:\/\/delamanodemaria.com\/index.php?rest_route=%2Fwp%2Fv2%2Fmedia&parent=10887"}],"wp:term":[{"taxonomy":"category","embeddable":true,"href":"http:\/\/delamanodemaria.com\/index.php?rest_route=%2Fwp%2Fv2%2Fcategories&post=10887"},{"taxonomy":"post_tag","embeddable":true,"href":"http:\/\/delamanodemaria.com\/index.php?rest_route=%2Fwp%2Fv2%2Ftags&post=10887"}],"curies":[{"name":"wp","href":"https:\/\/api.w.org\/{rel}","templated":true}]}}