{"id":10931,"date":"2018-12-25T19:41:51","date_gmt":"2018-12-25T23:41:51","guid":{"rendered":"http:\/\/delamanodemaria.com\/?p=10931"},"modified":"2018-12-25T19:41:59","modified_gmt":"2018-12-25T23:41:59","slug":"reflexion-para-la-fiesta-de-san-esteban-protomartir-26-12-18","status":"publish","type":"post","link":"http:\/\/delamanodemaria.com\/?p=10931","title":{"rendered":"REFLEXI\u00d3N PARA LA FIESTA DE SAN ESTEBAN PROTOM\u00c1RTIR 26-12-18"},"content":{"rendered":"\n<figure class=\"wp-block-image\"><img decoding=\"async\" loading=\"lazy\" width=\"600\" height=\"315\" src=\"http:\/\/delamanodemaria.com\/wp-content\/uploads\/2015\/12\/esteban-protomartir.jpg\" alt=\"\" class=\"wp-image-6429\" srcset=\"http:\/\/delamanodemaria.com\/wp-content\/uploads\/2015\/12\/esteban-protomartir.jpg 600w, http:\/\/delamanodemaria.com\/wp-content\/uploads\/2015\/12\/esteban-protomartir-300x158.jpg 300w, http:\/\/delamanodemaria.com\/wp-content\/uploads\/2015\/12\/esteban-protomartir-500x263.jpg 500w\" sizes=\"(max-width: 600px) 100vw, 600px\" \/><\/figure>\n\n\n\n<p>Ayer celebr\u00e1bamos la Natividad del Se\u00f1or, todo\nera fiesta, j\u00fabilo, villancicos, dulzura. Hoy, de repente, sin aviso, nos\nenfrentamos al martirio de Esteban, el primero que ofrecer\u00e1 su vida por el\nanuncio de la Buena Noticia de Jes\u00fas. Esto nos sirve para devolvernos a la\nrealidad y recordar, dentro de todo este ambiente id\u00edlico de la Navidad, que ese\nni\u00f1o que ayer nac\u00eda en Bel\u00e9n, por mantenerse fiel a su misi\u00f3n, ofrendar\u00e1 su\nvida en la cruz por nuestra salvaci\u00f3n. La fiesta de san Esteban protom\u00e1rtir es\nla primera de tres fiestas de santos que siguen inmediatamente a la Navidad: san\nEsteban, san Juan y los santos Inocentes.<\/p>\n\n\n\n<p>Todo el ambiente que rodea el nacimiento de\nJes\u00fas tiene un denominador com\u00fan: la pobreza. Dios escogi\u00f3 nacer en un r\u00fastico\npesebre. Es como si fuera un anticipo de la cruz que asumir\u00eda por nosotros y\npor nuestra salvaci\u00f3n. As\u00ed como naci\u00f3 pobre, terminar\u00eda su vida mortal como el\nm\u00e1s pobre de los pobres, teniendo como \u00fanica posesi\u00f3n material sus vestiduras y\nsu manto (Jn 19, 23-24).<\/p>\n\n\n\n<p>La primera lectura nos narra el martirio de\nsan Esteban, di\u00e1cono (Hc 6,8-10;7, 54-60). Esteban es el primer m\u00e1rtir de Jes\u00fas\n(la palabra m\u00e1rtir significa \u201ctestigo\u201d), el primero en seguir al Maestro, el\nprimero en \u201cllevar su cruz\u201d, en sufrir la muerte a manos de los mismos que\npersegu\u00edan a Jes\u00fas.<\/p>\n\n\n\n<p>La lectura evang\u00e9lica (Mt 10,17-22) nos\nmuestra c\u00f3mo Jes\u00fas le hab\u00eda adelantado a sus disc\u00edpulos las persecuciones y pruebas\nque habr\u00edan se sufrir por seguirle: \u201cos entregar\u00e1n a los tribunales, os\nazotar\u00e1n en las sinagogas y os har\u00e1n comparecer ante gobernadores y reyes, por\nmi causa; as\u00ed dar\u00e9is testimonio ante ellos y ante los gentiles\u2026 Los hermanos\nentregar\u00e1n a sus hermanos para que los maten, los padres a los hijos; se\nrebelar\u00e1n los hijos contra sus padres, y los matar\u00e1n. Todos os odiar\u00e1n por mi\nnombre; el que persevere hasta el final se salvar\u00e1\u201d. Esteban persever\u00f3 hasta el\nfinal, dando la mayor prueba de amor (Jn 15,13), y encontr\u00f3 la salvaci\u00f3n.<\/p>\n\n\n\n<p>Son muchos los que, despu\u00e9s de Esteban, han\nsufrido el martirio a lo largo de la historia del cristianismo, algunos\nintensos, r\u00e1pidos y hasta la muerte, como el suyo; otros lentos y prolongados,\nque pasan desapercibidos, como el nuestro, con muchos \u201ctestimonios\u201d peque\u00f1os en\nnuestro quehacer cotidiano. Hoy debemos preguntarnos: \u00bfEstamos dispuestos a\nperseverar hasta el final? \u00bfEstamos dispuestos a perdonar a nuestros\nperseguidores como lo hizo Jes\u00fas, como lo hizo Esteban?<\/p>\n\n\n\n<p>\u201cSe\u00f1or Dios nuestro: Honramos hoy la memoria\nde San Esteban, el primer m\u00e1rtir de tu joven Iglesia. Danos la gracia de ser\nbuenos testigos, como \u00e9l, llenos de fe y del Esp\u00edritu Santo, hombres y mujeres\nque estemos llenos de fortaleza, ya que nos esforzamos por vivir la vida de\nJes\u00fas. Danos una gran confianza para vivir y morir en tus manos. Y que, como\nEsteban,&nbsp; sepamos rogar por los que nos\nhieren u ofenden para que t\u00fa nos perdones a todos, tanto a ellos como a\nnosotros. Te lo pedimos por medio de Jesucristo nuestro Se\u00f1or\u201d (Oraci\u00f3n\ncolecta).<\/p>\n<div style=\"padding-bottom:20px; padding-top:10px;\" class=\"hupso-share-buttons\"><!-- Hupso Share Buttons - https:\/\/www.hupso.com\/share\/ --><a class=\"hupso_toolbar\" href=\"https:\/\/www.hupso.com\/share\/\"><img src=\"http:\/\/static.hupso.com\/share\/buttons\/lang\/es\/share-medium.png\" style=\"border:0px; padding-top: 5px; float:left;\" alt=\"Share Button\"\/><\/a><script type=\"text\/javascript\">var hupso_services_t=new Array(\"Twitter\",\"Facebook\",\"Google Plus\",\"Pinterest\",\"Linkedin\",\"Email\",\"Print\");var hupso_background_t=\"#EAF4FF\";var hupso_border_t=\"#66CCFF\";var hupso_toolbar_size_t=\"medium\";var hupso_image_folder_url = \"\";var hupso_twitter_via=\"hectorops\";var hupso_url_t=\"\";var hupso_title_t=\"REFLEXI%C3%93N%20PARA%20LA%20FIESTA%20DE%20SAN%20ESTEBAN%20PROTOM%C3%81RTIR%2026-12-18\";<\/script><script type=\"text\/javascript\" src=\"http:\/\/static.hupso.com\/share\/js\/share_toolbar.js\"><\/script><!-- Hupso Share Buttons --><\/div>","protected":false},"excerpt":{"rendered":"<p>Ayer celebr\u00e1bamos la Natividad del Se\u00f1or, todo era fiesta, j\u00fabilo, villancicos, dulzura. Hoy, de repente, sin aviso, nos enfrentamos al martirio de Esteban, el primero que ofrecer\u00e1 su vida por el anuncio de la Buena Noticia de Jes\u00fas. Esto nos &hellip; <a href=\"http:\/\/delamanodemaria.com\/?p=10931\">Continue reading <span class=\"meta-nav\">&rarr;<\/span><\/a><\/p>\n<div style=\"padding-bottom:20px; padding-top:10px;\" class=\"hupso-share-buttons\"><!-- Hupso Share Buttons - https:\/\/www.hupso.com\/share\/ --><a class=\"hupso_toolbar\" href=\"https:\/\/www.hupso.com\/share\/\"><img src=\"http:\/\/static.hupso.com\/share\/buttons\/lang\/es\/share-medium.png\" style=\"border:0px; padding-top: 5px; float:left;\" alt=\"Share Button\"\/><\/a><script type=\"text\/javascript\">var hupso_services_t=new Array(\"Twitter\",\"Facebook\",\"Google Plus\",\"Pinterest\",\"Linkedin\",\"Email\",\"Print\");var hupso_background_t=\"#EAF4FF\";var hupso_border_t=\"#66CCFF\";var hupso_toolbar_size_t=\"medium\";var hupso_image_folder_url = \"\";var hupso_twitter_via=\"hectorops\";var hupso_url_t=\"\";var hupso_title_t=\"REFLEXI%C3%93N%20PARA%20LA%20FIESTA%20DE%20SAN%20ESTEBAN%20PROTOM%C3%81RTIR%2026-12-18\";<\/script><script type=\"text\/javascript\" src=\"http:\/\/static.hupso.com\/share\/js\/share_toolbar.js\"><\/script><!-- Hupso Share Buttons --><\/div>","protected":false},"author":1,"featured_media":6429,"comment_status":"open","ping_status":"open","sticky":false,"template":"","format":"standard","meta":{"jetpack_post_was_ever_published":false,"_jetpack_newsletter_access":"","_jetpack_newsletter_tier_id":0,"jetpack_publicize_message":"","jetpack_is_tweetstorm":false,"jetpack_publicize_feature_enabled":true,"jetpack_social_post_already_shared":true,"jetpack_social_options":{"image_generator_settings":{"template":"highway","enabled":false}}},"categories":[1],"tags":[2292,57,1007,1040,1297,1159,345,741,358,2,87,746,1041],"jetpack_publicize_connections":[],"jetpack_featured_media_url":"http:\/\/delamanodemaria.com\/wp-content\/uploads\/2015\/12\/esteban-protomartir.jpg","jetpack_shortlink":"https:\/\/wp.me\/p3bBgS-2Qj","jetpack_sharing_enabled":true,"jetpack_likes_enabled":true,"_links":{"self":[{"href":"http:\/\/delamanodemaria.com\/index.php?rest_route=\/wp\/v2\/posts\/10931"}],"collection":[{"href":"http:\/\/delamanodemaria.com\/index.php?rest_route=\/wp\/v2\/posts"}],"about":[{"href":"http:\/\/delamanodemaria.com\/index.php?rest_route=\/wp\/v2\/types\/post"}],"author":[{"embeddable":true,"href":"http:\/\/delamanodemaria.com\/index.php?rest_route=\/wp\/v2\/users\/1"}],"replies":[{"embeddable":true,"href":"http:\/\/delamanodemaria.com\/index.php?rest_route=%2Fwp%2Fv2%2Fcomments&post=10931"}],"version-history":[{"count":3,"href":"http:\/\/delamanodemaria.com\/index.php?rest_route=\/wp\/v2\/posts\/10931\/revisions"}],"predecessor-version":[{"id":10934,"href":"http:\/\/delamanodemaria.com\/index.php?rest_route=\/wp\/v2\/posts\/10931\/revisions\/10934"}],"wp:featuredmedia":[{"embeddable":true,"href":"http:\/\/delamanodemaria.com\/index.php?rest_route=\/wp\/v2\/media\/6429"}],"wp:attachment":[{"href":"http:\/\/delamanodemaria.com\/index.php?rest_route=%2Fwp%2Fv2%2Fmedia&parent=10931"}],"wp:term":[{"taxonomy":"category","embeddable":true,"href":"http:\/\/delamanodemaria.com\/index.php?rest_route=%2Fwp%2Fv2%2Fcategories&post=10931"},{"taxonomy":"post_tag","embeddable":true,"href":"http:\/\/delamanodemaria.com\/index.php?rest_route=%2Fwp%2Fv2%2Ftags&post=10931"}],"curies":[{"name":"wp","href":"https:\/\/api.w.org\/{rel}","templated":true}]}}