{"id":10998,"date":"2022-01-03T10:58:15","date_gmt":"2022-01-03T14:58:15","guid":{"rendered":"http:\/\/delamanodemaria.com\/?p=10998"},"modified":"2022-01-03T10:58:36","modified_gmt":"2022-01-03T14:58:36","slug":"10998","status":"publish","type":"post","link":"http:\/\/delamanodemaria.com\/?p=10998","title":{"rendered":"LA NAVIDADES EN PUERTO RICO, LAS M\u00c1S LARGAS DEL MUNDO"},"content":{"rendered":"\n<figure class=\"wp-block-image\"><img decoding=\"async\" loading=\"lazy\" width=\"680\" height=\"403\" src=\"http:\/\/delamanodemaria.com\/wp-content\/uploads\/2019\/01\/Parranda.jpg\" alt=\"\" class=\"wp-image-11000\" srcset=\"http:\/\/delamanodemaria.com\/wp-content\/uploads\/2019\/01\/Parranda.jpg 680w, http:\/\/delamanodemaria.com\/wp-content\/uploads\/2019\/01\/Parranda-300x178.jpg 300w, http:\/\/delamanodemaria.com\/wp-content\/uploads\/2019\/01\/Parranda-500x296.jpg 500w\" sizes=\"(max-width: 680px) 100vw, 680px\" \/><\/figure>\n\n\n\n<p class=\"has-drop-cap\">Dentro de tres d\u00edas celebraremos la Solemnidad de la Epifan\u00eda del Se\u00f1or, conocida en Puerto Rico como el d\u00eda de los Tres Santos Reyes Magos, para luego dar comienzo a esa tradici\u00f3n tan Puertorrique\u00f1a que llamamos las \u201cOctavitas\u201d. Hace unos a\u00f1os, buscando en la <em>internet<\/em>\u00a0el origen de esa tradici\u00f3n tan nuestra, me top\u00e9 con esta explicaci\u00f3n que es la m\u00e1s completa que he encontrado. La comparto nuevamente con ustedes.<\/p>\n\n\n\n<p>El 14 de enero se acaban oficialmente las Navidades en Puerto Rico. Nos jactamos de ser la naci\u00f3n que tiene el periodo navide\u00f1o m\u00e1s largo del mundo. \u00c9stas comienzan el \u00faltimo jueves de noviembre y duran hasta el 14 de enero. 45 d\u00edas, o sea, un mes y medio de duraci\u00f3n. En Puerto Rico (como en toda Iberoam\u00e9rica) se celebra cada 6 de enero el D\u00eda de los Tres Santos Reyes Magos, pero al otro d\u00eda comienza una temporada que conocemos como las Octavitas, que \u201cestiran\u201d las celebraciones ocho d\u00edas m\u00e1s. Muchas personas, empresas y negocios celebran sus fiestas en estos d\u00edas.<\/p>\n\n\n\n<p>Si usted como un boricua del siglo XXI considera que esos d\u00edas son de alargar las Navidades demasiado, no conoce o recuerda c\u00f3mo la celebraban nuestros abuelos y dem\u00e1s antepasados. Ellos s\u00ed que las estiraban. Despu\u00e9s del D\u00eda de Reyes no comenzaban para ellos las Octavitas, eso era despu\u00e9s; primero eran las Octavas\u2026 \u00bfQu\u00e9 es eso de Octavas? Lee bien.<\/p>\n\n\n\n<p>En las tradiciones de aquellas \u00e9pocas se le asignaba un d\u00eda a cada Rey Mago: el 6 de enero se honraba al rey Gaspar; el 7 de enero al rey Melchor y el 8 de enero le tocaba el turno al rey Baltasar. El d\u00eda 9 de enero honraban unos personajes femeninos conocidos como las Tres Mar\u00edas y ese mismo d\u00eda comenzaban las celebraciones de lo que ellos llamaban las Octavas. Todos los vecinos continuaban reyando y organizando diversos festejos propios de la temporada navide\u00f1a. Estas fiestas se describ\u00edan muy bien en sus cantos:<\/p>\n\n\n\n<p>\u201cSe fueron los Reyes, con mucha alegr\u00eda y viene la Octava a los nueve d\u00edas\u201d.<\/p>\n\n\n\n<p>Claramente establecen al ritmo de la m\u00fasica que las Octavas comenzaban el d\u00eda 9 y se extend\u00edan hasta el d\u00eda 16 de enero.<\/p>\n\n\n\n<p>\u201cSe fueron los Reyes vienen las Octavas; Dios nos d\u00e9 salud para celebrarlas\u201d.<\/p>\n\n\n\n<p>La gente ped\u00eda salud para continuar fiestando y en estas celebraciones no escatimaban en gastos, hasta quedarse \u201cpelaos\u201d.<\/p>\n\n\n\n<p>\u201cSe fueron los Reyes y vino la Octava se qued\u00f3 la gente m\u00e1s pobre que estaba\u201d.<\/p>\n\n\n\n<p>Por si fuera poco, el 17 de enero era entonces cuando comenzaban lo que conocemos como las Octavitas, que se extend\u00edan hasta el 24 del primer mes del a\u00f1o. Los m\u00e1s fiesteros la \u201calargaban\u201d hasta lo que se conoc\u00eda como la \u201cmedia raja\u201d o sea, la v\u00edspera del mi\u00e9rcoles de ceniza.<\/p>\n\n\n\n<p>Todo el jolgorio se acababa con la llegada de la Cuaresma, durante ese periodo cristiano que se extiende por 40 d\u00edas no hab\u00eda m\u00fasica, bailes ni fiestas. Para lograr esto, les quitaban las cuerdas a los cuatros, tiples, guitarras y se proced\u00eda a colgarlas en la pared hasta que llegara la Fiesta de la Resurrecci\u00f3n del Cristo.<\/p>\n\n\n\n<p>&nbsp;Mi gente, no hay dudas, en el tema de grandes celebraciones y fiestas navide\u00f1as tenemos que quitarnos el sombrero y tratar a nuestros abuelos de \u201custed y tenga\u201d. \u00a1Qu\u00e9 rico es ser boricua!<\/p>\n\n\n\n<p>Fuentes: http:\u2013www.primerahora.com\/XStatic\/prime\u2026, seg\u00fan citado en http:\/\/espanol.answers.yahoo.com\/question\/index?qid=20100102170505AAOX3RA<\/p>\n<div style=\"padding-bottom:20px; padding-top:10px;\" class=\"hupso-share-buttons\"><!-- Hupso Share Buttons - https:\/\/www.hupso.com\/share\/ --><a class=\"hupso_toolbar\" href=\"https:\/\/www.hupso.com\/share\/\"><img src=\"http:\/\/static.hupso.com\/share\/buttons\/lang\/es\/share-medium.png\" style=\"border:0px; padding-top: 5px; float:left;\" alt=\"Share Button\"\/><\/a><script type=\"text\/javascript\">var hupso_services_t=new Array(\"Twitter\",\"Facebook\",\"Google Plus\",\"Pinterest\",\"Linkedin\",\"Email\",\"Print\");var hupso_background_t=\"#EAF4FF\";var hupso_border_t=\"#66CCFF\";var hupso_toolbar_size_t=\"medium\";var hupso_image_folder_url = \"\";var hupso_twitter_via=\"hectorops\";var hupso_url_t=\"\";var hupso_title_t=\"LA%20NAVIDADES%20EN%20PUERTO%20RICO%2C%20LAS%20M%C3%81S%20LARGAS%20DEL%20MUNDO\";<\/script><script type=\"text\/javascript\" src=\"http:\/\/static.hupso.com\/share\/js\/share_toolbar.js\"><\/script><!-- Hupso Share Buttons --><\/div>","protected":false},"excerpt":{"rendered":"<p>Dentro de tres d\u00edas celebraremos la Solemnidad de la Epifan\u00eda del Se\u00f1or, conocida en Puerto Rico como el d\u00eda de los Tres Santos Reyes Magos, para luego dar comienzo a esa tradici\u00f3n tan Puertorrique\u00f1a que llamamos las \u201cOctavitas\u201d. Hace unos &hellip; <a href=\"http:\/\/delamanodemaria.com\/?p=10998\">Continue reading <span class=\"meta-nav\">&rarr;<\/span><\/a><\/p>\n<div style=\"padding-bottom:20px; padding-top:10px;\" class=\"hupso-share-buttons\"><!-- Hupso Share Buttons - https:\/\/www.hupso.com\/share\/ --><a class=\"hupso_toolbar\" href=\"https:\/\/www.hupso.com\/share\/\"><img src=\"http:\/\/static.hupso.com\/share\/buttons\/lang\/es\/share-medium.png\" style=\"border:0px; padding-top: 5px; float:left;\" alt=\"Share Button\"\/><\/a><script type=\"text\/javascript\">var hupso_services_t=new Array(\"Twitter\",\"Facebook\",\"Google Plus\",\"Pinterest\",\"Linkedin\",\"Email\",\"Print\");var hupso_background_t=\"#EAF4FF\";var hupso_border_t=\"#66CCFF\";var hupso_toolbar_size_t=\"medium\";var hupso_image_folder_url = \"\";var hupso_twitter_via=\"hectorops\";var hupso_url_t=\"\";var hupso_title_t=\"LA%20NAVIDADES%20EN%20PUERTO%20RICO%2C%20LAS%20M%C3%81S%20LARGAS%20DEL%20MUNDO\";<\/script><script type=\"text\/javascript\" src=\"http:\/\/static.hupso.com\/share\/js\/share_toolbar.js\"><\/script><!-- Hupso Share Buttons --><\/div>","protected":false},"author":1,"featured_media":11000,"comment_status":"open","ping_status":"open","sticky":false,"template":"","format":"standard","meta":{"jetpack_post_was_ever_published":false,"_jetpack_newsletter_access":"","_jetpack_newsletter_tier_id":0,"jetpack_publicize_message":"","jetpack_is_tweetstorm":false,"jetpack_publicize_feature_enabled":true,"jetpack_social_post_already_shared":true,"jetpack_social_options":{"image_generator_settings":{"template":"highway","enabled":false}}},"categories":[1],"tags":[413,2522,4996,2725,416,1764],"jetpack_publicize_connections":[],"jetpack_featured_media_url":"http:\/\/delamanodemaria.com\/wp-content\/uploads\/2019\/01\/Parranda.jpg","jetpack_shortlink":"https:\/\/wp.me\/s3bBgS-10998","jetpack_sharing_enabled":true,"jetpack_likes_enabled":true,"_links":{"self":[{"href":"http:\/\/delamanodemaria.com\/index.php?rest_route=\/wp\/v2\/posts\/10998"}],"collection":[{"href":"http:\/\/delamanodemaria.com\/index.php?rest_route=\/wp\/v2\/posts"}],"about":[{"href":"http:\/\/delamanodemaria.com\/index.php?rest_route=\/wp\/v2\/types\/post"}],"author":[{"embeddable":true,"href":"http:\/\/delamanodemaria.com\/index.php?rest_route=\/wp\/v2\/users\/1"}],"replies":[{"embeddable":true,"href":"http:\/\/delamanodemaria.com\/index.php?rest_route=%2Fwp%2Fv2%2Fcomments&post=10998"}],"version-history":[{"count":7,"href":"http:\/\/delamanodemaria.com\/index.php?rest_route=\/wp\/v2\/posts\/10998\/revisions"}],"predecessor-version":[{"id":16818,"href":"http:\/\/delamanodemaria.com\/index.php?rest_route=\/wp\/v2\/posts\/10998\/revisions\/16818"}],"wp:featuredmedia":[{"embeddable":true,"href":"http:\/\/delamanodemaria.com\/index.php?rest_route=\/wp\/v2\/media\/11000"}],"wp:attachment":[{"href":"http:\/\/delamanodemaria.com\/index.php?rest_route=%2Fwp%2Fv2%2Fmedia&parent=10998"}],"wp:term":[{"taxonomy":"category","embeddable":true,"href":"http:\/\/delamanodemaria.com\/index.php?rest_route=%2Fwp%2Fv2%2Fcategories&post=10998"},{"taxonomy":"post_tag","embeddable":true,"href":"http:\/\/delamanodemaria.com\/index.php?rest_route=%2Fwp%2Fv2%2Ftags&post=10998"}],"curies":[{"name":"wp","href":"https:\/\/api.w.org\/{rel}","templated":true}]}}