{"id":11034,"date":"2019-01-08T22:24:39","date_gmt":"2019-01-09T02:24:39","guid":{"rendered":"http:\/\/delamanodemaria.com\/?p=11034"},"modified":"2019-01-08T22:24:46","modified_gmt":"2019-01-09T02:24:46","slug":"reflexion-para-el-miercoles-despues-de-epifania-09-01-19","status":"publish","type":"post","link":"http:\/\/delamanodemaria.com\/?p=11034","title":{"rendered":"REFLEXI\u00d3N PARA EL MI\u00c9RCOLES DESPU\u00c9S DE EPIFAN\u00cdA 09-01-19"},"content":{"rendered":"\n<figure class=\"wp-block-image\"><img decoding=\"async\" loading=\"lazy\" width=\"600\" height=\"300\" src=\"http:\/\/delamanodemaria.com\/wp-content\/uploads\/2019\/01\/Camina-sobre-las-aguas.png\" alt=\"\" class=\"wp-image-11036\" srcset=\"http:\/\/delamanodemaria.com\/wp-content\/uploads\/2019\/01\/Camina-sobre-las-aguas.png 600w, http:\/\/delamanodemaria.com\/wp-content\/uploads\/2019\/01\/Camina-sobre-las-aguas-300x150.png 300w, http:\/\/delamanodemaria.com\/wp-content\/uploads\/2019\/01\/Camina-sobre-las-aguas-500x250.png 500w\" sizes=\"(max-width: 600px) 100vw, 600px\" \/><\/figure>\n\n\n\n<p>Continuamos viviendo este tiempo de Navidad \u201cextendido\u201d\ndurante estos d\u00edas entre la Epifan\u00eda y el Bautismo del Se\u00f1or. Y como para que\nno se nos olvide que aqu\u00e9l ni\u00f1ito que naci\u00f3 en un pesebre hace apenas 17 d\u00edas\ncontin\u00faa presente entre nosotros, escuchamos a Jes\u00fas decirnos: \u201c\u00c1nimo, soy yo,\nno teng\u00e1is miedo\u201d. Esa frase constituye el punto culminante del pasaje que nos\nbrinda el Evangelio de hoy (Mc 6,45-52).<\/p>\n\n\n\n<p>El trasfondo de la frase es el siguiente:\nJes\u00fas acababa de realizar el milagro de la multiplicaci\u00f3n de los panes y hab\u00eda\ninstruido a sus disc\u00edpulos que se subieran a la barca y se adelantaran a la\notra orilla mientras \u00c9l desped\u00eda la gente. Tal vez Jes\u00fas no quer\u00eda que los\ndisc\u00edpulos se contagiaran con la excitaci\u00f3n del pueblo por el milagro, o mejor\ndicho, por el aspecto material del milagro, ignorando el verdadero significado\ndel mismo; esa tendencia tan humana que tenemos de confundir lo temporal con lo\neterno.<\/p>\n\n\n\n<p>Esto se pone de manifiesto cuando al final del\npasaje de hoy el evangelista, al describir la reacci\u00f3n de los disc\u00edpulos en la\nbarca, nos dice: \u201cEllos estaban en el colmo del estupor, pues no hab\u00edan\ncomprendido lo de los panes, porque eran torpes para entender\u201d.<\/p>\n\n\n\n<p>Volviendo al relato, cuando la barca en que\nnavegaban los disc\u00edpulos iba a mitad de camino, siendo ya de noche, Jes\u00fas se\npercat\u00f3 que ten\u00edan un fuerte viento contrario y estaban pasando grandes\ntrabajos para poder adelantar, as\u00ed que decidi\u00f3 ir caminando hasta ellos sobre\nlas aguas. Al verlo creyeron que era un fantasma, se sobresaltaron, y dieron un\ngrito. Fue en ese momento que Jes\u00fas les dijo: \u201c\u00c1nimo, soy yo, no teng\u00e1is\nmiedo\u201d. Inmediatamente la Escritura a\u00f1ade: \u201cEntr\u00f3 en la barca con ellos, y\namain\u00f3 el viento\u201d.<\/p>\n\n\n\n<p>Resulta obvio que los disc\u00edpulos no hab\u00edan\ncomprendido en su totalidad el verdadero significado y alcance del milagro de la\nmultiplicaci\u00f3n de los panes y los peces. De lo contrario, sabr\u00edan que, m\u00e1s que\nun acto de taumaturgia (capacidad para realizar prodigios), como podr\u00eda hacerlo\nun mago, lo que ocurri\u00f3 all\u00ed fue producto del Amor de Dios. Si lo hubiesen\nentendido, estar\u00edan inundados del Amor de Dios, estar\u00edan conscientes de la\ndivinidad de Jes\u00fas, y no habr\u00edan sentido temor cuando lo vieron caminar sobre\nlas aguas.<\/p>\n\n\n\n<p>La primera lectura de hoy (1 Jn 4,11-18), en\nla que Juan contin\u00faa desarrollando su tem\u00e1tica principal del Amor de Dios y de\nDios-Amor, establece claramente que \u201cquien permanece en el amor permanece en\nDios, y Dios en \u00e9l\u201d, y que en el amor no puede haber temor, porque \u201cel amor\nexpulsa el temor\u201d. Es decir, el amor y el temor son mutuamente excluyentes, no\npueden coexistir. Y para recibir la plenitud de ese Amor, que es Dios, es\nnecesaria la fe (<em>Cfr<\/em>. Mc 5,36: \u201cNo\ntengas miedo, solamente ten fe\u201d).<\/p>\n\n\n\n<p>\u00a1Cu\u00e1ntas veces en nuestras vidas nos\nencontramos \u201cremando contra la corriente\u201d, llegando al l\u00edmite de nuestra\nresistencia! En esos momentos, si abrimos nuestros corazones al Amor\nmisericordioso de Dios, escucharemos una dulce voz que nos dice al o\u00eddo:\n\u201c\u00c1nimo, soy yo, no tengas miedo\u201d. Cr\u00e9anme, \u00a1se puede! Los que me conocen saben\nque yo he logrado enfrentar situaciones que de otro modo hubiesen sido\naterradoras, con la alegr\u00eda y tranquilidad que solo el saberme amado por Dios\npod\u00edan brindarme. Porque Jes\u00fas \u201centr\u00f3 en la barca [conmigo], y amain\u00f3 el\nviento\u201d.<\/p>\n\n\n\n<p>\u201cAunque cruce por oscuras quebradas, no temer\u00e9\nning\u00fan mal, porque t\u00fa est\u00e1s conmigo\u201d (Sal 23,4).<\/p>\n<div style=\"padding-bottom:20px; padding-top:10px;\" class=\"hupso-share-buttons\"><!-- Hupso Share Buttons - https:\/\/www.hupso.com\/share\/ --><a class=\"hupso_toolbar\" href=\"https:\/\/www.hupso.com\/share\/\"><img src=\"http:\/\/static.hupso.com\/share\/buttons\/lang\/es\/share-medium.png\" style=\"border:0px; padding-top: 5px; float:left;\" alt=\"Share Button\"\/><\/a><script type=\"text\/javascript\">var hupso_services_t=new Array(\"Twitter\",\"Facebook\",\"Google Plus\",\"Pinterest\",\"Linkedin\",\"Email\",\"Print\");var hupso_background_t=\"#EAF4FF\";var hupso_border_t=\"#66CCFF\";var hupso_toolbar_size_t=\"medium\";var hupso_image_folder_url = \"\";var hupso_twitter_via=\"hectorops\";var hupso_url_t=\"\";var hupso_title_t=\"REFLEXI%C3%93N%20PARA%20EL%20MI%C3%89RCOLES%20DESPU%C3%89S%20DE%20EPIFAN%C3%8DA%2009-01-19\";<\/script><script type=\"text\/javascript\" src=\"http:\/\/static.hupso.com\/share\/js\/share_toolbar.js\"><\/script><!-- Hupso Share Buttons --><\/div>","protected":false},"excerpt":{"rendered":"<p>Continuamos viviendo este tiempo de Navidad \u201cextendido\u201d durante estos d\u00edas entre la Epifan\u00eda y el Bautismo del Se\u00f1or. Y como para que no se nos olvide que aqu\u00e9l ni\u00f1ito que naci\u00f3 en un pesebre hace apenas 17 d\u00edas contin\u00faa presente &hellip; <a href=\"http:\/\/delamanodemaria.com\/?p=11034\">Continue reading <span class=\"meta-nav\">&rarr;<\/span><\/a><\/p>\n<div style=\"padding-bottom:20px; padding-top:10px;\" class=\"hupso-share-buttons\"><!-- Hupso Share Buttons - https:\/\/www.hupso.com\/share\/ --><a class=\"hupso_toolbar\" href=\"https:\/\/www.hupso.com\/share\/\"><img src=\"http:\/\/static.hupso.com\/share\/buttons\/lang\/es\/share-medium.png\" style=\"border:0px; padding-top: 5px; float:left;\" alt=\"Share Button\"\/><\/a><script type=\"text\/javascript\">var hupso_services_t=new Array(\"Twitter\",\"Facebook\",\"Google Plus\",\"Pinterest\",\"Linkedin\",\"Email\",\"Print\");var hupso_background_t=\"#EAF4FF\";var hupso_border_t=\"#66CCFF\";var hupso_toolbar_size_t=\"medium\";var hupso_image_folder_url = \"\";var hupso_twitter_via=\"hectorops\";var hupso_url_t=\"\";var hupso_title_t=\"REFLEXI%C3%93N%20PARA%20EL%20MI%C3%89RCOLES%20DESPU%C3%89S%20DE%20EPIFAN%C3%8DA%2009-01-19\";<\/script><script type=\"text\/javascript\" src=\"http:\/\/static.hupso.com\/share\/js\/share_toolbar.js\"><\/script><!-- Hupso Share Buttons --><\/div>","protected":false},"author":1,"featured_media":11036,"comment_status":"open","ping_status":"open","sticky":false,"template":"","format":"standard","meta":{"jetpack_post_was_ever_published":false,"_jetpack_newsletter_access":"","_jetpack_newsletter_tier_id":0,"jetpack_publicize_message":"","jetpack_is_tweetstorm":false,"jetpack_publicize_feature_enabled":true,"jetpack_social_post_already_shared":true,"jetpack_social_options":{"image_generator_settings":{"template":"highway","enabled":false}}},"categories":[1],"tags":[534,2094,619,761,2727,552,2730,1073,164,2,1750],"jetpack_publicize_connections":[],"jetpack_featured_media_url":"http:\/\/delamanodemaria.com\/wp-content\/uploads\/2019\/01\/Camina-sobre-las-aguas.png","jetpack_shortlink":"https:\/\/wp.me\/p3bBgS-2RY","jetpack_sharing_enabled":true,"jetpack_likes_enabled":true,"_links":{"self":[{"href":"http:\/\/delamanodemaria.com\/index.php?rest_route=\/wp\/v2\/posts\/11034"}],"collection":[{"href":"http:\/\/delamanodemaria.com\/index.php?rest_route=\/wp\/v2\/posts"}],"about":[{"href":"http:\/\/delamanodemaria.com\/index.php?rest_route=\/wp\/v2\/types\/post"}],"author":[{"embeddable":true,"href":"http:\/\/delamanodemaria.com\/index.php?rest_route=\/wp\/v2\/users\/1"}],"replies":[{"embeddable":true,"href":"http:\/\/delamanodemaria.com\/index.php?rest_route=%2Fwp%2Fv2%2Fcomments&post=11034"}],"version-history":[{"count":2,"href":"http:\/\/delamanodemaria.com\/index.php?rest_route=\/wp\/v2\/posts\/11034\/revisions"}],"predecessor-version":[{"id":11037,"href":"http:\/\/delamanodemaria.com\/index.php?rest_route=\/wp\/v2\/posts\/11034\/revisions\/11037"}],"wp:featuredmedia":[{"embeddable":true,"href":"http:\/\/delamanodemaria.com\/index.php?rest_route=\/wp\/v2\/media\/11036"}],"wp:attachment":[{"href":"http:\/\/delamanodemaria.com\/index.php?rest_route=%2Fwp%2Fv2%2Fmedia&parent=11034"}],"wp:term":[{"taxonomy":"category","embeddable":true,"href":"http:\/\/delamanodemaria.com\/index.php?rest_route=%2Fwp%2Fv2%2Fcategories&post=11034"},{"taxonomy":"post_tag","embeddable":true,"href":"http:\/\/delamanodemaria.com\/index.php?rest_route=%2Fwp%2Fv2%2Ftags&post=11034"}],"curies":[{"name":"wp","href":"https:\/\/api.w.org\/{rel}","templated":true}]}}