{"id":11064,"date":"2019-01-14T22:59:19","date_gmt":"2019-01-15T02:59:19","guid":{"rendered":"http:\/\/delamanodemaria.com\/?p=11064"},"modified":"2019-01-14T23:00:49","modified_gmt":"2019-01-15T03:00:49","slug":"flexion-para-el-martes-de-la-primera-semana-del-t-o-1-15-01-9","status":"publish","type":"post","link":"http:\/\/delamanodemaria.com\/?p=11064","title":{"rendered":"REFLEXI\u00d3N PARA EL MARTES DE LA PRIMERA SEMANA DEL T.O. (1) 15-01-19"},"content":{"rendered":"\n<figure class=\"wp-block-image\"><img decoding=\"async\" loading=\"lazy\" width=\"640\" height=\"426\" src=\"http:\/\/delamanodemaria.com\/wp-content\/uploads\/2019\/01\/jesus-echa-espiritu-inmundo-med.jpg\" alt=\"\" class=\"wp-image-11066\" srcset=\"http:\/\/delamanodemaria.com\/wp-content\/uploads\/2019\/01\/jesus-echa-espiritu-inmundo-med.jpg 640w, http:\/\/delamanodemaria.com\/wp-content\/uploads\/2019\/01\/jesus-echa-espiritu-inmundo-med-300x200.jpg 300w, http:\/\/delamanodemaria.com\/wp-content\/uploads\/2019\/01\/jesus-echa-espiritu-inmundo-med-451x300.jpg 451w\" sizes=\"(max-width: 640px) 100vw, 640px\" \/><\/figure>\n\n\n\n<p>Continuamos adentr\u00e1ndonos en el Tiempo\nordinario. La figura de Cristo-predicador sigue tomando forma y, junto con\nella, se va revelando la divinidad de Jes\u00fas. El misterio de la Encarnaci\u00f3n.<\/p>\n\n\n\n<p>Como primera lectura la liturgia nos sigue\npresentando la carta a los Hebreos (2,5-12). En este pasaje el autor de la\ncarta enfatiza la naturaleza humana de Jes\u00fas, y c\u00f3mo al hacerse uno de nosotros\nal punto de llamarnos \u201chermanos\u201d, nos abri\u00f3 el camino a la gloria eterna. \u201cAl\nque Dios hab\u00eda hecho un poco inferior a los \u00e1ngeles, a Jes\u00fas, lo vemos ahora\ncoronado de gloria y honor por su pasi\u00f3n y muerte. As\u00ed, por la gracia de Dios,\nha padecido la muerte para bien de todos. Dios, para quien y por quien existe\ntodo, juzg\u00f3 conveniente, para llevar a una multitud de hijos a la gloria,\nperfeccionar y consagrar con sufrimientos al gu\u00eda de su salvaci\u00f3n\u201d. El autor de\nla carta a los Hebreos nos resume en apenas tres oraciones valor redentor del\nsacrificio de Cristo.<\/p>\n\n\n\n<p>Jes\u00fas muestra su superioridad (\u201cpuesto a\nsometerle todo, nada dej\u00f3 fuera de su dominio\u201d), pero a la misma vez muestra su\nsolidaridad total con nosotros. Es por eso que podemos llamar a Dios <em>Abba<\/em>, Padre, al igual que Jes\u00fas. Esa\nfiliaci\u00f3n divina que recibimos en el Bautismo que nos convierte en Hijos de\nDios, hermanos de Jes\u00fas, y coherederos de la gloria.<\/p>\n\n\n\n<p>En la lectura evang\u00e9lica de hoy (Mc 1,21-28)\nvemos el comienzo de la misi\u00f3n de Jes\u00fas. Lo encontramos entrando a Cafarna\u00fan.\nApenas cuenta con cuatro disc\u00edpulos, pero no espera, tiene que cumplir su\nmisi\u00f3n y sabe que tiene poco tiempo. Lo vemos predicando en la sinagoga (algo\nno muy com\u00fan en Jes\u00fas, que prefer\u00eda hacerlo al descampado). Todos se maravillaban\nde la autoridad con que expon\u00eda su doctrina, porque lo hac\u00eda, no como lo\nescribas (que no aventuraban interpretar la ley a menos que su juicio estuviera\navalado por las escrituras), \u201csino con autoridad\u201d. Otra muestra de la divinidad\nde Jes\u00fas, quien hab\u00eda venido a dar plenitud a la Ley y los profetas (Mt 5,17).\nTodos perciben que Jes\u00fas habla con una autoridad que viene desde el interior de\ns\u00ed mismo y que solo puede venir del mismo Dios. Tal vez todav\u00eda no tienen claro\nque \u00c9l es Dios, pero este episodio constituye el primer atisbo de esa divinidad\nque se seguir\u00e1 manifestando a trav\u00e9s del Evangelio.<\/p>\n\n\n\n<p>Y para que no quede duda sobre su \u201cautoridad\u201d\ny su superioridad sobre todo, la Escritura nos presenta a un hombre pose\u00eddo por\nun \u201cesp\u00edritu inmundo\u201d que se encuentra con Jes\u00fas en la sinagoga. El esp\u00edritu\nincrepa a Jes\u00fas y, una vez m\u00e1s, Jes\u00fas habla con autoridad: \u201cC\u00e1llate y sal de \u00e9l\u201d.\nY el esp\u00edritu \u201cdando un grito muy fuerte, sali\u00f3\u201d. Todos estaban asombrados,\nconfundidos, y se dec\u00edan: \u201c\u00bfQu\u00e9 es esto? Este ense\u00f1ar con autoridad es nuevo\u201d.\nY eso, que estamos apenas comenzando, es el primer d\u00eda de predicaci\u00f3n de Jes\u00fas.\n\u00a1Abr\u00f3chense los cinturones!<\/p>\n\n\n\n<p>Y yo, \u00bftengo claro qui\u00e9n es Jes\u00fas? \u00bfHe sido\ntestigo de su poder? Cuando hablo de \u00c9l, \u00bfpresento una imagen de \u201cestampita\u201d\nsobre su persona, o soy capaz de presentar mi experiencia del poder de Jes\u00fas y\nc\u00f3mo ha obrado en m\u00ed?<\/p>\n<div style=\"padding-bottom:20px; padding-top:10px;\" class=\"hupso-share-buttons\"><!-- Hupso Share Buttons - https:\/\/www.hupso.com\/share\/ --><a class=\"hupso_toolbar\" href=\"https:\/\/www.hupso.com\/share\/\"><img src=\"http:\/\/static.hupso.com\/share\/buttons\/lang\/es\/share-medium.png\" style=\"border:0px; padding-top: 5px; float:left;\" alt=\"Share Button\"\/><\/a><script type=\"text\/javascript\">var hupso_services_t=new Array(\"Twitter\",\"Facebook\",\"Google Plus\",\"Pinterest\",\"Linkedin\",\"Email\",\"Print\");var hupso_background_t=\"#EAF4FF\";var hupso_border_t=\"#66CCFF\";var hupso_toolbar_size_t=\"medium\";var hupso_image_folder_url = \"\";var hupso_twitter_via=\"hectorops\";var hupso_url_t=\"\";var hupso_title_t=\"REFLEXI%C3%93N%20PARA%20EL%20MARTES%20DE%20LA%20PRIMERA%20SEMANA%20DEL%20T.O.%20%281%29%2015-01-19\";<\/script><script type=\"text\/javascript\" src=\"http:\/\/static.hupso.com\/share\/js\/share_toolbar.js\"><\/script><!-- Hupso Share Buttons --><\/div>","protected":false},"excerpt":{"rendered":"<p>Continuamos adentr\u00e1ndonos en el Tiempo ordinario. La figura de Cristo-predicador sigue tomando forma y, junto con ella, se va revelando la divinidad de Jes\u00fas. El misterio de la Encarnaci\u00f3n. Como primera lectura la liturgia nos sigue presentando la carta a &hellip; <a href=\"http:\/\/delamanodemaria.com\/?p=11064\">Continue reading <span class=\"meta-nav\">&rarr;<\/span><\/a><\/p>\n<div style=\"padding-bottom:20px; padding-top:10px;\" class=\"hupso-share-buttons\"><!-- Hupso Share Buttons - https:\/\/www.hupso.com\/share\/ --><a class=\"hupso_toolbar\" href=\"https:\/\/www.hupso.com\/share\/\"><img src=\"http:\/\/static.hupso.com\/share\/buttons\/lang\/es\/share-medium.png\" style=\"border:0px; padding-top: 5px; float:left;\" alt=\"Share Button\"\/><\/a><script type=\"text\/javascript\">var hupso_services_t=new Array(\"Twitter\",\"Facebook\",\"Google Plus\",\"Pinterest\",\"Linkedin\",\"Email\",\"Print\");var hupso_background_t=\"#EAF4FF\";var hupso_border_t=\"#66CCFF\";var hupso_toolbar_size_t=\"medium\";var hupso_image_folder_url = \"\";var hupso_twitter_via=\"hectorops\";var hupso_url_t=\"\";var hupso_title_t=\"REFLEXI%C3%93N%20PARA%20EL%20MARTES%20DE%20LA%20PRIMERA%20SEMANA%20DEL%20T.O.%20%281%29%2015-01-19\";<\/script><script type=\"text\/javascript\" src=\"http:\/\/static.hupso.com\/share\/js\/share_toolbar.js\"><\/script><!-- Hupso Share Buttons --><\/div>","protected":false},"author":1,"featured_media":11066,"comment_status":"open","ping_status":"open","sticky":false,"template":"","format":"standard","meta":{"jetpack_post_was_ever_published":false,"_jetpack_newsletter_access":"","_jetpack_newsletter_tier_id":0,"jetpack_publicize_message":"","jetpack_is_tweetstorm":false,"jetpack_publicize_feature_enabled":true,"jetpack_social_post_already_shared":true,"jetpack_social_options":{"image_generator_settings":{"template":"highway","enabled":false}}},"categories":[1],"tags":[765,1091,756,1433,1772,299,44,1773,1947,2742,949,2333,2,1917,270,750,722],"jetpack_publicize_connections":[],"jetpack_featured_media_url":"http:\/\/delamanodemaria.com\/wp-content\/uploads\/2019\/01\/jesus-echa-espiritu-inmundo-med.jpg","jetpack_shortlink":"https:\/\/wp.me\/p3bBgS-2Ss","jetpack_sharing_enabled":true,"jetpack_likes_enabled":true,"_links":{"self":[{"href":"http:\/\/delamanodemaria.com\/index.php?rest_route=\/wp\/v2\/posts\/11064"}],"collection":[{"href":"http:\/\/delamanodemaria.com\/index.php?rest_route=\/wp\/v2\/posts"}],"about":[{"href":"http:\/\/delamanodemaria.com\/index.php?rest_route=\/wp\/v2\/types\/post"}],"author":[{"embeddable":true,"href":"http:\/\/delamanodemaria.com\/index.php?rest_route=\/wp\/v2\/users\/1"}],"replies":[{"embeddable":true,"href":"http:\/\/delamanodemaria.com\/index.php?rest_route=%2Fwp%2Fv2%2Fcomments&post=11064"}],"version-history":[{"count":6,"href":"http:\/\/delamanodemaria.com\/index.php?rest_route=\/wp\/v2\/posts\/11064\/revisions"}],"predecessor-version":[{"id":14856,"href":"http:\/\/delamanodemaria.com\/index.php?rest_route=\/wp\/v2\/posts\/11064\/revisions\/14856"}],"wp:featuredmedia":[{"embeddable":true,"href":"http:\/\/delamanodemaria.com\/index.php?rest_route=\/wp\/v2\/media\/11066"}],"wp:attachment":[{"href":"http:\/\/delamanodemaria.com\/index.php?rest_route=%2Fwp%2Fv2%2Fmedia&parent=11064"}],"wp:term":[{"taxonomy":"category","embeddable":true,"href":"http:\/\/delamanodemaria.com\/index.php?rest_route=%2Fwp%2Fv2%2Fcategories&post=11064"},{"taxonomy":"post_tag","embeddable":true,"href":"http:\/\/delamanodemaria.com\/index.php?rest_route=%2Fwp%2Fv2%2Ftags&post=11064"}],"curies":[{"name":"wp","href":"https:\/\/api.w.org\/{rel}","templated":true}]}}