{"id":11072,"date":"2019-01-16T01:22:58","date_gmt":"2019-01-16T05:22:58","guid":{"rendered":"http:\/\/delamanodemaria.com\/?p=11072"},"modified":"2019-01-16T01:23:05","modified_gmt":"2019-01-16T05:23:05","slug":"reflexion-para-el-miercoles-de-la-primera-semana-del-t-o-1-16-01-19","status":"publish","type":"post","link":"http:\/\/delamanodemaria.com\/?p=11072","title":{"rendered":"REFLEXI\u00d3N PARA EL MI\u00c9RCOLES DE LA PRIMERA SEMANA DEL T.O. (1) 16-01-19"},"content":{"rendered":"\n<figure class=\"wp-block-image\"><img decoding=\"async\" loading=\"lazy\" width=\"900\" height=\"600\" src=\"http:\/\/delamanodemaria.com\/wp-content\/uploads\/2019\/01\/jesus-orando-al-descampado.jpg\" alt=\"\" class=\"wp-image-11073\" srcset=\"http:\/\/delamanodemaria.com\/wp-content\/uploads\/2019\/01\/jesus-orando-al-descampado.jpg 900w, http:\/\/delamanodemaria.com\/wp-content\/uploads\/2019\/01\/jesus-orando-al-descampado-300x200.jpg 300w, http:\/\/delamanodemaria.com\/wp-content\/uploads\/2019\/01\/jesus-orando-al-descampado-768x512.jpg 768w, http:\/\/delamanodemaria.com\/wp-content\/uploads\/2019\/01\/jesus-orando-al-descampado-450x300.jpg 450w\" sizes=\"(max-width: 900px) 100vw, 900px\" \/><\/figure>\n\n\n\n<p>La lectura evang\u00e9lica que nos propone la\nliturgia para hoy (Mc 1,29-39) es la continuaci\u00f3n de la le\u00edamos ayer, en la que\nJes\u00fas cur\u00f3 a un endemoniado. Entre ambas, nos narran un d\u00eda completo en la vida\nde Jes\u00fas.<\/p>\n\n\n\n<p>Hoy encontramos a Jes\u00fas que sale de la\nsinagoga y se dirige a casa de Pedro. El que ha tenido la oportunidad de\nvisitar Cafarna\u00fam sabe que la casa de Pedro no dista mucho de la sinagoga, al\npunto que de una se ve la otra.<\/p>\n\n\n\n<p>Al llegar a la casa de Pedro, Jes\u00fas encuentra\na la suegra de Pedro enferma con fiebre. Inmediatamente la cura y ella sin\ndilaci\u00f3n se pone a servirles. Jes\u00fas contin\u00faa manifestando su poder sobre la\nenfermedad, pero sobre todo su compasi\u00f3n y misericordia infinitas. Vemos c\u00f3mo\nla suegra de Pedro se pone a servirles tan pronto es curada. Un reflejo de la actitud\nfundamental de Jes\u00fas, que vino a servir y no a ser servido (Mt 20,28). Un\nreflejo de lo que deber\u00eda ser nuestra actitud (<em>Cfr<\/em>. G\u00e1l 2,20) para con nuestro pr\u00f3jimo.<\/p>\n\n\n\n<p>Tan pronto se enter\u00f3 la gente que Jes\u00fas estaba\nall\u00ed, comenzaron a traerle enfermos y endemoniados y \u00c9l los cura a todos,\nliber\u00e1ndolos de sus dolencias f\u00edsicas y de sus demonios. Esa es la misi\u00f3n de\nJes\u00fas, junto al anuncio de la Buena Noticia del Reino. Y hoy Jes\u00fas contin\u00faa curando\nnuestras dolencias y deshaciendo toda clase de obst\u00e1culos e impedimentos a\nnuestra salvaci\u00f3n; esos \u201cdemonios\u201d que nos alejan de \u00c9l. Tan solo tenemos que\nacercarnos a \u00c9l.<\/p>\n\n\n\n<p>Finalizada la jornada, de madrugada, hizo lo\nque tantas veces lo vemos hacer en los evangelios: \u201cse march\u00f3 al descampado y\nse puso a orar\u201d. Ese di\u00e1logo constante de Jes\u00fas con el Padre que caracteriza\ntoda su misi\u00f3n. Jes\u00fas vivi\u00f3 en un ambiente de oraci\u00f3n. As\u00ed, a manera de\nejemplo, comenz\u00f3 su vida p\u00fablica con una oraci\u00f3n en su bautismo (Lc 3,22). Del\nmismo modo culmin\u00f3 su obra redentora, en la \u00faltima cena, pronunciando una\noraci\u00f3n de acci\u00f3n de gracias sobre las especies eucar\u00edsticas (Mt 26,26-29; Mc\n14,22-25; Lc 22,19-30, 1 Co 11,23-25). M\u00e1s adelante, se retir\u00f3 al huerto de\nGetseman\u00ed a solas a orar (Mt 26,36-44). Finalmente, con su \u00faltimo aliento\nenton\u00f3 un Salmo de alabanza al Padre (<em>Cfr.<\/em>\nMt 27,46; Sal 22,2)<\/p>\n\n\n\n<p>Podemos decir que la actividad salvadora de\nJes\u00fas se \u201calimentaba\u201d constantemente del di\u00e1logo amoroso con su Padre.\nIgualmente, antes de tomar cualquier decisi\u00f3n importante, como cuando fue a\nelegir a los \u201cdoce\u201d, pas\u00f3 toda la noche en oraci\u00f3n (Lc 6,12). Son tantas las\ninstancias en que Jes\u00fas oraba, que ser\u00eda imposible enumerarlas todas,\nincluyendo al realizar muchos de sus milagros.<\/p>\n\n\n\n<p>Con el ejemplo del pasaje de hoy, Jes\u00fas nos\nest\u00e1 ense\u00f1ando que podemos y debemos conjugar la oraci\u00f3n con nuestro trabajo.\n\u00c9l siempre, a\u00fan en los d\u00edas de m\u00e1s actividad como el que nos narra la lectura\nde hoy, sacaba tiempo para hablar con el Padre. \u201cFabricaba\u201d el tiempo, a\u00fan a\ncosta de sacrificar el sue\u00f1o (\u201cse levant\u00f3 de madrugada\u201d). Me recuerda a santo\nDomingo de Guzm\u00e1n, fundador de la Orden de Predicadores, que pasaba las noches\nen vela orando despu\u00e9s de una larga jornada de predicaci\u00f3n. Y nosotros, \u00bfle\ndedicamos al Padre el tiempo que \u00c9l merece?<\/p>\n<div style=\"padding-bottom:20px; padding-top:10px;\" class=\"hupso-share-buttons\"><!-- Hupso Share Buttons - https:\/\/www.hupso.com\/share\/ --><a class=\"hupso_toolbar\" href=\"https:\/\/www.hupso.com\/share\/\"><img src=\"http:\/\/static.hupso.com\/share\/buttons\/lang\/es\/share-medium.png\" style=\"border:0px; padding-top: 5px; float:left;\" alt=\"Share Button\"\/><\/a><script type=\"text\/javascript\">var hupso_services_t=new Array(\"Twitter\",\"Facebook\",\"Google Plus\",\"Pinterest\",\"Linkedin\",\"Email\",\"Print\");var hupso_background_t=\"#EAF4FF\";var hupso_border_t=\"#66CCFF\";var hupso_toolbar_size_t=\"medium\";var hupso_image_folder_url = \"\";var hupso_twitter_via=\"hectorops\";var hupso_url_t=\"\";var hupso_title_t=\"REFLEXI%C3%93N%20PARA%20EL%20MI%C3%89RCOLES%20DE%20LA%20PRIMERA%20SEMANA%20DEL%20T.O.%20%281%29%2016-01-19\";<\/script><script type=\"text\/javascript\" src=\"http:\/\/static.hupso.com\/share\/js\/share_toolbar.js\"><\/script><!-- Hupso Share Buttons --><\/div>","protected":false},"excerpt":{"rendered":"<p>La lectura evang\u00e9lica que nos propone la liturgia para hoy (Mc 1,29-39) es la continuaci\u00f3n de la le\u00edamos ayer, en la que Jes\u00fas cur\u00f3 a un endemoniado. Entre ambas, nos narran un d\u00eda completo en la vida de Jes\u00fas. Hoy &hellip; <a href=\"http:\/\/delamanodemaria.com\/?p=11072\">Continue reading <span class=\"meta-nav\">&rarr;<\/span><\/a><\/p>\n<div style=\"padding-bottom:20px; padding-top:10px;\" class=\"hupso-share-buttons\"><!-- Hupso Share Buttons - https:\/\/www.hupso.com\/share\/ --><a class=\"hupso_toolbar\" href=\"https:\/\/www.hupso.com\/share\/\"><img src=\"http:\/\/static.hupso.com\/share\/buttons\/lang\/es\/share-medium.png\" style=\"border:0px; padding-top: 5px; float:left;\" alt=\"Share Button\"\/><\/a><script type=\"text\/javascript\">var hupso_services_t=new Array(\"Twitter\",\"Facebook\",\"Google Plus\",\"Pinterest\",\"Linkedin\",\"Email\",\"Print\");var hupso_background_t=\"#EAF4FF\";var hupso_border_t=\"#66CCFF\";var hupso_toolbar_size_t=\"medium\";var hupso_image_folder_url = \"\";var hupso_twitter_via=\"hectorops\";var hupso_url_t=\"\";var hupso_title_t=\"REFLEXI%C3%93N%20PARA%20EL%20MI%C3%89RCOLES%20DE%20LA%20PRIMERA%20SEMANA%20DEL%20T.O.%20%281%29%2016-01-19\";<\/script><script type=\"text\/javascript\" src=\"http:\/\/static.hupso.com\/share\/js\/share_toolbar.js\"><\/script><!-- Hupso Share Buttons --><\/div>","protected":false},"author":1,"featured_media":11073,"comment_status":"open","ping_status":"open","sticky":false,"template":"","format":"standard","meta":{"jetpack_post_was_ever_published":false,"_jetpack_newsletter_access":"","_jetpack_newsletter_tier_id":0,"jetpack_publicize_message":"","jetpack_is_tweetstorm":false,"jetpack_publicize_feature_enabled":true,"jetpack_social_post_already_shared":true,"jetpack_social_options":{"image_generator_settings":{"template":"highway","enabled":false}}},"categories":[1],"tags":[2743,765,1172,105,756,2502,302,143,115,130,2,1471,722],"jetpack_publicize_connections":[],"jetpack_featured_media_url":"http:\/\/delamanodemaria.com\/wp-content\/uploads\/2019\/01\/jesus-orando-al-descampado.jpg","jetpack_shortlink":"https:\/\/wp.me\/p3bBgS-2SA","jetpack_sharing_enabled":true,"jetpack_likes_enabled":true,"_links":{"self":[{"href":"http:\/\/delamanodemaria.com\/index.php?rest_route=\/wp\/v2\/posts\/11072"}],"collection":[{"href":"http:\/\/delamanodemaria.com\/index.php?rest_route=\/wp\/v2\/posts"}],"about":[{"href":"http:\/\/delamanodemaria.com\/index.php?rest_route=\/wp\/v2\/types\/post"}],"author":[{"embeddable":true,"href":"http:\/\/delamanodemaria.com\/index.php?rest_route=\/wp\/v2\/users\/1"}],"replies":[{"embeddable":true,"href":"http:\/\/delamanodemaria.com\/index.php?rest_route=%2Fwp%2Fv2%2Fcomments&post=11072"}],"version-history":[{"count":1,"href":"http:\/\/delamanodemaria.com\/index.php?rest_route=\/wp\/v2\/posts\/11072\/revisions"}],"predecessor-version":[{"id":11074,"href":"http:\/\/delamanodemaria.com\/index.php?rest_route=\/wp\/v2\/posts\/11072\/revisions\/11074"}],"wp:featuredmedia":[{"embeddable":true,"href":"http:\/\/delamanodemaria.com\/index.php?rest_route=\/wp\/v2\/media\/11073"}],"wp:attachment":[{"href":"http:\/\/delamanodemaria.com\/index.php?rest_route=%2Fwp%2Fv2%2Fmedia&parent=11072"}],"wp:term":[{"taxonomy":"category","embeddable":true,"href":"http:\/\/delamanodemaria.com\/index.php?rest_route=%2Fwp%2Fv2%2Fcategories&post=11072"},{"taxonomy":"post_tag","embeddable":true,"href":"http:\/\/delamanodemaria.com\/index.php?rest_route=%2Fwp%2Fv2%2Ftags&post=11072"}],"curies":[{"name":"wp","href":"https:\/\/api.w.org\/{rel}","templated":true}]}}