{"id":11190,"date":"2019-02-05T12:44:29","date_gmt":"2019-02-05T16:44:29","guid":{"rendered":"http:\/\/delamanodemaria.com\/?p=11190"},"modified":"2019-02-05T14:32:15","modified_gmt":"2019-02-05T18:32:15","slug":"conferencia-vida-y-pensamiento-de-santa-catalina-de-siena","status":"publish","type":"post","link":"http:\/\/delamanodemaria.com\/?p=11190","title":{"rendered":"Conferencia &#8220;Vida y pensamiento de santa Catalina de Siena&#8221;"},"content":{"rendered":"\n<figure class=\"wp-block-image\"><img decoding=\"async\" loading=\"lazy\" width=\"673\" height=\"1024\" src=\"http:\/\/delamanodemaria.com\/wp-content\/uploads\/2019\/02\/Promo-Catalina-1-1-673x1024.jpg\" alt=\"\" class=\"wp-image-11191\" srcset=\"http:\/\/delamanodemaria.com\/wp-content\/uploads\/2019\/02\/Promo-Catalina-1-1-673x1024.jpg 673w, http:\/\/delamanodemaria.com\/wp-content\/uploads\/2019\/02\/Promo-Catalina-1-1-197x300.jpg 197w, http:\/\/delamanodemaria.com\/wp-content\/uploads\/2019\/02\/Promo-Catalina-1-1-768x1168.jpg 768w\" sizes=\"(max-width: 673px) 100vw, 673px\" \/><\/figure>\n\n\n\n<p>Te invitamos a compartir esta conferencia que dictar\u00e1 fr. Thomas McDermott, O.P. este <strong>s\u00e1bado 9 de febrero<\/strong> en <a rel=\"noreferrer noopener\" aria-label=\" (opens in a new tab)\" href=\"https:\/\/www.facebook.com\/pages\/Universidad-Central-de-Bayam%C3%B3n\/158432784170587?__tn__=%2CdK-R0.g-R&amp;eid=ARDFUzUGOr_vmml4wig_ZfCdmSEj_26yUAghqkaVIi3H9_R1OrUm3fAnV1W557SO0AhMugLMqlZNNzd5&amp;fref=tag\" target=\"_blank\">Universidad Central de Bayam\u00f3n<\/a>.<\/p>\n<div style=\"padding-bottom:20px; padding-top:10px;\" class=\"hupso-share-buttons\"><!-- Hupso Share Buttons - https:\/\/www.hupso.com\/share\/ --><a class=\"hupso_toolbar\" href=\"https:\/\/www.hupso.com\/share\/\"><img src=\"http:\/\/static.hupso.com\/share\/buttons\/lang\/es\/share-medium.png\" style=\"border:0px; padding-top: 5px; float:left;\" alt=\"Share Button\"\/><\/a><script type=\"text\/javascript\">var hupso_services_t=new Array(\"Twitter\",\"Facebook\",\"Google Plus\",\"Pinterest\",\"Linkedin\",\"Email\",\"Print\");var hupso_background_t=\"#EAF4FF\";var hupso_border_t=\"#66CCFF\";var hupso_toolbar_size_t=\"medium\";var hupso_image_folder_url = \"\";var hupso_twitter_via=\"hectorops\";var hupso_url_t=\"\";var hupso_title_t=\"Conferencia%20%22Vida%20y%20pensamiento%20de%20santa%20Catalina%20de%20Siena%22\";<\/script><script type=\"text\/javascript\" src=\"http:\/\/static.hupso.com\/share\/js\/share_toolbar.js\"><\/script><!-- Hupso Share Buttons --><\/div>","protected":false},"excerpt":{"rendered":"<p>Te invitamos a compartir esta conferencia que dictar\u00e1 fr. Thomas McDermott, O.P. este s\u00e1bado 9 de febrero en Universidad Central de Bayam\u00f3n.<\/p>\n<div style=\"padding-bottom:20px; padding-top:10px;\" class=\"hupso-share-buttons\"><!-- Hupso Share Buttons - https:\/\/www.hupso.com\/share\/ --><a class=\"hupso_toolbar\" href=\"https:\/\/www.hupso.com\/share\/\"><img src=\"http:\/\/static.hupso.com\/share\/buttons\/lang\/es\/share-medium.png\" style=\"border:0px; padding-top: 5px; float:left;\" alt=\"Share Button\"\/><\/a><script type=\"text\/javascript\">var hupso_services_t=new Array(\"Twitter\",\"Facebook\",\"Google Plus\",\"Pinterest\",\"Linkedin\",\"Email\",\"Print\");var hupso_background_t=\"#EAF4FF\";var hupso_border_t=\"#66CCFF\";var hupso_toolbar_size_t=\"medium\";var hupso_image_folder_url = \"\";var hupso_twitter_via=\"hectorops\";var hupso_url_t=\"\";var hupso_title_t=\"Conferencia%20%22Vida%20y%20pensamiento%20de%20santa%20Catalina%20de%20Siena%22\";<\/script><script type=\"text\/javascript\" src=\"http:\/\/static.hupso.com\/share\/js\/share_toolbar.js\"><\/script><!-- Hupso Share Buttons --><\/div>","protected":false},"author":1,"featured_media":11196,"comment_status":"open","ping_status":"open","sticky":false,"template":"","format":"standard","meta":{"jetpack_post_was_ever_published":false,"_jetpack_newsletter_access":"","_jetpack_newsletter_tier_id":0,"jetpack_publicize_message":"","jetpack_is_tweetstorm":false,"jetpack_publicize_feature_enabled":true,"jetpack_social_post_already_shared":true,"jetpack_social_options":{"image_generator_settings":{"template":"highway","enabled":false}}},"categories":[1],"tags":[2789,1246,1344,2785,2787,526,780,2788],"jetpack_publicize_connections":[],"jetpack_featured_media_url":"http:\/\/delamanodemaria.com\/wp-content\/uploads\/2019\/02\/santa-catalina-de-siena.jpg","jetpack_shortlink":"https:\/\/wp.me\/p3bBgS-2Uu","jetpack_sharing_enabled":true,"jetpack_likes_enabled":true,"_links":{"self":[{"href":"http:\/\/delamanodemaria.com\/index.php?rest_route=\/wp\/v2\/posts\/11190"}],"collection":[{"href":"http:\/\/delamanodemaria.com\/index.php?rest_route=\/wp\/v2\/posts"}],"about":[{"href":"http:\/\/delamanodemaria.com\/index.php?rest_route=\/wp\/v2\/types\/post"}],"author":[{"embeddable":true,"href":"http:\/\/delamanodemaria.com\/index.php?rest_route=\/wp\/v2\/users\/1"}],"replies":[{"embeddable":true,"href":"http:\/\/delamanodemaria.com\/index.php?rest_route=%2Fwp%2Fv2%2Fcomments&post=11190"}],"version-history":[{"count":3,"href":"http:\/\/delamanodemaria.com\/index.php?rest_route=\/wp\/v2\/posts\/11190\/revisions"}],"predecessor-version":[{"id":11194,"href":"http:\/\/delamanodemaria.com\/index.php?rest_route=\/wp\/v2\/posts\/11190\/revisions\/11194"}],"wp:featuredmedia":[{"embeddable":true,"href":"http:\/\/delamanodemaria.com\/index.php?rest_route=\/wp\/v2\/media\/11196"}],"wp:attachment":[{"href":"http:\/\/delamanodemaria.com\/index.php?rest_route=%2Fwp%2Fv2%2Fmedia&parent=11190"}],"wp:term":[{"taxonomy":"category","embeddable":true,"href":"http:\/\/delamanodemaria.com\/index.php?rest_route=%2Fwp%2Fv2%2Fcategories&post=11190"},{"taxonomy":"post_tag","embeddable":true,"href":"http:\/\/delamanodemaria.com\/index.php?rest_route=%2Fwp%2Fv2%2Ftags&post=11190"}],"curies":[{"name":"wp","href":"https:\/\/api.w.org\/{rel}","templated":true}]}}