{"id":11279,"date":"2019-02-23T21:39:53","date_gmt":"2019-02-24T01:39:53","guid":{"rendered":"http:\/\/delamanodemaria.com\/?p=11279"},"modified":"2019-02-23T21:40:01","modified_gmt":"2019-02-24T01:40:01","slug":"reflexion-para-el-septimo-domingo-del-t-o-c-24-02-19","status":"publish","type":"post","link":"http:\/\/delamanodemaria.com\/?p=11279","title":{"rendered":"REFLEXI\u00d3N PARA EL S\u00c9PTIMO DOMINGO DEL T.O. (C) 24-02-19"},"content":{"rendered":"\n<figure class=\"wp-block-image\"><img decoding=\"async\" loading=\"lazy\" width=\"630\" height=\"533\" src=\"http:\/\/delamanodemaria.com\/wp-content\/uploads\/2018\/09\/JP-II-Ali-Agca-med.jpg\" alt=\"\" class=\"wp-image-10420\" srcset=\"http:\/\/delamanodemaria.com\/wp-content\/uploads\/2018\/09\/JP-II-Ali-Agca-med.jpg 630w, http:\/\/delamanodemaria.com\/wp-content\/uploads\/2018\/09\/JP-II-Ali-Agca-med-300x254.jpg 300w, http:\/\/delamanodemaria.com\/wp-content\/uploads\/2018\/09\/JP-II-Ali-Agca-med-355x300.jpg 355w\" sizes=\"(max-width: 630px) 100vw, 630px\" \/><\/figure>\n\n\n\n<p>El\nevangelio de hoy (Lc 6,27-38) nos presenta una especie de \u201csecuela\u201d a las\nBienaventuranzas que contempl\u00e1bamos el pasado domingo. En este pasaje Jes\u00fas\npretende dar contenido a las Bienaventuranzas. Jes\u00fas nos est\u00e1 diciendo que las\nnormas contenidas en las Bienaventuranzas no son algo te\u00f3rico, sino que podemos\nidentificar a nuestros \u201cenemigos\u201d con unos personajes concretos: los que nos\nodian, los que nos maldicen, los que nos injurian, los que nos pegan, los que\nnos enga\u00f1an, los que nos roban\u2026 Contrario a la reacci\u00f3n natural de nosotros\nante esas situaciones, Jes\u00fas nos pide que amemos, que bendigamos, que hagamos\nel bien, que \u201cpresentemos la otra mejilla\u201d, que no reclamemos, que no esperemos\nnada\u2026<\/p>\n\n\n\n<p>Si miramos a nuestro alrededor, no ser\u00e1 muy dif\u00edcil\nencontrar varias personas a quienes se nos hace dif\u00edcil amar; personas que\nparecen vivir para \u201chacernos la vida cuadritos\u201d. Y Jes\u00fas nos est\u00e1 pidiendo que\namemos a esas personas; que les deseemos el bien de todo coraz\u00f3n, que oremos\npor ellas, que seamos generosos con ellas, que no les reclamemos, que seamos\ncompasivos. Jes\u00fas no se est\u00e1 refiriendo a meros sentimientos; nos est\u00e1 hablando\nde asumir actitudes concretas respecto a esos enemigos. \u201cPues, si am\u00e1is s\u00f3lo a\nlos que os aman, \u00bfqu\u00e9 m\u00e9rito ten\u00e9is? Tambi\u00e9n los pecadores aman a los que los\naman. Y si hac\u00e9is bien s\u00f3lo a los que os hacen bien, \u00bfqu\u00e9 m\u00e9rito ten\u00e9is?\u201d\n&nbsp;Esa es la \u201cprueba de fuego\u201d del que quiere seguir a Jes\u00fas, del verdadero\n\u201cdisc\u00edpulo\u201d que quiere vivir el Evangelio.<\/p>\n\n\n\n<p>Jes\u00fas nos pide que nos pongamos en el lugar de estos\n\u201cenemigos\u201d; que los tratemos como nos gustar\u00eda que nos trataran a nosotros,\nporque la misma medida que usemos con ellos la usar\u00e1n con nosotros: \u201cSed\ncompasivos como vuestro Padre es compasivo; no juzgu\u00e9is, y no ser\u00e9is juzgados;\nno conden\u00e9is, y no ser\u00e9is condenados; perdonad, y ser\u00e9is perdonados; dad, y se\nos dar\u00e1: os verter\u00e1n una medida generosa, colmada, remecida, rebosante\u201d. La\nPalabra siempre nos interpela, nos hace enfrentarnos con nosotros mismos. Si\ntodo el mundo nos tratara como merecemos, \u00bfc\u00f3mo ser\u00eda ese trato?<\/p>\n\n\n\n<p>\u00a1Uf! Nadie ha dicho que esto de ser cristiano es f\u00e1cil:\n\u201cSi alguno quiere venir en pos de m\u00ed, ni\u00e9guese a s\u00ed mismo, tome su cruz y\ns\u00edgame\u201d (Mt 16,24). \u00bfDif\u00edcil? S\u00ed. \u00bfImposible? No. \u201cTodo lo puedo en Aqu\u00e9l que\nme fortalece\u201d (Fil 4,13).<\/p>\n\n\n\n<p>Hace tiempo le\u00ed un relato de un sabio que dec\u00eda: \u201cAmar es\nuna decisi\u00f3n, y el fruto de esa decisi\u00f3n es el amor\u201d. Jes\u00fas nos est\u00e1 pidiendo\nque asumamos unas actitudes concretas hacia nuestros \u201cenemigos\u201d; en otras\npalabras, que tomemos la decisi\u00f3n de amarlos, amarles como Dios les ama y como\nnos ama a nosotros, a pesar de todas nuestras faltas.<\/p>\n\n\n\n<p>Por otro lado, un viejo proverbio chino nos recuerda que\nun viaje de mil leguas comienza con un paso. Hoy Jes\u00fas nos invita a dar ese\n\u201cprimer paso\u201d con la promesa de que \u00c9l nos brindar\u00e1 la fortaleza para continuar\nadelante, para que esa decisi\u00f3n de amar a nuestros enemigos rinda fruto. Y ese\nfruto ha de ser el amor\u2026<\/p>\n<div style=\"padding-bottom:20px; padding-top:10px;\" class=\"hupso-share-buttons\"><!-- Hupso Share Buttons - https:\/\/www.hupso.com\/share\/ --><a class=\"hupso_toolbar\" href=\"https:\/\/www.hupso.com\/share\/\"><img src=\"http:\/\/static.hupso.com\/share\/buttons\/lang\/es\/share-medium.png\" style=\"border:0px; padding-top: 5px; float:left;\" alt=\"Share Button\"\/><\/a><script type=\"text\/javascript\">var hupso_services_t=new Array(\"Twitter\",\"Facebook\",\"Google Plus\",\"Pinterest\",\"Linkedin\",\"Email\",\"Print\");var hupso_background_t=\"#EAF4FF\";var hupso_border_t=\"#66CCFF\";var hupso_toolbar_size_t=\"medium\";var hupso_image_folder_url = \"\";var hupso_twitter_via=\"hectorops\";var hupso_url_t=\"\";var hupso_title_t=\"REFLEXI%C3%93N%20PARA%20EL%20S%C3%89PTIMO%20DOMINGO%20DEL%20T.O.%20%28C%29%2024-02-19\";<\/script><script type=\"text\/javascript\" src=\"http:\/\/static.hupso.com\/share\/js\/share_toolbar.js\"><\/script><!-- Hupso Share Buttons --><\/div>","protected":false},"excerpt":{"rendered":"<p>El evangelio de hoy (Lc 6,27-38) nos presenta una especie de \u201csecuela\u201d a las Bienaventuranzas que contempl\u00e1bamos el pasado domingo. En este pasaje Jes\u00fas pretende dar contenido a las Bienaventuranzas. Jes\u00fas nos est\u00e1 diciendo que las normas contenidas en las &hellip; <a href=\"http:\/\/delamanodemaria.com\/?p=11279\">Continue reading <span class=\"meta-nav\">&rarr;<\/span><\/a><\/p>\n<div style=\"padding-bottom:20px; padding-top:10px;\" class=\"hupso-share-buttons\"><!-- Hupso Share Buttons - https:\/\/www.hupso.com\/share\/ --><a class=\"hupso_toolbar\" href=\"https:\/\/www.hupso.com\/share\/\"><img src=\"http:\/\/static.hupso.com\/share\/buttons\/lang\/es\/share-medium.png\" style=\"border:0px; padding-top: 5px; float:left;\" alt=\"Share Button\"\/><\/a><script type=\"text\/javascript\">var hupso_services_t=new Array(\"Twitter\",\"Facebook\",\"Google Plus\",\"Pinterest\",\"Linkedin\",\"Email\",\"Print\");var hupso_background_t=\"#EAF4FF\";var hupso_border_t=\"#66CCFF\";var hupso_toolbar_size_t=\"medium\";var hupso_image_folder_url = \"\";var hupso_twitter_via=\"hectorops\";var hupso_url_t=\"\";var hupso_title_t=\"REFLEXI%C3%93N%20PARA%20EL%20S%C3%89PTIMO%20DOMINGO%20DEL%20T.O.%20%28C%29%2024-02-19\";<\/script><script type=\"text\/javascript\" src=\"http:\/\/static.hupso.com\/share\/js\/share_toolbar.js\"><\/script><!-- Hupso Share Buttons --><\/div>","protected":false},"author":1,"featured_media":10420,"comment_status":"open","ping_status":"open","sticky":false,"template":"","format":"standard","meta":{"jetpack_post_was_ever_published":false,"_jetpack_newsletter_access":"","_jetpack_newsletter_tier_id":0,"jetpack_publicize_message":"","jetpack_is_tweetstorm":false,"jetpack_publicize_feature_enabled":true,"jetpack_social_post_already_shared":true,"jetpack_social_options":{"image_generator_settings":{"template":"highway","enabled":false}}},"categories":[1],"tags":[2019,2823,186,3,1842,629,2824,1106,2822,2,144,722],"jetpack_publicize_connections":[],"jetpack_featured_media_url":"http:\/\/delamanodemaria.com\/wp-content\/uploads\/2018\/09\/JP-II-Ali-Agca-med.jpg","jetpack_shortlink":"https:\/\/wp.me\/p3bBgS-2VV","jetpack_sharing_enabled":true,"jetpack_likes_enabled":true,"_links":{"self":[{"href":"http:\/\/delamanodemaria.com\/index.php?rest_route=\/wp\/v2\/posts\/11279"}],"collection":[{"href":"http:\/\/delamanodemaria.com\/index.php?rest_route=\/wp\/v2\/posts"}],"about":[{"href":"http:\/\/delamanodemaria.com\/index.php?rest_route=\/wp\/v2\/types\/post"}],"author":[{"embeddable":true,"href":"http:\/\/delamanodemaria.com\/index.php?rest_route=\/wp\/v2\/users\/1"}],"replies":[{"embeddable":true,"href":"http:\/\/delamanodemaria.com\/index.php?rest_route=%2Fwp%2Fv2%2Fcomments&post=11279"}],"version-history":[{"count":2,"href":"http:\/\/delamanodemaria.com\/index.php?rest_route=\/wp\/v2\/posts\/11279\/revisions"}],"predecessor-version":[{"id":11281,"href":"http:\/\/delamanodemaria.com\/index.php?rest_route=\/wp\/v2\/posts\/11279\/revisions\/11281"}],"wp:featuredmedia":[{"embeddable":true,"href":"http:\/\/delamanodemaria.com\/index.php?rest_route=\/wp\/v2\/media\/10420"}],"wp:attachment":[{"href":"http:\/\/delamanodemaria.com\/index.php?rest_route=%2Fwp%2Fv2%2Fmedia&parent=11279"}],"wp:term":[{"taxonomy":"category","embeddable":true,"href":"http:\/\/delamanodemaria.com\/index.php?rest_route=%2Fwp%2Fv2%2Fcategories&post=11279"},{"taxonomy":"post_tag","embeddable":true,"href":"http:\/\/delamanodemaria.com\/index.php?rest_route=%2Fwp%2Fv2%2Ftags&post=11279"}],"curies":[{"name":"wp","href":"https:\/\/api.w.org\/{rel}","templated":true}]}}