{"id":11304,"date":"2019-03-01T17:25:03","date_gmt":"2019-03-01T21:25:03","guid":{"rendered":"http:\/\/delamanodemaria.com\/?p=11304"},"modified":"2019-03-01T17:25:11","modified_gmt":"2019-03-01T21:25:11","slug":"reflexion-para-el-sabado-de-la-septima-semana-del-t-o-1-02-03-19","status":"publish","type":"post","link":"http:\/\/delamanodemaria.com\/?p=11304","title":{"rendered":"REFLEXI\u00d3N PARA EL S\u00c1BADO DE LA S\u00c9PTIMA SEMANA DEL T.O. (1) 02-03-19"},"content":{"rendered":"\n<figure class=\"wp-block-image\"><img decoding=\"async\" loading=\"lazy\" width=\"912\" height=\"564\" src=\"http:\/\/delamanodemaria.com\/wp-content\/uploads\/2019\/03\/el-papa-francisco-con-los-ninos.jpg\" alt=\"\" class=\"wp-image-11306\" srcset=\"http:\/\/delamanodemaria.com\/wp-content\/uploads\/2019\/03\/el-papa-francisco-con-los-ninos.jpg 912w, http:\/\/delamanodemaria.com\/wp-content\/uploads\/2019\/03\/el-papa-francisco-con-los-ninos-300x186.jpg 300w, http:\/\/delamanodemaria.com\/wp-content\/uploads\/2019\/03\/el-papa-francisco-con-los-ninos-768x475.jpg 768w, http:\/\/delamanodemaria.com\/wp-content\/uploads\/2019\/03\/el-papa-francisco-con-los-ninos-485x300.jpg 485w\" sizes=\"(max-width: 912px) 100vw, 912px\" \/><\/figure>\n\n\n\n<p class=\"has-drop-cap\">En ocasiones anteriores hemos dicho que de\ntodos los evangelistas Marcos es quien m\u00e1s acent\u00faa la dimensi\u00f3n humana de\nJes\u00fas. El pasaje que nos presenta la lectura evang\u00e9lica que contemplamos hoy\n(Mc 10,13-16) es un ejemplo vivo de ello.<\/p>\n\n\n\n<p>Nos dice la Escritura que la gente le acercaba\na Jes\u00fas ni\u00f1os para que los tocara, pero los disc\u00edpulos les rega\u00f1aban. Al ver\nesta actitud en sus disc\u00edpulos, Jes\u00fas se enfad\u00f3 (otras versiones dicen que se\n\u201cindign\u00f3\u201d) y les dijo la tan conocida frase: \u201cDejad que los ni\u00f1os se acerquen a\nm\u00ed: no se lo impid\u00e1is; de los que son como ellos es el reino de Dios. Os\naseguro que el que no acepte el reino de Dios como un ni\u00f1o, no entrar\u00e1 en \u00e9l\u201d.\nA\u00f1ade la lectura que \u201clos abrazaba y los bendec\u00eda imponi\u00e9ndoles las manos\u201d.<\/p>\n\n\n\n<p>Este es uno de esos pasajes que nos narran los\ntres sin\u00f3pticos (Ver: Mt 19, 13-15; Lc 18, 15-17). Mateo menciona el hecho de\nque los disc\u00edpulos les \u201cre\u00f1\u00edan\u201d, pero se limita a decir que Jes\u00fas pidi\u00f3 que\npermitieran a los ni\u00f1os acercarse y que les impon\u00eda las manos. Lucas se limita\na mencionar lo primero, pero ni tan siquiera menciona que les impusiera las\nmanos.<\/p>\n\n\n\n<p>Marcos nos revela un Jes\u00fas muy humano, igual a\nnosotros en todo menos en el pecado (<em>Cfr<\/em>.\nHb 4,15). Un Jes\u00fas capaz de enojarse ante la torpeza y falta de caridad de sus\ndisc\u00edpulos, y a la vez un Jes\u00fas tierno, amoroso, que abraza\u2026 sobre todo a los\nni\u00f1os. \u00a1Qu\u00e9 diferencia entre la actitud de Jes\u00fas y la de sus disc\u00edpulos! Hemos\nse\u00f1alado que en tiempos de Jes\u00fas los ni\u00f1os eran seres insignificantes, ni tan\nsiquiera se sentaban a la mesa con sus padres; se sentaban con los criados.\nJes\u00fas se identifica con ellos, los acoge, los abraza. Con su gesto nos est\u00e1\ndemostrando, no solo sus sentimientos, sino su preferencia por los m\u00e1s\npeque\u00f1os, los m\u00e1s d\u00e9biles, los m\u00e1s indefensos, los marginados.<\/p>\n\n\n\n<p>Pero con sus palabras tambi\u00e9n nos est\u00e1\nse\u00f1alando la actitud que tenemos que seguir frente a Dios y las cosas de Reino.\nTenemos que ser capaces de maravillarnos, ver las cosas sin dobleces, actuar\nespont\u00e1neamente, sin segundas intenciones ni agendas ocultas, ser capaces de\nacercarnos a Dios con la confianza y la inocencia de un ni\u00f1o: \u201cel que no acepte\nel reino de Dios como un ni\u00f1o, no entrar\u00e1 en \u00e9l\u201d.<\/p>\n\n\n\n<p>No se trata de asumir una actitud \u201cinfantil\u201d\nrespecto a las cosas de Dios y del Reino. Se trata de confiar en la Divina\nProvidencia, aprender a depender de Dios como lo hace un ni\u00f1o con su padre o,\nm\u00e1s aun, con su madre.<\/p>\n\n\n\n<p>Para entrar en el Reino hay que despojarse de\ntoda pretensi\u00f3n; hay que recordar que queremos entrar en un Reino donde el que\nreina se hizo servidor de todos.<\/p>\n\n\n\n<p>Te lo aseguro. Si logras despojarte de toda\n\u00ednfula de autosuficiencia, y bajar todas tus \u201cdefensas\u201d ante la presencia de\nDios, sentir\u00e1s Su tierno y c\u00e1lido abrazo, que sin necesidad de palabras te\nexpresar\u00e1 el amor m\u00e1s grande que hayas experimentado jam\u00e1s. Y no tendr\u00e1s m\u00e1s\nremedio que compartirlo. De eso se trata el Reino.<\/p>\n\n\n\n<p>No olviden visitar la Casa del Padre; \u00c9l les\nespera&#8230;<\/p>\n<div style=\"padding-bottom:20px; padding-top:10px;\" class=\"hupso-share-buttons\"><!-- Hupso Share Buttons - https:\/\/www.hupso.com\/share\/ --><a class=\"hupso_toolbar\" href=\"https:\/\/www.hupso.com\/share\/\"><img src=\"http:\/\/static.hupso.com\/share\/buttons\/lang\/es\/share-medium.png\" style=\"border:0px; padding-top: 5px; float:left;\" alt=\"Share Button\"\/><\/a><script type=\"text\/javascript\">var hupso_services_t=new Array(\"Twitter\",\"Facebook\",\"Google Plus\",\"Pinterest\",\"Linkedin\",\"Email\",\"Print\");var hupso_background_t=\"#EAF4FF\";var hupso_border_t=\"#66CCFF\";var hupso_toolbar_size_t=\"medium\";var hupso_image_folder_url = \"\";var hupso_twitter_via=\"hectorops\";var hupso_url_t=\"\";var hupso_title_t=\"REFLEXI%C3%93N%20PARA%20EL%20S%C3%81BADO%20DE%20LA%20S%C3%89PTIMA%20SEMANA%20DEL%20T.O.%20%281%29%2002-03-19\";<\/script><script type=\"text\/javascript\" src=\"http:\/\/static.hupso.com\/share\/js\/share_toolbar.js\"><\/script><!-- Hupso Share Buttons --><\/div>","protected":false},"excerpt":{"rendered":"<p>En ocasiones anteriores hemos dicho que de todos los evangelistas Marcos es quien m\u00e1s acent\u00faa la dimensi\u00f3n humana de Jes\u00fas. El pasaje que nos presenta la lectura evang\u00e9lica que contemplamos hoy (Mc 10,13-16) es un ejemplo vivo de ello. Nos &hellip; <a href=\"http:\/\/delamanodemaria.com\/?p=11304\">Continue reading <span class=\"meta-nav\">&rarr;<\/span><\/a><\/p>\n<div style=\"padding-bottom:20px; padding-top:10px;\" class=\"hupso-share-buttons\"><!-- Hupso Share Buttons - https:\/\/www.hupso.com\/share\/ --><a class=\"hupso_toolbar\" href=\"https:\/\/www.hupso.com\/share\/\"><img src=\"http:\/\/static.hupso.com\/share\/buttons\/lang\/es\/share-medium.png\" style=\"border:0px; padding-top: 5px; float:left;\" alt=\"Share Button\"\/><\/a><script type=\"text\/javascript\">var hupso_services_t=new Array(\"Twitter\",\"Facebook\",\"Google Plus\",\"Pinterest\",\"Linkedin\",\"Email\",\"Print\");var hupso_background_t=\"#EAF4FF\";var hupso_border_t=\"#66CCFF\";var hupso_toolbar_size_t=\"medium\";var hupso_image_folder_url = \"\";var hupso_twitter_via=\"hectorops\";var hupso_url_t=\"\";var hupso_title_t=\"REFLEXI%C3%93N%20PARA%20EL%20S%C3%81BADO%20DE%20LA%20S%C3%89PTIMA%20SEMANA%20DEL%20T.O.%20%281%29%2002-03-19\";<\/script><script type=\"text\/javascript\" src=\"http:\/\/static.hupso.com\/share\/js\/share_toolbar.js\"><\/script><!-- Hupso Share Buttons --><\/div>","protected":false},"author":1,"featured_media":11306,"comment_status":"open","ping_status":"open","sticky":false,"template":"","format":"standard","meta":{"jetpack_post_was_ever_published":false,"_jetpack_newsletter_access":"","_jetpack_newsletter_tier_id":0,"jetpack_publicize_message":"","jetpack_is_tweetstorm":false,"jetpack_publicize_feature_enabled":true,"jetpack_social_post_already_shared":true,"jetpack_social_options":{"image_generator_settings":{"template":"highway","enabled":false}}},"categories":[1],"tags":[1356,30,765,1829,2753,155,1830,327,605,337,2,472,885,754,722],"jetpack_publicize_connections":[],"jetpack_featured_media_url":"http:\/\/delamanodemaria.com\/wp-content\/uploads\/2019\/03\/el-papa-francisco-con-los-ninos.jpg","jetpack_shortlink":"https:\/\/wp.me\/p3bBgS-2Wk","jetpack_sharing_enabled":true,"jetpack_likes_enabled":true,"_links":{"self":[{"href":"http:\/\/delamanodemaria.com\/index.php?rest_route=\/wp\/v2\/posts\/11304"}],"collection":[{"href":"http:\/\/delamanodemaria.com\/index.php?rest_route=\/wp\/v2\/posts"}],"about":[{"href":"http:\/\/delamanodemaria.com\/index.php?rest_route=\/wp\/v2\/types\/post"}],"author":[{"embeddable":true,"href":"http:\/\/delamanodemaria.com\/index.php?rest_route=\/wp\/v2\/users\/1"}],"replies":[{"embeddable":true,"href":"http:\/\/delamanodemaria.com\/index.php?rest_route=%2Fwp%2Fv2%2Fcomments&post=11304"}],"version-history":[{"count":3,"href":"http:\/\/delamanodemaria.com\/index.php?rest_route=\/wp\/v2\/posts\/11304\/revisions"}],"predecessor-version":[{"id":11308,"href":"http:\/\/delamanodemaria.com\/index.php?rest_route=\/wp\/v2\/posts\/11304\/revisions\/11308"}],"wp:featuredmedia":[{"embeddable":true,"href":"http:\/\/delamanodemaria.com\/index.php?rest_route=\/wp\/v2\/media\/11306"}],"wp:attachment":[{"href":"http:\/\/delamanodemaria.com\/index.php?rest_route=%2Fwp%2Fv2%2Fmedia&parent=11304"}],"wp:term":[{"taxonomy":"category","embeddable":true,"href":"http:\/\/delamanodemaria.com\/index.php?rest_route=%2Fwp%2Fv2%2Fcategories&post=11304"},{"taxonomy":"post_tag","embeddable":true,"href":"http:\/\/delamanodemaria.com\/index.php?rest_route=%2Fwp%2Fv2%2Ftags&post=11304"}],"curies":[{"name":"wp","href":"https:\/\/api.w.org\/{rel}","templated":true}]}}