{"id":11309,"date":"2019-03-02T21:58:37","date_gmt":"2019-03-03T01:58:37","guid":{"rendered":"http:\/\/delamanodemaria.com\/?p=11309"},"modified":"2019-03-02T22:06:27","modified_gmt":"2019-03-03T02:06:27","slug":"reflexion-para-el-octavo-domingo-del-t-o-c-03-03-19","status":"publish","type":"post","link":"http:\/\/delamanodemaria.com\/?p=11309","title":{"rendered":"REFLEXI\u00d3N PARA EL OCTAVO DOMINGO DEL T.O. (C) 03-03-19"},"content":{"rendered":"\n<figure class=\"wp-block-image\"><img decoding=\"async\" loading=\"lazy\" width=\"630\" height=\"577\" src=\"http:\/\/delamanodemaria.com\/wp-content\/uploads\/2019\/03\/ciego-guiando-ciego.jpg\" alt=\"\" class=\"wp-image-11312\" srcset=\"http:\/\/delamanodemaria.com\/wp-content\/uploads\/2019\/03\/ciego-guiando-ciego.jpg 630w, http:\/\/delamanodemaria.com\/wp-content\/uploads\/2019\/03\/ciego-guiando-ciego-300x275.jpg 300w, http:\/\/delamanodemaria.com\/wp-content\/uploads\/2019\/03\/ciego-guiando-ciego-328x300.jpg 328w\" sizes=\"(max-width: 630px) 100vw, 630px\" \/><\/figure>\n\n\n\n<p>La lectura evang\u00e9lica que\nnos propone la liturgia para este octavo domingo del tiempo ordinario (Lc\n6,39-42), constituye el tercer fragmento de lo que se conoce como el \u201cdiscurso\ndel llano\u201d o \u201cserm\u00f3n de la llanura\u201d de Jes\u00fas que comenz\u00f3 con las Bienaventuranzas\n(en paralelo con el discurso o \u201cserm\u00f3n de la monta\u00f1a\u201d que nos narra Mateo).<\/p>\n\n\n\n<p>Jes\u00fas utiliza la figura de\nla vista (\u201cciego\u201d &#8211; \u201cojo\u201d), que nos evoca la contraposici\u00f3n luz-tinieblas (Cfr.\n<em>Jn<\/em> 12,46), para recordarnos que no\ndebemos seguir a nadie a ciegas, como tampoco podemos guiar a otros si no\nconocemos la Luz. \u201c\u00bfAcaso puede un ciego guiar a otro ciego? \u00bfNo caer\u00e1n los dos\nen el hoyo?\u201d. El mensaje es claro: No podemos guiar a nadie hacia la Verdad si\nno conocemos la Verdad. No podemos proclamar el Evangelio si no lo vivimos,\nporque terminaremos apart\u00e1ndonos de la verdad y arrastrando a otros con\nnosotros hacia la oscuridad del pecado.<\/p>\n\n\n\n<p>Ese peligro se hace m\u00e1s\npatente cuando caemos en la tentaci\u00f3n de juzgar a otros sin antes habernos\njuzgado a nosotros mismos, cuando pretendemos ense\u00f1arles a otros c\u00f3mo poner su\ncasa en orden cuando la nuestra est\u00e1 en desorden: \u201c\u00bfPor qu\u00e9 te fijas en la mota\nque tiene tu hermano en el ojo y no reparas en la viga que llevas en el tuyo?\n\u00bfC\u00f3mo puedes decirle a tu hermano: \u2018Hermano, d\u00e9jame que te saque la mota del\nojo\u2019, sin fijarte en la viga que llevas en el tuyo? \u00a1Hip\u00f3crita! S\u00e1cate primero\nla viga de tu ojo, y entonces ver\u00e1s claro para sacar la mota del ojo de tu\nhermano\u201d.<\/p>\n\n\n\n<p>Con toda probabilidad Jes\u00fas estaba pensando en los fariseos cuando pronunci\u00f3 esas palabras tan fuertes. De hecho, en el relato de Mateo Jes\u00fas dirige esas palabras a los fariseos (Mt 7, 1-7; 16-20). Pero esa verdad no se limita a los fariseos. De ah\u00ed que en la versi\u00f3n de Marcos encontramos a Jes\u00fas dirigi\u00e9ndose a sus disc\u00edpulos (a nosotros). Somos muy dados a juzgar a los dem\u00e1s con severidad, pero cuando se trata de nosotros, buscamos (y encontramos) toda clase de justificaciones e inclusive nos negamos a ver nuestras propias faltas; nos tornamos \u201cciegos\u201d.<\/p>\n\n\n\n<p>Jes\u00fas nos invita a ser compasivos,\nindulgentes y misericordiosos con nuestros hermanos. \u201cNo juzgu\u00e9is, para que no\nse\u00e1is juzgados. Porque con el juicio con que juzgu\u00e9is ser\u00e9is juzgados, y con la\nmedida con que mid\u00e1is se os medir\u00e1\u201d (Mt 7,1-2).<\/p>\n\n\n\n<p>Jes\u00fas nos est\u00e1 proponiendo\nun proceso de introspecci\u00f3n, de autoexamen, que nos permita tomar conciencia de\nnuestra propia hipocres\u00eda, reconocer nuestros pecados, y hacer prop\u00f3sito de\nenmendar nuestra conducta de modo que sea agradable a Dios. Solo as\u00ed podremos salir\nde nuestra \u201cceguera espiritual\u201d y ver la Luz que nos permita guiar a nuestros\nhermanos hacia ella mediante la correcci\u00f3n fraterna sin juzgarlos ni criticarlos.<\/p>\n\n\n\n<p>Tenemos pues que convertirnos\n(esa \u201cconversi\u00f3n\u201d a que se nos llama en el tiempo de Cuaresma que est\u00e1 a punto\nde comenzar) en seres humanos nuevos, en otros \u201ccristos\u201d (G\u00e1l 2,20), para\nentonces poder proponer un cambio de vida a nuestros hermanos, especialmente\ncon nuestra conducta.<\/p>\n\n\n\n<p>\u00a1Feliz domingo!<\/p>\n<div style=\"padding-bottom:20px; padding-top:10px;\" class=\"hupso-share-buttons\"><!-- Hupso Share Buttons - https:\/\/www.hupso.com\/share\/ --><a class=\"hupso_toolbar\" href=\"https:\/\/www.hupso.com\/share\/\"><img src=\"http:\/\/static.hupso.com\/share\/buttons\/lang\/es\/share-medium.png\" style=\"border:0px; padding-top: 5px; float:left;\" alt=\"Share Button\"\/><\/a><script type=\"text\/javascript\">var hupso_services_t=new Array(\"Twitter\",\"Facebook\",\"Google Plus\",\"Pinterest\",\"Linkedin\",\"Email\",\"Print\");var hupso_background_t=\"#EAF4FF\";var hupso_border_t=\"#66CCFF\";var hupso_toolbar_size_t=\"medium\";var hupso_image_folder_url = \"\";var hupso_twitter_via=\"hectorops\";var hupso_url_t=\"\";var hupso_title_t=\"REFLEXI%C3%93N%20PARA%20EL%20OCTAVO%20DOMINGO%20DEL%20T.O.%20%28C%29%2003-03-19\";<\/script><script type=\"text\/javascript\" src=\"http:\/\/static.hupso.com\/share\/js\/share_toolbar.js\"><\/script><!-- Hupso Share Buttons --><\/div>","protected":false},"excerpt":{"rendered":"<p>La lectura evang\u00e9lica que nos propone la liturgia para este octavo domingo del tiempo ordinario (Lc 6,39-42), constituye el tercer fragmento de lo que se conoce como el \u201cdiscurso del llano\u201d o \u201cserm\u00f3n de la llanura\u201d de Jes\u00fas que comenz\u00f3 &hellip; <a href=\"http:\/\/delamanodemaria.com\/?p=11309\">Continue reading <span class=\"meta-nav\">&rarr;<\/span><\/a><\/p>\n<div style=\"padding-bottom:20px; padding-top:10px;\" class=\"hupso-share-buttons\"><!-- Hupso Share Buttons - https:\/\/www.hupso.com\/share\/ --><a class=\"hupso_toolbar\" href=\"https:\/\/www.hupso.com\/share\/\"><img src=\"http:\/\/static.hupso.com\/share\/buttons\/lang\/es\/share-medium.png\" style=\"border:0px; padding-top: 5px; float:left;\" alt=\"Share Button\"\/><\/a><script type=\"text\/javascript\">var hupso_services_t=new Array(\"Twitter\",\"Facebook\",\"Google Plus\",\"Pinterest\",\"Linkedin\",\"Email\",\"Print\");var hupso_background_t=\"#EAF4FF\";var hupso_border_t=\"#66CCFF\";var hupso_toolbar_size_t=\"medium\";var hupso_image_folder_url = \"\";var hupso_twitter_via=\"hectorops\";var hupso_url_t=\"\";var hupso_title_t=\"REFLEXI%C3%93N%20PARA%20EL%20OCTAVO%20DOMINGO%20DEL%20T.O.%20%28C%29%2003-03-19\";<\/script><script type=\"text\/javascript\" src=\"http:\/\/static.hupso.com\/share\/js\/share_toolbar.js\"><\/script><!-- Hupso Share Buttons --><\/div>","protected":false},"author":1,"featured_media":11312,"comment_status":"open","ping_status":"open","sticky":false,"template":"","format":"standard","meta":{"jetpack_post_was_ever_published":false,"_jetpack_newsletter_access":"","_jetpack_newsletter_tier_id":0,"jetpack_publicize_message":"","jetpack_is_tweetstorm":false,"jetpack_publicize_feature_enabled":true,"jetpack_social_post_already_shared":true,"jetpack_social_options":{"image_generator_settings":{"template":"highway","enabled":false}}},"categories":[1],"tags":[2838,2579,3,1053,12,1752,4,818,1756,1055,34,160,1406,1052,1140,2,187,632,722,36,2360],"jetpack_publicize_connections":[],"jetpack_featured_media_url":"http:\/\/delamanodemaria.com\/wp-content\/uploads\/2019\/03\/ciego-guiando-ciego.jpg","jetpack_shortlink":"https:\/\/wp.me\/p3bBgS-2Wp","jetpack_sharing_enabled":true,"jetpack_likes_enabled":true,"_links":{"self":[{"href":"http:\/\/delamanodemaria.com\/index.php?rest_route=\/wp\/v2\/posts\/11309"}],"collection":[{"href":"http:\/\/delamanodemaria.com\/index.php?rest_route=\/wp\/v2\/posts"}],"about":[{"href":"http:\/\/delamanodemaria.com\/index.php?rest_route=\/wp\/v2\/types\/post"}],"author":[{"embeddable":true,"href":"http:\/\/delamanodemaria.com\/index.php?rest_route=\/wp\/v2\/users\/1"}],"replies":[{"embeddable":true,"href":"http:\/\/delamanodemaria.com\/index.php?rest_route=%2Fwp%2Fv2%2Fcomments&post=11309"}],"version-history":[{"count":3,"href":"http:\/\/delamanodemaria.com\/index.php?rest_route=\/wp\/v2\/posts\/11309\/revisions"}],"predecessor-version":[{"id":11314,"href":"http:\/\/delamanodemaria.com\/index.php?rest_route=\/wp\/v2\/posts\/11309\/revisions\/11314"}],"wp:featuredmedia":[{"embeddable":true,"href":"http:\/\/delamanodemaria.com\/index.php?rest_route=\/wp\/v2\/media\/11312"}],"wp:attachment":[{"href":"http:\/\/delamanodemaria.com\/index.php?rest_route=%2Fwp%2Fv2%2Fmedia&parent=11309"}],"wp:term":[{"taxonomy":"category","embeddable":true,"href":"http:\/\/delamanodemaria.com\/index.php?rest_route=%2Fwp%2Fv2%2Fcategories&post=11309"},{"taxonomy":"post_tag","embeddable":true,"href":"http:\/\/delamanodemaria.com\/index.php?rest_route=%2Fwp%2Fv2%2Ftags&post=11309"}],"curies":[{"name":"wp","href":"https:\/\/api.w.org\/{rel}","templated":true}]}}