{"id":1136,"date":"2013-05-29T20:53:43","date_gmt":"2013-05-30T00:53:43","guid":{"rendered":"http:\/\/delamanodemaria.com\/?p=1136"},"modified":"2013-05-29T20:53:43","modified_gmt":"2013-05-30T00:53:43","slug":"reflexion-para-el-jueves-30-05-13","status":"publish","type":"post","link":"http:\/\/delamanodemaria.com\/?p=1136","title":{"rendered":"REFLEXI\u00d3N PARA EL JUEVES 30-05-13"},"content":{"rendered":"<p><span style=\"font-size: large;\"><a href=\"http:\/\/delamanodemaria.com\/wp-content\/uploads\/2013\/05\/Bartimeo.jpg\"><img decoding=\"async\" loading=\"lazy\" class=\"alignnone size-full wp-image-1137\" alt=\"Bartimeo\" src=\"http:\/\/delamanodemaria.com\/wp-content\/uploads\/2013\/05\/Bartimeo.jpg\" width=\"750\" height=\"641\" srcset=\"http:\/\/delamanodemaria.com\/wp-content\/uploads\/2013\/05\/Bartimeo.jpg 750w, http:\/\/delamanodemaria.com\/wp-content\/uploads\/2013\/05\/Bartimeo-300x256.jpg 300w, http:\/\/delamanodemaria.com\/wp-content\/uploads\/2013\/05\/Bartimeo-351x300.jpg 351w\" sizes=\"(max-width: 750px) 100vw, 750px\" \/><\/a><\/span><\/p>\n<p><span style=\"font-size: large;\">\u201cJes\u00fas le dijo: \u2018\u00bfQu\u00e9 quieres que haga por ti?\u2019 El ciego le contest\u00f3: \u2018Maestro, que pueda ver\u2019. Jes\u00fas le dijo: \u2018Anda, tu fe te ha curado\u2019. Y al momento recobr\u00f3 la vista y lo segu\u00eda por el camino\u201d. As\u00ed finaliza el Evangelio que nos propone la liturgia para hoy (Mc 10,46-52).<\/span><\/p>\n<p><span style=\"font-size: large;\">\u201cMaestro, que pueda ver\u201d. Una frase tan directa y sencilla como profunda y compleja, pues encierra un cambio radical en la vida de aqu\u00e9l hombre; una vida nueva. Pasar de las tinieblas a la luz, de la dependencia a la autosuficiencia, de la tristeza a la alegr\u00eda, de la baja autoestima a la plena realizaci\u00f3n.<\/span><\/p>\n<p><span style=\"font-size: large;\">\u201cMaestro, que pueda ver\u201d. Somos tantos los ciegos que andamos vagando por el mundo de las tinieblas sin alcanzar a ver la luz\u2026 Porque a veces la verdadera ceguera no es la ceguera f\u00edsica, sino la ceguera espiritual; esa que nos impide ver el rostro de Jes\u00fas. \u00a1Cu\u00e1ntas veces le pasamos por al frente, o \u00c9l pasa a nuestro lado y no le reconocemos!<\/span><\/p>\n<p><span style=\"font-size: large;\">\u201cMaestro, que pueda ver\u201d. \u00a1Cu\u00e1n distinta ser\u00eda nuestra vida si logr\u00e1ramos ver el rostro de Jes\u00fas; el de \u00c9se que nos ama tanto que dio su vida por nosotros! No lo podemos ver porque nuestros ojos est\u00e1n cubiertos por las \u201cescamas\u201d de nuestros pecados, nuestros orgullos, nuestro ego\u00edsmo, nuestra hipocres\u00eda, nuestra falta de fe.<\/span><\/p>\n<p><span style=\"font-size: large;\">\u201cMaestro, que pueda ver\u201d. Si abrimos nuestros corazones al amor de Dios que se derrama sobre nosotros y que se llama Esp\u00edritu Santo, esas \u201cescamas\u201d se disolver\u00e1n y caer\u00e1n de nuestros ojos, y comenzaremos a ver, como le ocurri\u00f3 a Saulo de Tarso (Cfr. Hc 9,18), y a Bartimeo en el pasaje evang\u00e9lico de hoy. Cuando aqu\u00e9l hombre recuper\u00f3 la vista lo primero que vio fue el rostro de Jes\u00fas. Del mismo modo nosotros, una vez recuperemos la vista del alma, el primer rostro que veremos ser\u00e1 el rostro de Jes\u00fas reflejado en el rostro del hermano m\u00e1s pr\u00f3ximo, especialmente el m\u00e1s necesitado (Cfr. Mt 25,37-40). Entonces, al igual que Bartimeo, seguiremos tras los pasos de Jes\u00fas. Y la luz de su rostro apartar\u00e1 toda tiniebla de nuestra vida, como lo ser\u00e1 en el \u00faltimo d\u00eda (Cfr. Ap 22,5).<\/span><\/p>\n<p><span style=\"font-size: large;\">Esta lectura evang\u00e9lica nos muestra adem\u00e1s lo que es la perseverancia en la fe. \u201c\u00a1Hijo de David, Jes\u00fas, ten compasi\u00f3n de m\u00ed!\u201d, le grita el ciego a Jes\u00fas, aunque no puede verlo. El ejemplo perfecto de un acto de fe. Cuando le rega\u00f1an y le piden que calle, \u00e9l no se rinde. Grita con m\u00e1s fuerza: \u201cHijo de David, ten compasi\u00f3n de m\u00ed\u201d. El ejemplo perfecto de perseverancia en la fe. Jes\u00fas, conmovido por la perseverancia de aquel ciego, pidi\u00f3 que se lo acercaran y le pregunt\u00f3: \u201c\u00bfQu\u00e9 quieres que haga por ti?\u201d. \u201cMaestro, que pueda ver\u201d, le contest\u00f3. A lo que Jes\u00fas responde: \u201cAnda, tu fe te ha curado\u201d.<\/span><\/p>\n<p><span style=\"font-size: large;\">Estamos celebrando el A\u00f1o de la fe. Ya hemos dicho que la fe es la que nos permite recibir la gracia de los milagros; nos hace actuar conforme a lo que creemos y nos permite ver el poder y la gloria de Dios. \u201cTodo lo que pidan con fe, lo alcanzar\u00e1n\u201d (Mt 21,22); \u201cCuando pidan algo en la oraci\u00f3n, crean que ya tienen y lo conseguir\u00e1n\u201d (Mc 11,24).<\/span><\/p>\n<p><span style=\"font-size: large;\">\u201cMaestro, que pueda ver\u201d. Que esa sea nuestra petici\u00f3n al Se\u00f1or en este d\u00eda. Y si lo hacemos con la fe de Bartimeo, Jes\u00fas nos dir\u00e1: \u201cAnda, tu fe te ha curado\u201d.<\/span><\/p>\n<div style=\"padding-bottom:20px; padding-top:10px;\" class=\"hupso-share-buttons\"><!-- Hupso Share Buttons - https:\/\/www.hupso.com\/share\/ --><a class=\"hupso_toolbar\" href=\"https:\/\/www.hupso.com\/share\/\"><img src=\"http:\/\/static.hupso.com\/share\/buttons\/lang\/es\/share-medium.png\" style=\"border:0px; padding-top: 5px; float:left;\" alt=\"Share Button\"\/><\/a><script type=\"text\/javascript\">var hupso_services_t=new Array(\"Twitter\",\"Facebook\",\"Google Plus\",\"Pinterest\",\"Linkedin\",\"Email\",\"Print\");var hupso_background_t=\"#EAF4FF\";var hupso_border_t=\"#66CCFF\";var hupso_toolbar_size_t=\"medium\";var hupso_image_folder_url = \"\";var hupso_twitter_via=\"hectorops\";var hupso_url_t=\"\";var hupso_title_t=\"REFLEXI%C3%93N%20PARA%20EL%20JUEVES%2030-05-13\";<\/script><script type=\"text\/javascript\" src=\"http:\/\/static.hupso.com\/share\/js\/share_toolbar.js\"><\/script><!-- Hupso Share Buttons --><\/div>","protected":false},"excerpt":{"rendered":"<p>\u201cJes\u00fas le dijo: \u2018\u00bfQu\u00e9 quieres que haga por ti?\u2019 El ciego le contest\u00f3: \u2018Maestro, que pueda ver\u2019. Jes\u00fas le dijo: \u2018Anda, tu fe te ha curado\u2019. Y al momento recobr\u00f3 la vista y lo segu\u00eda por el camino\u201d. As\u00ed finaliza &hellip; <a href=\"http:\/\/delamanodemaria.com\/?p=1136\">Continue reading <span class=\"meta-nav\">&rarr;<\/span><\/a><\/p>\n<div style=\"padding-bottom:20px; padding-top:10px;\" class=\"hupso-share-buttons\"><!-- Hupso Share Buttons - https:\/\/www.hupso.com\/share\/ --><a class=\"hupso_toolbar\" href=\"https:\/\/www.hupso.com\/share\/\"><img src=\"http:\/\/static.hupso.com\/share\/buttons\/lang\/es\/share-medium.png\" style=\"border:0px; padding-top: 5px; float:left;\" alt=\"Share Button\"\/><\/a><script type=\"text\/javascript\">var hupso_services_t=new Array(\"Twitter\",\"Facebook\",\"Google Plus\",\"Pinterest\",\"Linkedin\",\"Email\",\"Print\");var hupso_background_t=\"#EAF4FF\";var hupso_border_t=\"#66CCFF\";var hupso_toolbar_size_t=\"medium\";var hupso_image_folder_url = \"\";var hupso_twitter_via=\"hectorops\";var hupso_url_t=\"\";var hupso_title_t=\"REFLEXI%C3%93N%20PARA%20EL%20JUEVES%2030-05-13\";<\/script><script type=\"text\/javascript\" src=\"http:\/\/static.hupso.com\/share\/js\/share_toolbar.js\"><\/script><!-- Hupso Share Buttons --><\/div>","protected":false},"author":1,"featured_media":0,"comment_status":"open","ping_status":"open","sticky":false,"template":"","format":"standard","meta":{"jetpack_post_was_ever_published":false,"_jetpack_newsletter_access":"","_jetpack_newsletter_tier_id":0,"jetpack_publicize_message":"","jetpack_is_tweetstorm":false,"jetpack_publicize_feature_enabled":true,"jetpack_social_post_already_shared":true,"jetpack_social_options":{"image_generator_settings":{"template":"highway","enabled":false}}},"categories":[1],"tags":[76,3,22,160,27,2,100],"jetpack_publicize_connections":[],"jetpack_featured_media_url":"","jetpack_shortlink":"https:\/\/wp.me\/p3bBgS-ik","jetpack_sharing_enabled":true,"jetpack_likes_enabled":true,"_links":{"self":[{"href":"http:\/\/delamanodemaria.com\/index.php?rest_route=\/wp\/v2\/posts\/1136"}],"collection":[{"href":"http:\/\/delamanodemaria.com\/index.php?rest_route=\/wp\/v2\/posts"}],"about":[{"href":"http:\/\/delamanodemaria.com\/index.php?rest_route=\/wp\/v2\/types\/post"}],"author":[{"embeddable":true,"href":"http:\/\/delamanodemaria.com\/index.php?rest_route=\/wp\/v2\/users\/1"}],"replies":[{"embeddable":true,"href":"http:\/\/delamanodemaria.com\/index.php?rest_route=%2Fwp%2Fv2%2Fcomments&post=1136"}],"version-history":[{"count":2,"href":"http:\/\/delamanodemaria.com\/index.php?rest_route=\/wp\/v2\/posts\/1136\/revisions"}],"predecessor-version":[{"id":1147,"href":"http:\/\/delamanodemaria.com\/index.php?rest_route=\/wp\/v2\/posts\/1136\/revisions\/1147"}],"wp:attachment":[{"href":"http:\/\/delamanodemaria.com\/index.php?rest_route=%2Fwp%2Fv2%2Fmedia&parent=1136"}],"wp:term":[{"taxonomy":"category","embeddable":true,"href":"http:\/\/delamanodemaria.com\/index.php?rest_route=%2Fwp%2Fv2%2Fcategories&post=1136"},{"taxonomy":"post_tag","embeddable":true,"href":"http:\/\/delamanodemaria.com\/index.php?rest_route=%2Fwp%2Fv2%2Ftags&post=1136"}],"curies":[{"name":"wp","href":"https:\/\/api.w.org\/{rel}","templated":true}]}}