{"id":11376,"date":"2019-03-16T21:00:37","date_gmt":"2019-03-17T01:00:37","guid":{"rendered":"http:\/\/delamanodemaria.com\/?p=11376"},"modified":"2019-03-16T21:00:39","modified_gmt":"2019-03-17T01:00:39","slug":"reflexion-para-el-segundo-domingo-de-cuaresma-c-17-03-19","status":"publish","type":"post","link":"http:\/\/delamanodemaria.com\/?p=11376","title":{"rendered":"REFLEXI\u00d3N PARA EL SEGUNDO DOMINGO DE CUARESMA (C) 17-03-19"},"content":{"rendered":"\n<figure class=\"wp-block-image\"><img decoding=\"async\" loading=\"lazy\" width=\"644\" height=\"330\" src=\"http:\/\/delamanodemaria.com\/wp-content\/uploads\/2019\/03\/escuchadle.jpg\" alt=\"\" class=\"wp-image-11378\" srcset=\"http:\/\/delamanodemaria.com\/wp-content\/uploads\/2019\/03\/escuchadle.jpg 644w, http:\/\/delamanodemaria.com\/wp-content\/uploads\/2019\/03\/escuchadle-300x154.jpg 300w, http:\/\/delamanodemaria.com\/wp-content\/uploads\/2019\/03\/escuchadle-500x256.jpg 500w\" sizes=\"(max-width: 644px) 100vw, 644px\" \/><figcaption> <br><\/figcaption><\/figure>\n\n\n\n<p>La liturgia para este segundo domingo de\nCuaresma nos presenta la versi\u00f3n de Lucas de la Transfiguraci\u00f3n del Se\u00f1or (Lc\n9,28b-36). Comienza la narraci\u00f3n con Jes\u00fas tomado a sus disc\u00edpulos m\u00e1s \u00edntimos,\nsus \u201camigos\u201d inseparables, Pedro, Santiago y Juan, con quienes comparti\u00f3\nexperiencias especiales (como la de hoy), subiendo a lo alto de la monta\u00f1a a\norar.<\/p>\n\n\n\n<p>La oraci\u00f3n, uno de los rasgos distintivos de\nJes\u00fas. Los relatos evang\u00e9licos nos muestran a Jes\u00fas orando en los momentos m\u00e1s\nimportantes de su vida, y antes de tomar cualquier decisi\u00f3n importante. Toda la\nvida de Jes\u00fas transcurri\u00f3 en un ambiente de oraci\u00f3n. Su vida se nutr\u00eda de ese\ndi\u00e1logo constante con el Padre. As\u00ed, por ejemplo, lo vemos orando en el momento\nde su bautismo (Lc 3,22), antes de la elecci\u00f3n de los \u201cdoce\u201d (Lc 6,12), ante la\ntumba de su amigo L\u00e1zaro antes de revivirlo (Jn 11,41b-42), al curar al\nendemoniado epil\u00e9ptico (Mc 9,28-29), en la oraci\u00f3n de acci\u00f3n de gracias que\nprecedi\u00f3 la instituci\u00f3n de la Eucarist\u00eda, en el huerto de Getseman\u00ed (Mt 26,36-44),\nal pedir por sus victimarios (Lc 23,34), y al momento de entregar su vida por\nnosotros (Mt 27,66; <em>Cfr<\/em>. Sal 22,2;).<\/p>\n\n\n\n<p>Durante el tiempo de Cuaresma la Iglesia nos\ninvita a retomar la pr\u00e1ctica de la oraci\u00f3n.&nbsp;\nHoy encontramos a Jes\u00fas nuevamente \u201corando\u201d en el monte Tabor junto a\nsus disc\u00edpulos, y vemos c\u00f3mo, estando en oraci\u00f3n, se \u201ctransfigur\u00f3\u201d. \u00a1El poder\nde la oraci\u00f3n! S\u00ed, Jes\u00fas se transfigur\u00f3 por el poder de la oraci\u00f3n. Y Jes\u00fas\nhab\u00eda invitado a sus amigos a acompa\u00f1arle para que fueran testigos de esa manifestaci\u00f3n\nde la Gloria de Dios. <\/p>\n\n\n\n<p>Nos dice el pasaje que contemplamos hoy que \u201cmientras\noraba, el aspecto de su rostro cambi\u00f3, sus vestidos brillaban de blancos\u201d. Del\nmismo modo la oraci\u00f3n puede \u201ctransfigurar\u201d nuestras almas, permiti\u00e9ndonos\nparticipar de la Gloria de Dios, convirti\u00e9ndonos en otros \u201ccristos\u201d. Ese es el\nmejor testimonio de nuestra fe, pues todo el que nos vea notar\u00e1 algo \u201cdistinto\u201d\nen nuestro rostro; tal vez esa sonrisa inconfundible que refleja la verdadera\n\u201calegr\u00eda del cristiano\u201d que solo puede ser producto de haber tenido un\nencuentro con Dios.<\/p>\n\n\n\n<p>Era tambi\u00e9n en la oraci\u00f3n que Jes\u00fas encontraba\nla fuerza para continuar y completar su misi\u00f3n. Y esa fuerza emanaba del amor\ndel Padre. Como dec\u00eda santa Teresa de Jes\u00fas: \u201cLa oraci\u00f3n no es problema de\nhablar o de sentir, sino de amar\u201d. De igual modo, la oraci\u00f3n es la \u201cgasolina\u201d\nque nos permite seguir adelante en la misi\u00f3n que el Se\u00f1or ha encomendado a cada\ncual. De ella nos nutrimos y en ella encontramos el b\u00e1lsamo que sana nuestras\nheridas y alivia nuestros pesares, al sentirnos arropados por ese Amor\nincondicional del Padre que se derrama sobre nosotros en la oraci\u00f3n fervorosa.<\/p>\n\n\n\n<p>Hoy, pidamos al Se\u00f1or que nos transfigure en\nla oraci\u00f3n, para que Su luz ilumine nuestros rostros, de manera que podamos\nconvertirnos en \u201cfaros\u201d que aparten las tinieblas y arrojen un rayo de\nesperanza que gu\u00ede a nuestros hermanos hacia \u00c9l. Por Jesucristo nuestro Se\u00f1or.<\/p>\n<div style=\"padding-bottom:20px; padding-top:10px;\" class=\"hupso-share-buttons\"><!-- Hupso Share Buttons - https:\/\/www.hupso.com\/share\/ --><a class=\"hupso_toolbar\" href=\"https:\/\/www.hupso.com\/share\/\"><img src=\"http:\/\/static.hupso.com\/share\/buttons\/lang\/es\/share-medium.png\" style=\"border:0px; padding-top: 5px; float:left;\" alt=\"Share Button\"\/><\/a><script type=\"text\/javascript\">var hupso_services_t=new Array(\"Twitter\",\"Facebook\",\"Google Plus\",\"Pinterest\",\"Linkedin\",\"Email\",\"Print\");var hupso_background_t=\"#EAF4FF\";var hupso_border_t=\"#66CCFF\";var hupso_toolbar_size_t=\"medium\";var hupso_image_folder_url = \"\";var hupso_twitter_via=\"hectorops\";var hupso_url_t=\"\";var hupso_title_t=\"REFLEXI%C3%93N%20PARA%20EL%20SEGUNDO%20DOMINGO%20DE%20CUARESMA%20%28C%29%2017-03-19\";<\/script><script type=\"text\/javascript\" src=\"http:\/\/static.hupso.com\/share\/js\/share_toolbar.js\"><\/script><!-- Hupso Share Buttons --><\/div>","protected":false},"excerpt":{"rendered":"<p>La liturgia para este segundo domingo de Cuaresma nos presenta la versi\u00f3n de Lucas de la Transfiguraci\u00f3n del Se\u00f1or (Lc 9,28b-36). Comienza la narraci\u00f3n con Jes\u00fas tomado a sus disc\u00edpulos m\u00e1s \u00edntimos, sus \u201camigos\u201d inseparables, Pedro, Santiago y Juan, con &hellip; <a href=\"http:\/\/delamanodemaria.com\/?p=11376\">Continue reading <span class=\"meta-nav\">&rarr;<\/span><\/a><\/p>\n<div style=\"padding-bottom:20px; padding-top:10px;\" class=\"hupso-share-buttons\"><!-- Hupso Share Buttons - https:\/\/www.hupso.com\/share\/ --><a class=\"hupso_toolbar\" href=\"https:\/\/www.hupso.com\/share\/\"><img src=\"http:\/\/static.hupso.com\/share\/buttons\/lang\/es\/share-medium.png\" style=\"border:0px; padding-top: 5px; float:left;\" alt=\"Share Button\"\/><\/a><script type=\"text\/javascript\">var hupso_services_t=new Array(\"Twitter\",\"Facebook\",\"Google Plus\",\"Pinterest\",\"Linkedin\",\"Email\",\"Print\");var hupso_background_t=\"#EAF4FF\";var hupso_border_t=\"#66CCFF\";var hupso_toolbar_size_t=\"medium\";var hupso_image_folder_url = \"\";var hupso_twitter_via=\"hectorops\";var hupso_url_t=\"\";var hupso_title_t=\"REFLEXI%C3%93N%20PARA%20EL%20SEGUNDO%20DOMINGO%20DE%20CUARESMA%20%28C%29%2017-03-19\";<\/script><script type=\"text\/javascript\" src=\"http:\/\/static.hupso.com\/share\/js\/share_toolbar.js\"><\/script><!-- Hupso Share Buttons --><\/div>","protected":false},"author":1,"featured_media":11378,"comment_status":"open","ping_status":"open","sticky":false,"template":"","format":"standard","meta":{"jetpack_post_was_ever_published":false,"_jetpack_newsletter_access":"","_jetpack_newsletter_tier_id":0,"jetpack_publicize_message":"","jetpack_is_tweetstorm":false,"jetpack_publicize_feature_enabled":true,"jetpack_social_post_already_shared":true,"jetpack_social_options":{"image_generator_settings":{"template":"highway","enabled":false}}},"categories":[1],"tags":[374,3,1752,4,2881,344,2157,1189,130,2872,834,2,306,168,2882],"jetpack_publicize_connections":[],"jetpack_featured_media_url":"http:\/\/delamanodemaria.com\/wp-content\/uploads\/2019\/03\/escuchadle.jpg","jetpack_shortlink":"https:\/\/wp.me\/p3bBgS-2Xu","jetpack_sharing_enabled":true,"jetpack_likes_enabled":true,"_links":{"self":[{"href":"http:\/\/delamanodemaria.com\/index.php?rest_route=\/wp\/v2\/posts\/11376"}],"collection":[{"href":"http:\/\/delamanodemaria.com\/index.php?rest_route=\/wp\/v2\/posts"}],"about":[{"href":"http:\/\/delamanodemaria.com\/index.php?rest_route=\/wp\/v2\/types\/post"}],"author":[{"embeddable":true,"href":"http:\/\/delamanodemaria.com\/index.php?rest_route=\/wp\/v2\/users\/1"}],"replies":[{"embeddable":true,"href":"http:\/\/delamanodemaria.com\/index.php?rest_route=%2Fwp%2Fv2%2Fcomments&post=11376"}],"version-history":[{"count":2,"href":"http:\/\/delamanodemaria.com\/index.php?rest_route=\/wp\/v2\/posts\/11376\/revisions"}],"predecessor-version":[{"id":11379,"href":"http:\/\/delamanodemaria.com\/index.php?rest_route=\/wp\/v2\/posts\/11376\/revisions\/11379"}],"wp:featuredmedia":[{"embeddable":true,"href":"http:\/\/delamanodemaria.com\/index.php?rest_route=\/wp\/v2\/media\/11378"}],"wp:attachment":[{"href":"http:\/\/delamanodemaria.com\/index.php?rest_route=%2Fwp%2Fv2%2Fmedia&parent=11376"}],"wp:term":[{"taxonomy":"category","embeddable":true,"href":"http:\/\/delamanodemaria.com\/index.php?rest_route=%2Fwp%2Fv2%2Fcategories&post=11376"},{"taxonomy":"post_tag","embeddable":true,"href":"http:\/\/delamanodemaria.com\/index.php?rest_route=%2Fwp%2Fv2%2Ftags&post=11376"}],"curies":[{"name":"wp","href":"https:\/\/api.w.org\/{rel}","templated":true}]}}