{"id":11444,"date":"2019-03-31T17:32:07","date_gmt":"2019-03-31T21:32:07","guid":{"rendered":"http:\/\/delamanodemaria.com\/?p=11444"},"modified":"2019-03-31T17:32:14","modified_gmt":"2019-03-31T21:32:14","slug":"reflexion-para-el-lunes-de-la-cuarta-semana-de-cuaresma-01-04-19","status":"publish","type":"post","link":"http:\/\/delamanodemaria.com\/?p=11444","title":{"rendered":"REFLEXI\u00d3N PARA EL LUNES DE LA CUARTA SEMANA DE CUARESMA 01-04-19"},"content":{"rendered":"\n<figure class=\"wp-block-image\"><img decoding=\"async\" loading=\"lazy\" width=\"600\" height=\"400\" src=\"http:\/\/delamanodemaria.com\/wp-content\/uploads\/2019\/03\/hijo-de-funcionario-real.jpg\" alt=\"\" class=\"wp-image-11445\" srcset=\"http:\/\/delamanodemaria.com\/wp-content\/uploads\/2019\/03\/hijo-de-funcionario-real.jpg 600w, http:\/\/delamanodemaria.com\/wp-content\/uploads\/2019\/03\/hijo-de-funcionario-real-300x200.jpg 300w, http:\/\/delamanodemaria.com\/wp-content\/uploads\/2019\/03\/hijo-de-funcionario-real-450x300.jpg 450w\" sizes=\"(max-width: 600px) 100vw, 600px\" \/><\/figure>\n\n\n\n<p>La primera lectura que nos presenta la liturgia\npara hoy (65,17-21), est\u00e1 tomada del \u201cTercer Isa\u00edas\u201d, que comprende los\ncap\u00edtulos 56 al 66 de ese libro. Estos cap\u00edtulos, escritos por un autor an\u00f3nimo\ny atribuidos al profeta Isa\u00edas. Fueron escritos durante la \u201cera de la\nrestauraci\u00f3n\u201d, luego del regreso del pueblo jud\u00edo a su pa\u00eds tras el destierro\nen Babilonia. Es un libro lleno de esperanza y alegr\u00eda, dentro de la\ndevastaci\u00f3n que encontr\u00f3 el pueblo en Jerusal\u00e9n a su regreso del destierro.<\/p>\n\n\n\n<p>La lectura contin\u00faa el ambiente festivo del\ndomingo <em>l\u00e6tare<\/em> que celebr\u00e1bamos ayer: \u201cMirad: yo voy a crear un cielo\nnuevo y una tierra nueva: de lo pasado no habr\u00e1 recuerdo ni vendr\u00e1 pensamiento,\nsino que habr\u00e1 gozo y alegr\u00eda perpetua por lo que voy a crear. Mirad: voy a\ntransformar a Jerusal\u00e9n en alegr\u00eda, y a su pueblo en gozo; me alegrar\u00e9 de\nJerusal\u00e9n y me gozar\u00e9 de mi pueblo, y ya no se oir\u00e1n en ella gemidos ni llantos\u201d.<\/p>\n\n\n\n<p>Es un anticipo de la promesa de la \u201cnueva\nJerusal\u00e9n\u201d que san Juan nos presentar\u00e1 luego en el Apocalipsis en un ambiente\nde boda (uno de mis pasajes favoritos): \u201cLuego vi un cielo nuevo y una tierra\nnueva porque el primer cielo y la primera tierra desaparecieron, y el mar no\nexiste ya. Y vi la Ciudad Santa, la nueva Jerusal\u00e9n, que bajaba del cielo, de\njunto a Dios, engalanada como una novia ataviada para su esposo. Y o\u00ed una\nfuerte voz que dec\u00eda desde el trono: \u2018Esta es la morada de Dios con los\nhombres. Pondr\u00e1 su morada entre ellos y ellos ser\u00e1n su pueblo y \u00e9l Dios &#8211; con &#8211;\nellos, ser\u00e1 su Dios. Y enjugar\u00e1 toda l\u00e1grima de sus ojos, y no habr\u00e1 ya muerte\nni habr\u00e1 llanto, ni gritos ni fatigas, porque el mundo viejo ha pasado\u2019\u201d (Ap\n21,1-4).<\/p>\n\n\n\n<p>Es una promesa del Se\u00f1or. Hay una sola\ncondici\u00f3n: escuchar Su Palabra y creerle al que le envi\u00f3. Y eso tiene que\nllenarnos de alegr\u00eda. As\u00ed como el pueblo de Israel se levant\u00f3 de entre las\ncenizas de una Jerusal\u00e9n y un Templo destruidos, esta lectura nos prepara para\nla alegr\u00eda de la Vigilia Pascual cuando resuene en los templos de todo el mundo\nel <strong><em>Gloria<\/em><\/strong>, anunciando la Resurrecci\u00f3n de Jes\u00fas.<\/p>\n\n\n\n<p>La lectura evang\u00e9lica (Jn 4,43-54) nos\npresenta el pasaje de la curaci\u00f3n del hijo de un funcionario real. Lo curioso\nde este episodio es que es un pagano quien nos revela la verdadera naturaleza\nde la fe: una confianza plena y absoluta en la palabra y la persona de Jes\u00fas,\nque le hace resistir los reproches iniciales de Jes\u00fas (\u201cComo no ve\u00e1is signos y\nprodigios, no cre\u00e9is\u201d) y le impulsa a actuar seg\u00fan esa confianza, sin necesidad\nde ning\u00fan signo visible. Crey\u00f3 en Jes\u00fas, y \u201cle crey\u00f3\u201d a Jes\u00fas. Eso fue\nsuficiente para emprender el camino de regreso a su casa con la certeza de que\nJes\u00fas le hab\u00eda dicho: \u201cAnda, tu hijo est\u00e1 curado\u201d. \u00c9l crey\u00f3 que su hijo estaba\nsano, y este fue sanado.<\/p>\n\n\n\n<p>Nosotros tenemos la ventaja del testimonio de\nSu gloriosa Resurrecci\u00f3n. Aun as\u00ed, tenemos que preguntarnos: \u00bfRealmente le creo\na Jes\u00fas?<\/p>\n\n\n\n<p>En esta Cuaresma, oremos: \u201cSe\u00f1or yo creo, pero\naumenta mi fe\u201d.<\/p>\n<div style=\"padding-bottom:20px; padding-top:10px;\" class=\"hupso-share-buttons\"><!-- Hupso Share Buttons - https:\/\/www.hupso.com\/share\/ --><a class=\"hupso_toolbar\" href=\"https:\/\/www.hupso.com\/share\/\"><img src=\"http:\/\/static.hupso.com\/share\/buttons\/lang\/es\/share-medium.png\" style=\"border:0px; padding-top: 5px; float:left;\" alt=\"Share Button\"\/><\/a><script type=\"text\/javascript\">var hupso_services_t=new Array(\"Twitter\",\"Facebook\",\"Google Plus\",\"Pinterest\",\"Linkedin\",\"Email\",\"Print\");var hupso_background_t=\"#EAF4FF\";var hupso_border_t=\"#66CCFF\";var hupso_toolbar_size_t=\"medium\";var hupso_image_folder_url = \"\";var hupso_twitter_via=\"hectorops\";var hupso_url_t=\"\";var hupso_title_t=\"REFLEXI%C3%93N%20PARA%20EL%20LUNES%20DE%20LA%20CUARTA%20SEMANA%20DE%20CUARESMA%2001-04-19\";<\/script><script type=\"text\/javascript\" src=\"http:\/\/static.hupso.com\/share\/js\/share_toolbar.js\"><\/script><!-- Hupso Share Buttons --><\/div>","protected":false},"excerpt":{"rendered":"<p>La primera lectura que nos presenta la liturgia para hoy (65,17-21), est\u00e1 tomada del \u201cTercer Isa\u00edas\u201d, que comprende los cap\u00edtulos 56 al 66 de ese libro. Estos cap\u00edtulos, escritos por un autor an\u00f3nimo y atribuidos al profeta Isa\u00edas. Fueron escritos &hellip; <a href=\"http:\/\/delamanodemaria.com\/?p=11444\">Continue reading <span class=\"meta-nav\">&rarr;<\/span><\/a><\/p>\n<div style=\"padding-bottom:20px; padding-top:10px;\" class=\"hupso-share-buttons\"><!-- Hupso Share Buttons - https:\/\/www.hupso.com\/share\/ --><a class=\"hupso_toolbar\" href=\"https:\/\/www.hupso.com\/share\/\"><img src=\"http:\/\/static.hupso.com\/share\/buttons\/lang\/es\/share-medium.png\" style=\"border:0px; padding-top: 5px; float:left;\" alt=\"Share Button\"\/><\/a><script type=\"text\/javascript\">var hupso_services_t=new Array(\"Twitter\",\"Facebook\",\"Google Plus\",\"Pinterest\",\"Linkedin\",\"Email\",\"Print\");var hupso_background_t=\"#EAF4FF\";var hupso_border_t=\"#66CCFF\";var hupso_toolbar_size_t=\"medium\";var hupso_image_folder_url = \"\";var hupso_twitter_via=\"hectorops\";var hupso_url_t=\"\";var hupso_title_t=\"REFLEXI%C3%93N%20PARA%20EL%20LUNES%20DE%20LA%20CUARTA%20SEMANA%20DE%20CUARESMA%2001-04-19\";<\/script><script type=\"text\/javascript\" src=\"http:\/\/static.hupso.com\/share\/js\/share_toolbar.js\"><\/script><!-- Hupso Share Buttons --><\/div>","protected":false},"author":1,"featured_media":11445,"comment_status":"open","ping_status":"open","sticky":false,"template":"","format":"standard","meta":{"jetpack_post_was_ever_published":false,"_jetpack_newsletter_access":"","_jetpack_newsletter_tier_id":0,"jetpack_publicize_message":"","jetpack_is_tweetstorm":false,"jetpack_publicize_feature_enabled":true,"jetpack_social_post_already_shared":true,"jetpack_social_options":{"image_generator_settings":{"template":"highway","enabled":false}}},"categories":[1],"tags":[1438,4,302,734,2897,2135,22,2246,515,2898,206,1228,2245,496,2,2244],"jetpack_publicize_connections":[],"jetpack_featured_media_url":"http:\/\/delamanodemaria.com\/wp-content\/uploads\/2019\/03\/hijo-de-funcionario-real.jpg","jetpack_shortlink":"https:\/\/wp.me\/p3bBgS-2YA","jetpack_sharing_enabled":true,"jetpack_likes_enabled":true,"_links":{"self":[{"href":"http:\/\/delamanodemaria.com\/index.php?rest_route=\/wp\/v2\/posts\/11444"}],"collection":[{"href":"http:\/\/delamanodemaria.com\/index.php?rest_route=\/wp\/v2\/posts"}],"about":[{"href":"http:\/\/delamanodemaria.com\/index.php?rest_route=\/wp\/v2\/types\/post"}],"author":[{"embeddable":true,"href":"http:\/\/delamanodemaria.com\/index.php?rest_route=\/wp\/v2\/users\/1"}],"replies":[{"embeddable":true,"href":"http:\/\/delamanodemaria.com\/index.php?rest_route=%2Fwp%2Fv2%2Fcomments&post=11444"}],"version-history":[{"count":1,"href":"http:\/\/delamanodemaria.com\/index.php?rest_route=\/wp\/v2\/posts\/11444\/revisions"}],"predecessor-version":[{"id":11446,"href":"http:\/\/delamanodemaria.com\/index.php?rest_route=\/wp\/v2\/posts\/11444\/revisions\/11446"}],"wp:featuredmedia":[{"embeddable":true,"href":"http:\/\/delamanodemaria.com\/index.php?rest_route=\/wp\/v2\/media\/11445"}],"wp:attachment":[{"href":"http:\/\/delamanodemaria.com\/index.php?rest_route=%2Fwp%2Fv2%2Fmedia&parent=11444"}],"wp:term":[{"taxonomy":"category","embeddable":true,"href":"http:\/\/delamanodemaria.com\/index.php?rest_route=%2Fwp%2Fv2%2Fcategories&post=11444"},{"taxonomy":"post_tag","embeddable":true,"href":"http:\/\/delamanodemaria.com\/index.php?rest_route=%2Fwp%2Fv2%2Ftags&post=11444"}],"curies":[{"name":"wp","href":"https:\/\/api.w.org\/{rel}","templated":true}]}}