{"id":11467,"date":"2019-04-04T22:05:42","date_gmt":"2019-04-05T02:05:42","guid":{"rendered":"http:\/\/delamanodemaria.com\/?p=11467"},"modified":"2019-04-04T22:05:49","modified_gmt":"2019-04-05T02:05:49","slug":"reflexion-para-el-viernes-de-la-cuarta-semana-de-cuaresma-05-04-19","status":"publish","type":"post","link":"http:\/\/delamanodemaria.com\/?p=11467","title":{"rendered":"REFLEXI\u00d3N PARA EL VIERNES DE LA CUARTA SEMANA DE CUARESMA 05-04-19"},"content":{"rendered":"\n<figure class=\"wp-block-image\"><img decoding=\"async\" loading=\"lazy\" width=\"900\" height=\"600\" src=\"http:\/\/delamanodemaria.com\/wp-content\/uploads\/2019\/04\/yo-no-vengo-por-mi-cuenta.jpg\" alt=\"\" class=\"wp-image-11469\" srcset=\"http:\/\/delamanodemaria.com\/wp-content\/uploads\/2019\/04\/yo-no-vengo-por-mi-cuenta.jpg 900w, http:\/\/delamanodemaria.com\/wp-content\/uploads\/2019\/04\/yo-no-vengo-por-mi-cuenta-300x200.jpg 300w, http:\/\/delamanodemaria.com\/wp-content\/uploads\/2019\/04\/yo-no-vengo-por-mi-cuenta-768x512.jpg 768w, http:\/\/delamanodemaria.com\/wp-content\/uploads\/2019\/04\/yo-no-vengo-por-mi-cuenta-450x300.jpg 450w\" sizes=\"(max-width: 900px) 100vw, 900px\" \/><figcaption> &#8220;Yo no vengo por mi cuenta, sino enviado por el que es veraz&#8221;. <\/figcaption><\/figure>\n\n\n\n<p>El pasaje que nos presenta la liturgia de hoy\ncomo primera lectura (Sab 2,1a.12-22) parece un adelanto (como esos que nos dan\nen el cine) del drama de la Pasi\u00f3n que vamos a contemplar al final de la\nCuaresma. El libro de la Sabidur\u00eda es uno de los llamados \u201cdeuterocan\u00f3nicos\u201d\nque no forman parte de la Biblia protestante. Fue escrito durante la era de la\nrestauraci\u00f3n, luego del destierro en Babilonia. Sin este libro la Biblia se\nquedar\u00eda \u201ccoja\u201d, pues el mismo sirve como una especie de \u201cpuente\u201d entre el\nAntiguo Testamento y el Nuevo Testamento.<\/p>\n\n\n\n<p>Cuando leemos este pasaje nos parece estar\nescuchando a los perseguidores de Jes\u00fas. Luego de reprochar su conducta,\nenfatizando su osad\u00eda al llamarse \u201cHijo del Se\u00f1or\u201d, deciden acabar con \u00c9l: \u201cVeamos\nsi sus palabras son verdaderas, comprobando el desenlace de su vida. Si es el\njusto hijo de Dios, lo auxiliar\u00e1 y lo librar\u00e1 del poder de sus enemigos; lo\nsometeremos a la prueba de la afrenta y la tortura, para comprobar su\nmoderaci\u00f3n y apreciar su paciencia; lo condenaremos a muerte ignominiosa, pues\ndice que hay quien se ocupa de \u00e9l\u201d.<\/p>\n\n\n\n<p>Esta lectura nos sirve de pre\u00e1mbulo al pasaje\ndel Evangelio seg\u00fan san Juan que contemplamos hoy (Jn 7,1-2.10.25-30). Este es\nuno de esos pasajes que la liturgia nos presenta fragmentados, por lo que es\nrecomendable leerlo en su totalidad (los vers\u00edculos 1-30), para poder\nentenderlo.<\/p>\n\n\n\n<p>Juan nos reafirma la persona de Jes\u00fas como\nenviado del Padre, el \u00fanico que le conoce y, por tanto, el \u00fanico veh\u00edculo para\nconocer al Padre. \u201cA m\u00ed me conoc\u00e9is, y conoc\u00e9is de d\u00f3nde vengo. Sin embargo, yo\nno vengo por mi cuenta, sino enviado por el que es veraz; a \u00e9se vosotros no lo\nconoc\u00e9is; yo lo conozco, porque procedo de \u00e9l, y \u00e9l me ha enviado\u201d.<\/p>\n\n\n\n<p>Pero la trama sigue complic\u00e1ndose. Vemos c\u00f3mo\nel cerco va cerr\u00e1ndose cada vez m\u00e1s alrededor de la persona de Jes\u00fas; c\u00f3mo va\ndesarroll\u00e1ndose la conspiraci\u00f3n que dentro de unos d\u00edas se concretizar\u00e1. \u00c9l\nest\u00e1 viviendo la experiencia de sentirse acorralado, rodeado de odio. Ve\nacercarse el fin\u2026 Tiene que ser cuidadoso, mide sus actuaciones, porque\n\u201ctodav\u00eda no ha llegado su hora\u201d.<\/p>\n\n\n\n<p>Dentro de todo este drama, Jes\u00fas se mantiene\ncauteloso pero sereno. Sabe qui\u00e9n le ha enviado y para qu\u00e9 ha sido enviado.\nTiene que cumplir su misi\u00f3n salvadora. Se siente amado por el Padre y conoce\nsus secretos. Todo est\u00e1 en manos del Padre.<\/p>\n\n\n\n<p>Jes\u00fas nos revela que Dios es nuestro Padre (Mt\n6,9, Lc 11,2), por eso, al igual que \u00c9l, somos hijos de Dios (Jn 1,12; Rm\n8,15-30) y coherederos de la gloria.<\/p>\n\n\n\n<p>Contemplamos la serenidad, la paz de Jes\u00fas en\nmedio de la persecuci\u00f3n y el odio que le rodeaba, y sabemos que esa paz es\nproducto de saberse amado por el Padre. Ese amor que le permite sentirse\nacompa\u00f1ando en medio del desierto. Viv\u00eda esa intimidad con el Padre, que se\nnutr\u00eda de la oraci\u00f3n constante.<\/p>\n\n\n\n<p>Hoy, pidamos al Se\u00f1or que nos conceda la\ngracia de vivir como \u00c9l esa intimidad con el Padre, para que seamos\nreconfortados por Su presencia en medio de la tribulaci\u00f3n. Abandonarnos a Su\nmisericordia, como un ni\u00f1o en brazos de su padre o, mejor a\u00fan, su madre. Ese es\nel secreto.<\/p>\n<div style=\"padding-bottom:20px; padding-top:10px;\" class=\"hupso-share-buttons\"><!-- Hupso Share Buttons - https:\/\/www.hupso.com\/share\/ --><a class=\"hupso_toolbar\" href=\"https:\/\/www.hupso.com\/share\/\"><img src=\"http:\/\/static.hupso.com\/share\/buttons\/lang\/es\/share-medium.png\" style=\"border:0px; padding-top: 5px; float:left;\" alt=\"Share Button\"\/><\/a><script type=\"text\/javascript\">var hupso_services_t=new Array(\"Twitter\",\"Facebook\",\"Google Plus\",\"Pinterest\",\"Linkedin\",\"Email\",\"Print\");var hupso_background_t=\"#EAF4FF\";var hupso_border_t=\"#66CCFF\";var hupso_toolbar_size_t=\"medium\";var hupso_image_folder_url = \"\";var hupso_twitter_via=\"hectorops\";var hupso_url_t=\"\";var hupso_title_t=\"REFLEXI%C3%93N%20PARA%20EL%20VIERNES%20DE%20LA%20CUARTA%20SEMANA%20DE%20CUARESMA%2005-04-19\";<\/script><script type=\"text\/javascript\" src=\"http:\/\/static.hupso.com\/share\/js\/share_toolbar.js\"><\/script><!-- Hupso Share Buttons --><\/div>","protected":false},"excerpt":{"rendered":"<p>El pasaje que nos presenta la liturgia de hoy como primera lectura (Sab 2,1a.12-22) parece un adelanto (como esos que nos dan en el cine) del drama de la Pasi\u00f3n que vamos a contemplar al final de la Cuaresma. El &hellip; <a href=\"http:\/\/delamanodemaria.com\/?p=11467\">Continue reading <span class=\"meta-nav\">&rarr;<\/span><\/a><\/p>\n<div style=\"padding-bottom:20px; padding-top:10px;\" class=\"hupso-share-buttons\"><!-- Hupso Share Buttons - https:\/\/www.hupso.com\/share\/ --><a class=\"hupso_toolbar\" href=\"https:\/\/www.hupso.com\/share\/\"><img src=\"http:\/\/static.hupso.com\/share\/buttons\/lang\/es\/share-medium.png\" style=\"border:0px; padding-top: 5px; float:left;\" alt=\"Share Button\"\/><\/a><script type=\"text\/javascript\">var hupso_services_t=new Array(\"Twitter\",\"Facebook\",\"Google Plus\",\"Pinterest\",\"Linkedin\",\"Email\",\"Print\");var hupso_background_t=\"#EAF4FF\";var hupso_border_t=\"#66CCFF\";var hupso_toolbar_size_t=\"medium\";var hupso_image_folder_url = \"\";var hupso_twitter_via=\"hectorops\";var hupso_url_t=\"\";var hupso_title_t=\"REFLEXI%C3%93N%20PARA%20EL%20VIERNES%20DE%20LA%20CUARTA%20SEMANA%20DE%20CUARESMA%2005-04-19\";<\/script><script type=\"text\/javascript\" src=\"http:\/\/static.hupso.com\/share\/js\/share_toolbar.js\"><\/script><!-- Hupso Share Buttons --><\/div>","protected":false},"author":1,"featured_media":11469,"comment_status":"open","ping_status":"open","sticky":false,"template":"","format":"standard","meta":{"jetpack_post_was_ever_published":false,"_jetpack_newsletter_access":"","_jetpack_newsletter_tier_id":0,"jetpack_publicize_message":"","jetpack_is_tweetstorm":false,"jetpack_publicize_feature_enabled":true,"jetpack_social_post_already_shared":true,"jetpack_social_options":{"image_generator_settings":{"template":"highway","enabled":false}}},"categories":[1],"tags":[695,2906,2020,731,4,2904,2905,499,1073,1235,2515,279,158,2,341,2076,2907],"jetpack_publicize_connections":[],"jetpack_featured_media_url":"http:\/\/delamanodemaria.com\/wp-content\/uploads\/2019\/04\/yo-no-vengo-por-mi-cuenta.jpg","jetpack_shortlink":"https:\/\/wp.me\/p3bBgS-2YX","jetpack_sharing_enabled":true,"jetpack_likes_enabled":true,"_links":{"self":[{"href":"http:\/\/delamanodemaria.com\/index.php?rest_route=\/wp\/v2\/posts\/11467"}],"collection":[{"href":"http:\/\/delamanodemaria.com\/index.php?rest_route=\/wp\/v2\/posts"}],"about":[{"href":"http:\/\/delamanodemaria.com\/index.php?rest_route=\/wp\/v2\/types\/post"}],"author":[{"embeddable":true,"href":"http:\/\/delamanodemaria.com\/index.php?rest_route=\/wp\/v2\/users\/1"}],"replies":[{"embeddable":true,"href":"http:\/\/delamanodemaria.com\/index.php?rest_route=%2Fwp%2Fv2%2Fcomments&post=11467"}],"version-history":[{"count":2,"href":"http:\/\/delamanodemaria.com\/index.php?rest_route=\/wp\/v2\/posts\/11467\/revisions"}],"predecessor-version":[{"id":11470,"href":"http:\/\/delamanodemaria.com\/index.php?rest_route=\/wp\/v2\/posts\/11467\/revisions\/11470"}],"wp:featuredmedia":[{"embeddable":true,"href":"http:\/\/delamanodemaria.com\/index.php?rest_route=\/wp\/v2\/media\/11469"}],"wp:attachment":[{"href":"http:\/\/delamanodemaria.com\/index.php?rest_route=%2Fwp%2Fv2%2Fmedia&parent=11467"}],"wp:term":[{"taxonomy":"category","embeddable":true,"href":"http:\/\/delamanodemaria.com\/index.php?rest_route=%2Fwp%2Fv2%2Fcategories&post=11467"},{"taxonomy":"post_tag","embeddable":true,"href":"http:\/\/delamanodemaria.com\/index.php?rest_route=%2Fwp%2Fv2%2Ftags&post=11467"}],"curies":[{"name":"wp","href":"https:\/\/api.w.org\/{rel}","templated":true}]}}