{"id":11503,"date":"2019-04-10T16:51:33","date_gmt":"2019-04-10T20:51:33","guid":{"rendered":"http:\/\/delamanodemaria.com\/?p=11503"},"modified":"2019-04-10T16:51:41","modified_gmt":"2019-04-10T20:51:41","slug":"reflexion-para-el-jueves-de-la-quinta-semana-de-cuaresma-11-04-19","status":"publish","type":"post","link":"http:\/\/delamanodemaria.com\/?p=11503","title":{"rendered":"REFLEXI\u00d3N PARA EL JUEVES DE LA QUINTA SEMANA DE CUARESMA 11-04-19"},"content":{"rendered":"\n<figure class=\"wp-block-image\"><img decoding=\"async\" loading=\"lazy\" width=\"868\" height=\"584\" src=\"http:\/\/delamanodemaria.com\/wp-content\/uploads\/2019\/04\/Jn-8-51-59.jpg\" alt=\"\" class=\"wp-image-11506\" srcset=\"http:\/\/delamanodemaria.com\/wp-content\/uploads\/2019\/04\/Jn-8-51-59.jpg 868w, http:\/\/delamanodemaria.com\/wp-content\/uploads\/2019\/04\/Jn-8-51-59-300x202.jpg 300w, http:\/\/delamanodemaria.com\/wp-content\/uploads\/2019\/04\/Jn-8-51-59-768x517.jpg 768w, http:\/\/delamanodemaria.com\/wp-content\/uploads\/2019\/04\/Jn-8-51-59-446x300.jpg 446w\" sizes=\"(max-width: 868px) 100vw, 868px\" \/><\/figure>\n\n\n\n<p class=\"has-drop-cap\">La primera lectura de hoy (Gn 17,3-9) nos\npresenta la alianza que Yahv\u00e9 Dios pacta con Abraham. Una alianza que por sus\npropios t\u00e9rminos iba a ser perpetua. Una alianza que se trasmitir\u00eda por la\ncarne (por herencia), por eso Dios utiliza un signo carnal para sellar la\nmisma: la circuncisi\u00f3n. Dios le cambia el nombre a Abr\u00e1n para significar su\ncambio de misi\u00f3n, y le llama Abraham, que quiere decir padre de muchedumbre de\npueblos (<em>Ab<\/em> = padre, y <em>ham<\/em> = muchedumbre). Pero m\u00e1s all\u00e1 de la\nherencia carnal, Abraham se convierte en \u201cpadre de la fe\u201d para todos los que\ncreen en las promesas de Dios.<\/p>\n\n\n\n<p>En la lectura evang\u00e9lica (Jn 8,51-59), Jes\u00fas\nalude a esa genealog\u00eda que comienza con Abraham: \u201cAbrah\u00e1n, vuestro padre,\nsaltaba de gozo pensando ver mi d\u00eda; lo vio, y se llen\u00f3 de alegr\u00eda\u201d.<\/p>\n\n\n\n<p>En ocasiones anteriores hemos se\u00f1alado que Juan\nresalta la divinidad de Jes\u00fas, ya que el objetivo principal de su evangelio es\ncombatir una herej\u00eda (los \u201cebionistas\u201d) que negaba la divinidad de Jesucristo (<em>Cfr<\/em>. Jn 20,30-31). De ah\u00ed que cuando \u00c9l\naludi\u00f3 a Abraham de esa manera los jud\u00edos le dijeron: \u201cNo tienes todav\u00eda\ncincuenta a\u00f1os, \u00bfy has visto a Abrah\u00e1n?\u201d A lo que Jes\u00fas respondi\u00f3: \u201cEn verdad,\nen verdad os digo: antes de que Abrah\u00e1n existiera, <strong><em>yo soy<\/em><\/strong>\u201d. Jes\u00fas est\u00e1\ndiciendo que \u00c9l \u201ces\u201d antes de Abraham y \u201ces\u201d ahora, es eterno, por lo tanto es\nDios. \u201cAl principio exist\u00eda la Palabra, y la Palabra estaba junto a Dios, y la\nPalabra era Dios\u201d (Jn 1,1). De igual modo fue presentado por Juan el Bautista:\n\u201cA \u00e9l me refer\u00eda, cuando dije: Despu\u00e9s de m\u00ed viene un hombre que me precede,\nporque exist\u00eda antes que yo\u201d (Jn 1,30).<\/p>\n\n\n\n<p>Pero Jes\u00fas va m\u00e1s all\u00e1: \u201cEn verdad, en verdad\nos digo: quien guarda mi palabra no ver\u00e1 la muerte para siempre\u201d. Eso resultaba\ninaceptable para los jud\u00edos que le escuchaban, quienes lo tildaron de endemoniado,\ndici\u00e9ndole: \u201c\u00bfy t\u00fa dices: \u2018Quien guarde mi palabra no gustar\u00e1 la muerte para\nsiempre?\u2019 \u00bfEres t\u00fa m\u00e1s que nuestro padre Abrah\u00e1n, que muri\u00f3? Tambi\u00e9n los\nprofetas murieron, \u00bfpor qui\u00e9n te tienes?\u201d<\/p>\n\n\n\n<p>La actuaci\u00f3n de Jes\u00fas sigue incomodando cada\nvez m\u00e1s al poder pol\u00edtico-religioso de su \u00e9poca. El complot para eliminarlo se\nacrecienta. La tensi\u00f3n se pude sentir en el ambiente. El cerco sigue\ncerr\u00e1ndose, pero todav\u00eda no ha llegado su hora. \u201cEntonces cogieron piedras para\ntir\u00e1rselas, pero Jes\u00fas se escondi\u00f3 y sali\u00f3 del templo\u201d.<\/p>\n\n\n\n<p>La liturgia contin\u00faa acerc\u00e1ndonos al Misterio\nPascual de Jes\u00fas. Ya pasado ma\u00f1ana es la v\u00edspera del domingo de ramos. Ayer nos\ndec\u00eda que en \u00c9l encontrar\u00edamos la Verdad y que esa Verdad nos har\u00eda libres. Hoy\nha a\u00f1adido: \u201cquien guarda mi palabra no ver\u00e1 la muerte para siempre\u201d. Es decir,\nque adem\u00e1s de ser libres, tendremos vida en plenitud, y vida eterna.<\/p>\n\n\n\n<p>El llamado a la conversi\u00f3n est\u00e1 vigente.\nTodav\u00eda estamos a tiempo. Si creemos en \u00c9l y \u201cle creemos\u201d (tenemos fe),\ntendremos Vida. Anda, \u00a1atr\u00e9vete! El sacramento de la reconciliaci\u00f3n est\u00e1 a\nnuestro alcance. \u00bfY sabes qu\u00e9? \u00c9l te est\u00e1 esperando para darte el abrazo m\u00e1s\ntierno y c\u00e1lido que hayas sentido. Entonces comprender\u00e1s\u2026<\/p>\n<div style=\"padding-bottom:20px; padding-top:10px;\" class=\"hupso-share-buttons\"><!-- Hupso Share Buttons - https:\/\/www.hupso.com\/share\/ --><a class=\"hupso_toolbar\" href=\"https:\/\/www.hupso.com\/share\/\"><img src=\"http:\/\/static.hupso.com\/share\/buttons\/lang\/es\/share-medium.png\" style=\"border:0px; padding-top: 5px; float:left;\" alt=\"Share Button\"\/><\/a><script type=\"text\/javascript\">var hupso_services_t=new Array(\"Twitter\",\"Facebook\",\"Google Plus\",\"Pinterest\",\"Linkedin\",\"Email\",\"Print\");var hupso_background_t=\"#EAF4FF\";var hupso_border_t=\"#66CCFF\";var hupso_toolbar_size_t=\"medium\";var hupso_image_folder_url = \"\";var hupso_twitter_via=\"hectorops\";var hupso_url_t=\"\";var hupso_title_t=\"REFLEXI%C3%93N%20PARA%20EL%20JUEVES%20DE%20LA%20QUINTA%20SEMANA%20DE%20CUARESMA%2011-04-19\";<\/script><script type=\"text\/javascript\" src=\"http:\/\/static.hupso.com\/share\/js\/share_toolbar.js\"><\/script><!-- Hupso Share Buttons --><\/div>","protected":false},"excerpt":{"rendered":"<p>La primera lectura de hoy (Gn 17,3-9) nos presenta la alianza que Yahv\u00e9 Dios pacta con Abraham. Una alianza que por sus propios t\u00e9rminos iba a ser perpetua. Una alianza que se trasmitir\u00eda por la carne (por herencia), por eso &hellip; <a href=\"http:\/\/delamanodemaria.com\/?p=11503\">Continue reading <span class=\"meta-nav\">&rarr;<\/span><\/a><\/p>\n<div style=\"padding-bottom:20px; padding-top:10px;\" class=\"hupso-share-buttons\"><!-- Hupso Share Buttons - https:\/\/www.hupso.com\/share\/ --><a class=\"hupso_toolbar\" href=\"https:\/\/www.hupso.com\/share\/\"><img src=\"http:\/\/static.hupso.com\/share\/buttons\/lang\/es\/share-medium.png\" style=\"border:0px; padding-top: 5px; float:left;\" alt=\"Share Button\"\/><\/a><script type=\"text\/javascript\">var hupso_services_t=new Array(\"Twitter\",\"Facebook\",\"Google Plus\",\"Pinterest\",\"Linkedin\",\"Email\",\"Print\");var hupso_background_t=\"#EAF4FF\";var hupso_border_t=\"#66CCFF\";var hupso_toolbar_size_t=\"medium\";var hupso_image_folder_url = \"\";var hupso_twitter_via=\"hectorops\";var hupso_url_t=\"\";var hupso_title_t=\"REFLEXI%C3%93N%20PARA%20EL%20JUEVES%20DE%20LA%20QUINTA%20SEMANA%20DE%20CUARESMA%2011-04-19\";<\/script><script type=\"text\/javascript\" src=\"http:\/\/static.hupso.com\/share\/js\/share_toolbar.js\"><\/script><!-- Hupso Share Buttons --><\/div>","protected":false},"author":1,"featured_media":11506,"comment_status":"open","ping_status":"open","sticky":false,"template":"","format":"standard","meta":{"jetpack_post_was_ever_published":false,"_jetpack_newsletter_access":"","_jetpack_newsletter_tier_id":0,"jetpack_publicize_message":"","jetpack_is_tweetstorm":false,"jetpack_publicize_feature_enabled":true,"jetpack_social_post_already_shared":true,"jetpack_social_options":{"image_generator_settings":{"template":"highway","enabled":false}}},"categories":[1],"tags":[109,942,12,4,854,2241,2312,55,138,1135,2,82,555,536],"jetpack_publicize_connections":[],"jetpack_featured_media_url":"http:\/\/delamanodemaria.com\/wp-content\/uploads\/2019\/04\/Jn-8-51-59.jpg","jetpack_shortlink":"https:\/\/wp.me\/p3bBgS-2Zx","jetpack_sharing_enabled":true,"jetpack_likes_enabled":true,"_links":{"self":[{"href":"http:\/\/delamanodemaria.com\/index.php?rest_route=\/wp\/v2\/posts\/11503"}],"collection":[{"href":"http:\/\/delamanodemaria.com\/index.php?rest_route=\/wp\/v2\/posts"}],"about":[{"href":"http:\/\/delamanodemaria.com\/index.php?rest_route=\/wp\/v2\/types\/post"}],"author":[{"embeddable":true,"href":"http:\/\/delamanodemaria.com\/index.php?rest_route=\/wp\/v2\/users\/1"}],"replies":[{"embeddable":true,"href":"http:\/\/delamanodemaria.com\/index.php?rest_route=%2Fwp%2Fv2%2Fcomments&post=11503"}],"version-history":[{"count":3,"href":"http:\/\/delamanodemaria.com\/index.php?rest_route=\/wp\/v2\/posts\/11503\/revisions"}],"predecessor-version":[{"id":11507,"href":"http:\/\/delamanodemaria.com\/index.php?rest_route=\/wp\/v2\/posts\/11503\/revisions\/11507"}],"wp:featuredmedia":[{"embeddable":true,"href":"http:\/\/delamanodemaria.com\/index.php?rest_route=\/wp\/v2\/media\/11506"}],"wp:attachment":[{"href":"http:\/\/delamanodemaria.com\/index.php?rest_route=%2Fwp%2Fv2%2Fmedia&parent=11503"}],"wp:term":[{"taxonomy":"category","embeddable":true,"href":"http:\/\/delamanodemaria.com\/index.php?rest_route=%2Fwp%2Fv2%2Fcategories&post=11503"},{"taxonomy":"post_tag","embeddable":true,"href":"http:\/\/delamanodemaria.com\/index.php?rest_route=%2Fwp%2Fv2%2Ftags&post=11503"}],"curies":[{"name":"wp","href":"https:\/\/api.w.org\/{rel}","templated":true}]}}