{"id":11521,"date":"2019-04-13T21:15:52","date_gmt":"2019-04-14T01:15:52","guid":{"rendered":"http:\/\/delamanodemaria.com\/?p=11521"},"modified":"2019-04-13T21:15:59","modified_gmt":"2019-04-14T01:15:59","slug":"reflexion-para-el-domingo-de-ramos-en-la-pasion-del-senor-c-14-04-19","status":"publish","type":"post","link":"http:\/\/delamanodemaria.com\/?p=11521","title":{"rendered":"REFLEXI\u00d3N PARA EL DOMINGO DE RAMOS EN LA PASI\u00d3N DEL SE\u00d1OR (C) 14-04-19"},"content":{"rendered":"\n<figure class=\"wp-block-image\"><img decoding=\"async\" loading=\"lazy\" width=\"960\" height=\"300\" src=\"http:\/\/delamanodemaria.com\/wp-content\/uploads\/2019\/04\/domingo-de-ramos-01.jpg\" alt=\"\" class=\"wp-image-11523\" srcset=\"http:\/\/delamanodemaria.com\/wp-content\/uploads\/2019\/04\/domingo-de-ramos-01.jpg 960w, http:\/\/delamanodemaria.com\/wp-content\/uploads\/2019\/04\/domingo-de-ramos-01-300x94.jpg 300w, http:\/\/delamanodemaria.com\/wp-content\/uploads\/2019\/04\/domingo-de-ramos-01-768x240.jpg 768w, http:\/\/delamanodemaria.com\/wp-content\/uploads\/2019\/04\/domingo-de-ramos-01-500x156.jpg 500w\" sizes=\"(max-width: 960px) 100vw, 960px\" \/><\/figure>\n\n\n\n<p class=\"has-drop-cap\">Hoy celebramos el Domingo de Ramos en la\nPasi\u00f3n del Se\u00f1or, y la liturgia nos ofrece dos lecturas evang\u00e9licas, una para\nla bendici\u00f3n de los ramos (Lc 19,28-40) y otra para la liturgia de la Palabra\npropiamente (Lc 22, 17.14&#8211;23,56). La primera nos narra la entrada triunfal de\nJes\u00fas en Jerusal\u00e9n, y la segunda nos presenta la Pasi\u00f3n seg\u00fan san Lucas, un\nadelanto de lo que le espera a Jes\u00fas. En ambas la \u201cmultitud\u201d juega un papel\nimportante. En la primera la multitud le aclama y alaba a Dios; en la segunda\nesa misma multitud pide que le crucifiquen.<\/p>\n\n\n\n<p>Si comparamos la actitud de esa multitud\nan\u00f3nima en ambas lecturas, vemos cu\u00e1n volubles y manejables son las masas. Lo\nmismo podemos decir de nosotros. En un momento estamos alabando y bendiciendo\nal Se\u00f1or mientras le recibimos en nuestros corazones, y al siguiente nos\ndejamos seducir por el maligno y terminamos d\u00e1ndole la espalda y\n\u201ccrucific\u00e1ndole\u201d. Esta semana Santa que comienza hoy nos presenta otra\noportunidad de hacer introspecci\u00f3n, examen de conciencia sobre nuestra actitud\nhacia Dios. \u00bfA cu\u00e1l de las dos multitudes pertenezco?<\/p>\n\n\n\n<p>La segunda lectura nos da una esperanza. Hasta\nel \u00faltimo momento Jes\u00fas pidi\u00f3 al Padre que perdonara a los que le crucificaron.\nM\u00e1s a\u00fan, cuando uno de los ladrones que estaban crucificados a su lado le reconoci\u00f3\ny le dijo: \u201cJes\u00fas, acu\u00e9rdate de m\u00ed cuando llegues a tu reino\u201d, Jes\u00fas le\nrespondi\u00f3: \u201cTe lo aseguro: hoy estar\u00e1s conmigo en el para\u00edso\u201d. Todav\u00eda estamos\na tiempo; Jes\u00fas nunca se cansa de esperar. \u00c9l quiere que nos salvemos; esa es\nsu voluntad. Pero no quiere, no puede obligarnos, pues respeta nuestra\nlibertad; por eso nos dio libre albedr\u00edo.<\/p>\n\n\n\n<p>Hoy se nos entregar\u00e1n unos ramos benditos\ndurante la celebraci\u00f3n lit\u00fargica. Unos ramos frescos, llenos de vida. Esos\nramos eventualmente van a secarse, y luego ser\u00e1n quemados para convertirse en\nla ceniza que se nos va a imponer el mi\u00e9rcoles de ceniza del pr\u00f3ximo a\u00f1o. As\u00ed\nde ef\u00edmera es nuestra vida, y en eso nos vamos a convertir. Hoy se nos brinda\notra oportunidad. No sabemos si vamos a estar aqu\u00ed el pr\u00f3ximo a\u00f1o, el pr\u00f3ximo\nmes, la pr\u00f3xima semana, ma\u00f1ana\u2026 \u00bfEn cu\u00e1l de las multitudes nos sorprender\u00e1?<\/p>\n\n\n\n<p>Jes\u00fas nos ama con locura, con pasi\u00f3n; quiere\nrelacionarse con nosotros; quiere nuestra salvaci\u00f3n, para eso nos cre\u00f3 el\nPadre, para eso envi\u00f3 a su Hijo. Pero, como dice el P. Larra\u00f1aga, \u201cDios es un\nperfecto caballero\u201d, es incapaz de imponerse.<\/p>\n\n\n\n<p>Jes\u00fas se ofreci\u00f3 a s\u00ed mismo como v\u00edctima\npropiciatoria por todos los pecados de la humanidad, cometidos y por cometer;\nlos tuyos y los m\u00edos. Pero para poder recibir el beneficio de esa redenci\u00f3n,\npara gozar de la Misericordia infinita de ese Padre que no se cansa de\nperdonar, tenemos que acercarnos a \u00c9l, reconocerle, y reconocer nuestra culpa como\nlo hizo el buen ladr\u00f3n y como lo hizo el hijo pr\u00f3digo (Lc 15,11-32). Y para eso\nJes\u00fas nos dej\u00f3 el sacramento de la reconciliaci\u00f3n, que encomend\u00f3 a Su Iglesia a\ntrav\u00e9s de los ap\u00f3stoles (Jn 20,22-23).<\/p>\n\n\n\n<p>Si no la has hecho a\u00fan, esta Semana Santa es\nel momento propicio; \u00a1reconc\u00edliate!<\/p>\n<div style=\"padding-bottom:20px; padding-top:10px;\" class=\"hupso-share-buttons\"><!-- Hupso Share Buttons - https:\/\/www.hupso.com\/share\/ --><a class=\"hupso_toolbar\" href=\"https:\/\/www.hupso.com\/share\/\"><img src=\"http:\/\/static.hupso.com\/share\/buttons\/lang\/es\/share-medium.png\" style=\"border:0px; padding-top: 5px; float:left;\" alt=\"Share Button\"\/><\/a><script type=\"text\/javascript\">var hupso_services_t=new Array(\"Twitter\",\"Facebook\",\"Google Plus\",\"Pinterest\",\"Linkedin\",\"Email\",\"Print\");var hupso_background_t=\"#EAF4FF\";var hupso_border_t=\"#66CCFF\";var hupso_toolbar_size_t=\"medium\";var hupso_image_folder_url = \"\";var hupso_twitter_via=\"hectorops\";var hupso_url_t=\"\";var hupso_title_t=\"REFLEXI%C3%93N%20PARA%20EL%20DOMINGO%20DE%20RAMOS%20EN%20LA%20PASI%C3%93N%20DEL%20SE%C3%91OR%20%28C%29%2014-04-19\";<\/script><script type=\"text\/javascript\" src=\"http:\/\/static.hupso.com\/share\/js\/share_toolbar.js\"><\/script><!-- Hupso Share Buttons --><\/div>","protected":false},"excerpt":{"rendered":"<p>Hoy celebramos el Domingo de Ramos en la Pasi\u00f3n del Se\u00f1or, y la liturgia nos ofrece dos lecturas evang\u00e9licas, una para la bendici\u00f3n de los ramos (Lc 19,28-40) y otra para la liturgia de la Palabra propiamente (Lc 22, 17.14&#8211;23,56). &hellip; <a href=\"http:\/\/delamanodemaria.com\/?p=11521\">Continue reading <span class=\"meta-nav\">&rarr;<\/span><\/a><\/p>\n<div style=\"padding-bottom:20px; padding-top:10px;\" class=\"hupso-share-buttons\"><!-- Hupso Share Buttons - https:\/\/www.hupso.com\/share\/ --><a class=\"hupso_toolbar\" href=\"https:\/\/www.hupso.com\/share\/\"><img src=\"http:\/\/static.hupso.com\/share\/buttons\/lang\/es\/share-medium.png\" style=\"border:0px; padding-top: 5px; float:left;\" alt=\"Share Button\"\/><\/a><script type=\"text\/javascript\">var hupso_services_t=new Array(\"Twitter\",\"Facebook\",\"Google Plus\",\"Pinterest\",\"Linkedin\",\"Email\",\"Print\");var hupso_background_t=\"#EAF4FF\";var hupso_border_t=\"#66CCFF\";var hupso_toolbar_size_t=\"medium\";var hupso_image_folder_url = \"\";var hupso_twitter_via=\"hectorops\";var hupso_url_t=\"\";var hupso_title_t=\"REFLEXI%C3%93N%20PARA%20EL%20DOMINGO%20DE%20RAMOS%20EN%20LA%20PASI%C3%93N%20DEL%20SE%C3%91OR%20%28C%29%2014-04-19\";<\/script><script type=\"text\/javascript\" src=\"http:\/\/static.hupso.com\/share\/js\/share_toolbar.js\"><\/script><!-- Hupso Share Buttons --><\/div>","protected":false},"author":1,"featured_media":11523,"comment_status":"open","ping_status":"open","sticky":false,"template":"","format":"standard","meta":{"jetpack_post_was_ever_published":false,"_jetpack_newsletter_access":"","_jetpack_newsletter_tier_id":0,"jetpack_publicize_message":"","jetpack_is_tweetstorm":false,"jetpack_publicize_feature_enabled":true,"jetpack_social_post_already_shared":true,"jetpack_social_options":{"image_generator_settings":{"template":"highway","enabled":false}}},"categories":[1],"tags":[534,1254,2925,2270,571,206,2166,859,2926,2226,1896,2,97,82,39,860],"jetpack_publicize_connections":[],"jetpack_featured_media_url":"http:\/\/delamanodemaria.com\/wp-content\/uploads\/2019\/04\/domingo-de-ramos-01.jpg","jetpack_shortlink":"https:\/\/wp.me\/p3bBgS-2ZP","jetpack_sharing_enabled":true,"jetpack_likes_enabled":true,"_links":{"self":[{"href":"http:\/\/delamanodemaria.com\/index.php?rest_route=\/wp\/v2\/posts\/11521"}],"collection":[{"href":"http:\/\/delamanodemaria.com\/index.php?rest_route=\/wp\/v2\/posts"}],"about":[{"href":"http:\/\/delamanodemaria.com\/index.php?rest_route=\/wp\/v2\/types\/post"}],"author":[{"embeddable":true,"href":"http:\/\/delamanodemaria.com\/index.php?rest_route=\/wp\/v2\/users\/1"}],"replies":[{"embeddable":true,"href":"http:\/\/delamanodemaria.com\/index.php?rest_route=%2Fwp%2Fv2%2Fcomments&post=11521"}],"version-history":[{"count":2,"href":"http:\/\/delamanodemaria.com\/index.php?rest_route=\/wp\/v2\/posts\/11521\/revisions"}],"predecessor-version":[{"id":11524,"href":"http:\/\/delamanodemaria.com\/index.php?rest_route=\/wp\/v2\/posts\/11521\/revisions\/11524"}],"wp:featuredmedia":[{"embeddable":true,"href":"http:\/\/delamanodemaria.com\/index.php?rest_route=\/wp\/v2\/media\/11523"}],"wp:attachment":[{"href":"http:\/\/delamanodemaria.com\/index.php?rest_route=%2Fwp%2Fv2%2Fmedia&parent=11521"}],"wp:term":[{"taxonomy":"category","embeddable":true,"href":"http:\/\/delamanodemaria.com\/index.php?rest_route=%2Fwp%2Fv2%2Fcategories&post=11521"},{"taxonomy":"post_tag","embeddable":true,"href":"http:\/\/delamanodemaria.com\/index.php?rest_route=%2Fwp%2Fv2%2Ftags&post=11521"}],"curies":[{"name":"wp","href":"https:\/\/api.w.org\/{rel}","templated":true}]}}