{"id":11525,"date":"2019-04-14T18:43:23","date_gmt":"2019-04-14T22:43:23","guid":{"rendered":"http:\/\/delamanodemaria.com\/?p=11525"},"modified":"2019-04-14T18:43:30","modified_gmt":"2019-04-14T22:43:30","slug":"reflexion-para-el-lunes-santo-15-04-19","status":"publish","type":"post","link":"http:\/\/delamanodemaria.com\/?p=11525","title":{"rendered":"REFLEXI\u00d3N PARA EL LUNES SANTO 15-04-19"},"content":{"rendered":"\n<figure class=\"wp-block-image\"><img decoding=\"async\" loading=\"lazy\" width=\"600\" height=\"310\" src=\"http:\/\/delamanodemaria.com\/wp-content\/uploads\/2019\/04\/unci\u00f3n-en-betania.jpg\" alt=\"\" class=\"wp-image-11527\" srcset=\"http:\/\/delamanodemaria.com\/wp-content\/uploads\/2019\/04\/unci\u00f3n-en-betania.jpg 600w, http:\/\/delamanodemaria.com\/wp-content\/uploads\/2019\/04\/unci\u00f3n-en-betania-300x155.jpg 300w, http:\/\/delamanodemaria.com\/wp-content\/uploads\/2019\/04\/unci\u00f3n-en-betania-500x258.jpg 500w\" sizes=\"(max-width: 600px) 100vw, 600px\" \/><\/figure>\n\n\n\n<p>Luego de la entrada triunfal en Jerusal\u00e9n que\ncelebr\u00e1bamos ayer, las lecturas de esta semana nos ir\u00e1n narrando la \u00faltima\nsemana de Jes\u00fas, y prepar\u00e1ndonos para su Pascua. La lectura evang\u00e9lica de hoy\n(Jn 12,1-11) nos ubica en tiempo: \u201cseis d\u00edas antes de la Pascua\u201d; es decir, el\nlunes de la \u00faltima semana de Jes\u00fas en la tierra.<\/p>\n\n\n\n<p>Jes\u00fas sabe que est\u00e1 viviendo los \u00faltimos d\u00edas\nde su humanidad y decide ir a pasar un rato agradable con sus amigos L\u00e1zaro,\nMarta y Mar\u00eda, en el poblado de Betania, el lugar al que sol\u00eda acudir cuando\nquer\u00eda descansar. El autor enfatiza la proximidad de la Pascua, la presencia de\nL\u00e1zaro \u201ca quien hab\u00eda resucitado de entre los muertos\u201d, y el \u201cperfume de nardo\naut\u00e9ntico y costoso\u201d con el que Mar\u00eda, la hermana de L\u00e1zaro, le ungi\u00f3 los pies\na Jes\u00fas. Este gesto de Mar\u00eda es el que le da a este pasaje el nombre de la \u201cunci\u00f3n\nen Betania\u201d.<\/p>\n\n\n\n<p>La lectura tambi\u00e9n nos presenta el ambiente.\nUn ambiente de fiesta: \u201cAll\u00ed le ofrecieron una cena\u201d. Por la forma en que Juan\nla describe, da la impresi\u00f3n de que no era una cena \u00edntima con los amigos, se\ntrataba de una fiesta en honor a Jes\u00fas, con muchos invitados. \u00bfUna fiesta de\ndespedida, o una prefiguraci\u00f3n de su gloriosa resurrecci\u00f3n? No hay duda que\ntodos quer\u00edan verlo, pues estaban maravillados con los prodigios obrados por\nJes\u00fas, especialmente por la revitalizaci\u00f3n de L\u00e1zaro. Esto se hace evidente por\nel comentario al final del pasaje de que muchos estaban all\u00ed, \u201cno s\u00f3lo por\nJes\u00fas, sino tambi\u00e9n para ver a L\u00e1zaro, al que hab\u00eda resucitado de entre los\nmuertos\u201d.<\/p>\n\n\n\n<p>El \u201cperfume de nardo, aut\u00e9ntico y costoso\u201d con\nel que Mar\u00eda ungi\u00f3 los pies de Jes\u00fas y que hizo que la casa se llenara de su\nfragancia, nos presenta un marcado contraste con el mal olor que hab\u00eda en la\ntumba de L\u00e1zaro antes de que Jes\u00fas lo reviviera (Jn 11,39). Jes\u00fas es la\nresurrecci\u00f3n y la vida.<\/p>\n\n\n\n<p>Por otro lado, cuando Judas se quej\u00f3 de que\nestuvieran desperdiciado un perfume tan caro en lugar de venderlo para repartir\nsu importe entre los pobres, Jes\u00fas le dijo: \u201cD\u00e9jala; lo ten\u00eda guardado para el\nd\u00eda de mi sepultura; porque a los pobres los ten\u00e9is siempre con vosotros, pero\na m\u00ed no siempre me ten\u00e9is\u201d. Algunos ven en la expresi\u00f3n de que Mar\u00eda ten\u00eda\nreservado el perfume para el d\u00eda de la sepultura de Jes\u00fas, un anticipo de que su\ncad\u00e1ver no podr\u00eda ser embalsamado el d\u00eda de su entierro. La referencia a los\npobres se refer\u00eda a que, aunque se iba a separar f\u00edsicamente de sus disc\u00edpulos,\npermanecer\u00eda siempre entre ellos, y entre nosotros, en la persona de estos, en\nel rostro de los pobres.<\/p>\n\n\n\n<p>Mientras los sumos sacerdotes continuaban\nadelantado la conspiraci\u00f3n para asesinar a Jes\u00fas, \u00c9l se mantiene en calma,\ndisfruta de sus \u00faltimos momentos con sus amigos, y se dispone regresar al d\u00eda\nsiguiente a Jerusal\u00e9n para culminar su misi\u00f3n.<\/p>\n\n\n\n<p>Se\u00f1or, perm\u00edteme acompa\u00f1arte durante los\neventos de esta semana y abrir mi coraz\u00f3n al beneficio de tu pasi\u00f3n redentora, para\nluego celebrar tu gloriosa resurrecci\u00f3n.<\/p>\n<div style=\"padding-bottom:20px; padding-top:10px;\" class=\"hupso-share-buttons\"><!-- Hupso Share Buttons - https:\/\/www.hupso.com\/share\/ --><a class=\"hupso_toolbar\" href=\"https:\/\/www.hupso.com\/share\/\"><img src=\"http:\/\/static.hupso.com\/share\/buttons\/lang\/es\/share-medium.png\" style=\"border:0px; padding-top: 5px; float:left;\" alt=\"Share Button\"\/><\/a><script type=\"text\/javascript\">var hupso_services_t=new Array(\"Twitter\",\"Facebook\",\"Google Plus\",\"Pinterest\",\"Linkedin\",\"Email\",\"Print\");var hupso_background_t=\"#EAF4FF\";var hupso_border_t=\"#66CCFF\";var hupso_toolbar_size_t=\"medium\";var hupso_image_folder_url = \"\";var hupso_twitter_via=\"hectorops\";var hupso_url_t=\"\";var hupso_title_t=\"REFLEXI%C3%93N%20PARA%20EL%20LUNES%20SANTO%2015-04-19\";<\/script><script type=\"text\/javascript\" src=\"http:\/\/static.hupso.com\/share\/js\/share_toolbar.js\"><\/script><!-- Hupso Share Buttons --><\/div>","protected":false},"excerpt":{"rendered":"<p>Luego de la entrada triunfal en Jerusal\u00e9n que celebr\u00e1bamos ayer, las lecturas de esta semana nos ir\u00e1n narrando la \u00faltima semana de Jes\u00fas, y prepar\u00e1ndonos para su Pascua. La lectura evang\u00e9lica de hoy (Jn 12,1-11) nos ubica en tiempo: \u201cseis &hellip; <a href=\"http:\/\/delamanodemaria.com\/?p=11525\">Continue reading <span class=\"meta-nav\">&rarr;<\/span><\/a><\/p>\n<div style=\"padding-bottom:20px; padding-top:10px;\" class=\"hupso-share-buttons\"><!-- Hupso Share Buttons - https:\/\/www.hupso.com\/share\/ --><a class=\"hupso_toolbar\" href=\"https:\/\/www.hupso.com\/share\/\"><img src=\"http:\/\/static.hupso.com\/share\/buttons\/lang\/es\/share-medium.png\" style=\"border:0px; padding-top: 5px; float:left;\" alt=\"Share Button\"\/><\/a><script type=\"text\/javascript\">var hupso_services_t=new Array(\"Twitter\",\"Facebook\",\"Google Plus\",\"Pinterest\",\"Linkedin\",\"Email\",\"Print\");var hupso_background_t=\"#EAF4FF\";var hupso_border_t=\"#66CCFF\";var hupso_toolbar_size_t=\"medium\";var hupso_image_folder_url = \"\";var hupso_twitter_via=\"hectorops\";var hupso_url_t=\"\";var hupso_title_t=\"REFLEXI%C3%93N%20PARA%20EL%20LUNES%20SANTO%2015-04-19\";<\/script><script type=\"text\/javascript\" src=\"http:\/\/static.hupso.com\/share\/js\/share_toolbar.js\"><\/script><!-- Hupso Share Buttons --><\/div>","protected":false},"author":1,"featured_media":11527,"comment_status":"open","ping_status":"open","sticky":false,"template":"","format":"standard","meta":{"jetpack_post_was_ever_published":false,"_jetpack_newsletter_access":"","_jetpack_newsletter_tier_id":0,"jetpack_publicize_message":"","jetpack_is_tweetstorm":false,"jetpack_publicize_feature_enabled":true,"jetpack_social_post_already_shared":true,"jetpack_social_options":{"image_generator_settings":{"template":"highway","enabled":false}}},"categories":[1],"tags":[2928,731,2270,206,514,239,1256,660,42,2929,2927,2,54,39,430,1255],"jetpack_publicize_connections":[],"jetpack_featured_media_url":"http:\/\/delamanodemaria.com\/wp-content\/uploads\/2019\/04\/unci\u00f3n-en-betania.jpg","jetpack_shortlink":"https:\/\/wp.me\/p3bBgS-2ZT","jetpack_sharing_enabled":true,"jetpack_likes_enabled":true,"_links":{"self":[{"href":"http:\/\/delamanodemaria.com\/index.php?rest_route=\/wp\/v2\/posts\/11525"}],"collection":[{"href":"http:\/\/delamanodemaria.com\/index.php?rest_route=\/wp\/v2\/posts"}],"about":[{"href":"http:\/\/delamanodemaria.com\/index.php?rest_route=\/wp\/v2\/types\/post"}],"author":[{"embeddable":true,"href":"http:\/\/delamanodemaria.com\/index.php?rest_route=\/wp\/v2\/users\/1"}],"replies":[{"embeddable":true,"href":"http:\/\/delamanodemaria.com\/index.php?rest_route=%2Fwp%2Fv2%2Fcomments&post=11525"}],"version-history":[{"count":2,"href":"http:\/\/delamanodemaria.com\/index.php?rest_route=\/wp\/v2\/posts\/11525\/revisions"}],"predecessor-version":[{"id":11528,"href":"http:\/\/delamanodemaria.com\/index.php?rest_route=\/wp\/v2\/posts\/11525\/revisions\/11528"}],"wp:featuredmedia":[{"embeddable":true,"href":"http:\/\/delamanodemaria.com\/index.php?rest_route=\/wp\/v2\/media\/11527"}],"wp:attachment":[{"href":"http:\/\/delamanodemaria.com\/index.php?rest_route=%2Fwp%2Fv2%2Fmedia&parent=11525"}],"wp:term":[{"taxonomy":"category","embeddable":true,"href":"http:\/\/delamanodemaria.com\/index.php?rest_route=%2Fwp%2Fv2%2Fcategories&post=11525"},{"taxonomy":"post_tag","embeddable":true,"href":"http:\/\/delamanodemaria.com\/index.php?rest_route=%2Fwp%2Fv2%2Ftags&post=11525"}],"curies":[{"name":"wp","href":"https:\/\/api.w.org\/{rel}","templated":true}]}}