{"id":11529,"date":"2019-04-15T17:10:38","date_gmt":"2019-04-15T21:10:38","guid":{"rendered":"http:\/\/delamanodemaria.com\/?p=11529"},"modified":"2019-04-15T17:10:44","modified_gmt":"2019-04-15T21:10:44","slug":"reflexion-para-el-martes-santo-16-04-19","status":"publish","type":"post","link":"http:\/\/delamanodemaria.com\/?p=11529","title":{"rendered":"REFLEXI\u00d3N PARA EL MARTES SANTO 16-04-19"},"content":{"rendered":"\n<figure class=\"wp-block-image\"><img decoding=\"async\" loading=\"lazy\" width=\"768\" height=\"432\" src=\"http:\/\/delamanodemaria.com\/wp-content\/uploads\/2019\/04\/martes-santo.jpg\" alt=\"\" class=\"wp-image-11531\" srcset=\"http:\/\/delamanodemaria.com\/wp-content\/uploads\/2019\/04\/martes-santo.jpg 768w, http:\/\/delamanodemaria.com\/wp-content\/uploads\/2019\/04\/martes-santo-300x169.jpg 300w, http:\/\/delamanodemaria.com\/wp-content\/uploads\/2019\/04\/martes-santo-500x281.jpg 500w\" sizes=\"(max-width: 768px) 100vw, 768px\" \/><figcaption>\u201cLo que vas hacer, hazlo pronto\u201d.  <\/figcaption><\/figure>\n\n\n\n<p>Continuando el camino hacia la Pasi\u00f3n, la\nLiturgia nos presenta hoy una lectura evang\u00e9lica que abarca dos pasajes, el\nanuncio de la traici\u00f3n de Judas y el comienzo de la despedida de Jes\u00fas de sus\nap\u00f3stoles (Jn 13,21-33.36-38).<\/p>\n\n\n\n<p>Comienza la lectura con una menci\u00f3n del estado\nemocional de Jes\u00fas: \u201cJes\u00fas a la mesa con sus disc\u00edpulos, se turb\u00f3 en su\nesp\u00edritu y dio testimonio diciendo: \u2018En verdad, en verdad os digo: uno de\nvosotros me va a entregar\u2019.\u201d Seg\u00fan se va acercando la hora, la naturaleza\nhumana de Jes\u00fas comienza a rebelarse. Nadie quiere morir. Jes\u00fas no es la\nexcepci\u00f3n. Siente temor ante lo que le espera. Y ese miedo natural se ve\nagravado por la traici\u00f3n de un amigo. Sabe que uno de los suyos lo va a\nentregar; peor a\u00fan, lo va a vender. En los momentos de crisis, buscamos el\napoyo de los amigos, y si esos amigos nos traicionan, \u00bfde d\u00f3nde vendr\u00e1 el\nconsuelo humano? Trato de imaginar c\u00f3mo se sentir\u00eda Jes\u00fas en esos momentos, y\nse me forma un nudo en el pecho.<\/p>\n\n\n\n<p>A pesar de su temor y el dolor de la traici\u00f3n,\nJes\u00fas sabe que est\u00e1 aqu\u00ed para cumplir la voluntad del Padre. \u201cLo que vas hacer,\nhazlo pronto\u201d. El tiempo apremia, la hora est\u00e1 cerca: \u201cAhora es glorificado el\nHijo del hombre, y Dios es glorificado en \u00e9l. Si Dios es glorificado en \u00e9l,\ntambi\u00e9n Dios lo glorificar\u00e1 en s\u00ed mismo: pronto lo glorificar\u00e1\u201d.<\/p>\n\n\n\n<p>El dolor de la traici\u00f3n se ve agudizado por el\nconocimiento por parte de Jes\u00fas de la deslealtad y falta de valent\u00eda que\nmostrar\u00e1 aqu\u00e9l a quien hab\u00eda instituido cabeza de Su Iglesia (Cfr. Mt 16,18).\n\u201cPedro replic\u00f3: \u2018Se\u00f1or, \u00bfpor qu\u00e9 no puedo seguirte ahora? Dar\u00e9 mi vida por ti\u2019.\nJes\u00fas le contest\u00f3: \u2018\u00bfCon que dar\u00e1s tu vida por m\u00ed? En verdad, en verdad te\ndigo: no cantar\u00e1 el gallo antes de que me hayas negado tres veces\u2019.\u201d<\/p>\n\n\n\n<p>Vemos a un Jes\u00fas plenamente humano. Negarlo\nser\u00eda negar el car\u00e1cter totalizante de la encarnaci\u00f3n. Vemos c\u00f3mo, especialmente\nen el Evangelio de Juan, aunque Jes\u00fas a veces parece saber por adelantado lo\nque va a ocurrir, \u00c9l no controla los eventos. \u00c9l conf\u00eda plenamente en el Padre,\nen quien pone toda su confianza. Acepta la voluntad del Padre y sigue adelante,\ncon la certeza de que no lo abandonar\u00e1 en la hora suprema. El Padre lo envi\u00f3 a\ncumplir una misi\u00f3n, anunciar la Buena Noticia del Reino, y \u00c9l la ha cumplido a\ncabalidad. Por eso con su \u00faltimo suspiro antes de expirar en la cruz podr\u00e1\ndecir: \u201cTodo est\u00e1 cumplido\u201d (Jn 19,30).<\/p>\n\n\n\n<p>En esta Semana Santa, meditemos esta lectura y\npregunt\u00e9monos: \u00bfCu\u00e1ntas veces he traicionado a Jes\u00fas despu\u00e9s que \u00c9l deposit\u00f3 su\nconfianza en m\u00ed? \u00bfCu\u00e1ntas veces le he negado, o me he sentido cohibido o\navergonzado de profesar mi amistad con \u00c9l? Tratemos de imaginar por un momento\nc\u00f3mo se siente \u00c9l cada vez que le fallamos\u2026<\/p>\n\n\n\n<p>Poni\u00e9ndonos ahora en Su lugar, cuando estoy en\nmedio de la prueba, cuando el dolor de la traici\u00f3n y la incertidumbre me\narropan, \u00bfconf\u00edo plenamente en el Padre y me someto a Su voluntad despu\u00e9s de\nhaber hecho todo lo que est\u00e1 a mi alcance, o me rebelo y pretendo buscar\nsoluciones humanas m\u00e1s compatibles con mis deseos?<\/p>\n\n\n\n<p>La voluntad del Padre es solo una: nuestra salvaci\u00f3n.\nSi nos sometemos a ella, \u00c9l nunca nos va a complacer en algo que pueda\nconvertirse en un obst\u00e1culo para nuestra salvaci\u00f3n. Pi\u00e9nsalo\u2026<\/p>\n<div style=\"padding-bottom:20px; padding-top:10px;\" class=\"hupso-share-buttons\"><!-- Hupso Share Buttons - https:\/\/www.hupso.com\/share\/ --><a class=\"hupso_toolbar\" href=\"https:\/\/www.hupso.com\/share\/\"><img src=\"http:\/\/static.hupso.com\/share\/buttons\/lang\/es\/share-medium.png\" style=\"border:0px; padding-top: 5px; float:left;\" alt=\"Share Button\"\/><\/a><script type=\"text\/javascript\">var hupso_services_t=new Array(\"Twitter\",\"Facebook\",\"Google Plus\",\"Pinterest\",\"Linkedin\",\"Email\",\"Print\");var hupso_background_t=\"#EAF4FF\";var hupso_border_t=\"#66CCFF\";var hupso_toolbar_size_t=\"medium\";var hupso_image_folder_url = \"\";var hupso_twitter_via=\"hectorops\";var hupso_url_t=\"\";var hupso_title_t=\"REFLEXI%C3%93N%20PARA%20EL%20MARTES%20SANTO%2016-04-19\";<\/script><script type=\"text\/javascript\" src=\"http:\/\/static.hupso.com\/share\/js\/share_toolbar.js\"><\/script><!-- Hupso Share Buttons --><\/div>","protected":false},"excerpt":{"rendered":"<p>Continuando el camino hacia la Pasi\u00f3n, la Liturgia nos presenta hoy una lectura evang\u00e9lica que abarca dos pasajes, el anuncio de la traici\u00f3n de Judas y el comienzo de la despedida de Jes\u00fas de sus ap\u00f3stoles (Jn 13,21-33.36-38). Comienza la &hellip; <a href=\"http:\/\/delamanodemaria.com\/?p=11529\">Continue reading <span class=\"meta-nav\">&rarr;<\/span><\/a><\/p>\n<div style=\"padding-bottom:20px; padding-top:10px;\" class=\"hupso-share-buttons\"><!-- Hupso Share Buttons - https:\/\/www.hupso.com\/share\/ --><a class=\"hupso_toolbar\" href=\"https:\/\/www.hupso.com\/share\/\"><img src=\"http:\/\/static.hupso.com\/share\/buttons\/lang\/es\/share-medium.png\" style=\"border:0px; padding-top: 5px; float:left;\" alt=\"Share Button\"\/><\/a><script type=\"text\/javascript\">var hupso_services_t=new Array(\"Twitter\",\"Facebook\",\"Google Plus\",\"Pinterest\",\"Linkedin\",\"Email\",\"Print\");var hupso_background_t=\"#EAF4FF\";var hupso_border_t=\"#66CCFF\";var hupso_toolbar_size_t=\"medium\";var hupso_image_folder_url = \"\";var hupso_twitter_via=\"hectorops\";var hupso_url_t=\"\";var hupso_title_t=\"REFLEXI%C3%93N%20PARA%20EL%20MARTES%20SANTO%2016-04-19\";<\/script><script type=\"text\/javascript\" src=\"http:\/\/static.hupso.com\/share\/js\/share_toolbar.js\"><\/script><!-- Hupso Share Buttons --><\/div>","protected":false},"author":1,"featured_media":11531,"comment_status":"open","ping_status":"open","sticky":false,"template":"","format":"standard","meta":{"jetpack_post_was_ever_published":false,"_jetpack_newsletter_access":"","_jetpack_newsletter_tier_id":0,"jetpack_publicize_message":"","jetpack_is_tweetstorm":false,"jetpack_publicize_feature_enabled":true,"jetpack_social_post_already_shared":true,"jetpack_social_options":{"image_generator_settings":{"template":"highway","enabled":false}}},"categories":[1],"tags":[1478,2384,2292,2713,721,4,13,2930,2921,1259,112,1112,915,140,2,39,1179,2931,46],"jetpack_publicize_connections":[],"jetpack_featured_media_url":"http:\/\/delamanodemaria.com\/wp-content\/uploads\/2019\/04\/martes-santo.jpg","jetpack_shortlink":"https:\/\/wp.me\/p3bBgS-2ZX","jetpack_sharing_enabled":true,"jetpack_likes_enabled":true,"_links":{"self":[{"href":"http:\/\/delamanodemaria.com\/index.php?rest_route=\/wp\/v2\/posts\/11529"}],"collection":[{"href":"http:\/\/delamanodemaria.com\/index.php?rest_route=\/wp\/v2\/posts"}],"about":[{"href":"http:\/\/delamanodemaria.com\/index.php?rest_route=\/wp\/v2\/types\/post"}],"author":[{"embeddable":true,"href":"http:\/\/delamanodemaria.com\/index.php?rest_route=\/wp\/v2\/users\/1"}],"replies":[{"embeddable":true,"href":"http:\/\/delamanodemaria.com\/index.php?rest_route=%2Fwp%2Fv2%2Fcomments&post=11529"}],"version-history":[{"count":2,"href":"http:\/\/delamanodemaria.com\/index.php?rest_route=\/wp\/v2\/posts\/11529\/revisions"}],"predecessor-version":[{"id":11532,"href":"http:\/\/delamanodemaria.com\/index.php?rest_route=\/wp\/v2\/posts\/11529\/revisions\/11532"}],"wp:featuredmedia":[{"embeddable":true,"href":"http:\/\/delamanodemaria.com\/index.php?rest_route=\/wp\/v2\/media\/11531"}],"wp:attachment":[{"href":"http:\/\/delamanodemaria.com\/index.php?rest_route=%2Fwp%2Fv2%2Fmedia&parent=11529"}],"wp:term":[{"taxonomy":"category","embeddable":true,"href":"http:\/\/delamanodemaria.com\/index.php?rest_route=%2Fwp%2Fv2%2Fcategories&post=11529"},{"taxonomy":"post_tag","embeddable":true,"href":"http:\/\/delamanodemaria.com\/index.php?rest_route=%2Fwp%2Fv2%2Ftags&post=11529"}],"curies":[{"name":"wp","href":"https:\/\/api.w.org\/{rel}","templated":true}]}}