{"id":1155,"date":"2013-06-01T00:07:00","date_gmt":"2013-06-01T04:07:00","guid":{"rendered":"http:\/\/delamanodemaria.com\/?p=1155"},"modified":"2013-06-01T00:07:00","modified_gmt":"2013-06-01T04:07:00","slug":"reflexion-para-el-sabado-01-06-13","status":"publish","type":"post","link":"http:\/\/delamanodemaria.com\/?p=1155","title":{"rendered":"REFLEXI\u00d3N PARA EL S\u00c1BADO 01-06-13"},"content":{"rendered":"<p><span style=\"font-size: large;\">Ir por lana y salir trasquilado. Ese refr\u00e1n popular podr\u00eda describir lo que le ocurri\u00f3 en la lectura evang\u00e9lica de hoy (Mc 11,27-33) a los sumos sacerdotes, los escribas y los ancianos que pretendieron una vez m\u00e1s poner a prueba o, mejor a\u00fan, restarle credibilidad a Jes\u00fas cuestionando sus acciones en el Templo (acaba de echar a los mercaderes). Ya no encontraban c\u00f3mo detener su mensaje. La \u00fanica salida era desprestigiarle, minar su autoridad: \u201c\u00bfQui\u00e9n te ha dado semejante autoridad?\u201d<\/span><\/p>\n<p><span style=\"font-size: large;\">Jes\u00fas, que como hemos dicho en ocasiones anteriores es un maestro del debate, los desarma con su respuesta, tan aguda como inesperada. Los pone en \u201cevidencia\u201d, los desarma. \u201cOs voy a hacer una pregunta y, si me contest\u00e1is, os dir\u00e9 con qu\u00e9 autoridad hago esto: El bautismo de Juan \u00bfera cosa de Dios o de los hombres? Contestadme\u201d.<\/span><\/p>\n<p><span style=\"font-size: large;\">Los sumos sacerdotes, los escribas y los presb\u00edteros son personas inteligentes. Quieren desmerecer a Jes\u00fas, pero quieren retener el favor de pueblo. Jes\u00fas les ha hecho un planteamiento respecto a una figura important\u00edsima para los jud\u00edos: Juan el Bautista. \u201cSi decimos que es de Dios, dir\u00e1: \u2018\u00bfY por qu\u00e9 no le hab\u00e9is cre\u00eddo?&#8221; Pero como digamos que es de los hombres&#8230;\u2019 (Tem\u00edan a la gente, porque todo el mundo estaba convencido de que Juan era un profeta). Y respondieron a Jes\u00fas: \u2018No sabemos\u2019\u201d. Jes\u00fas les replic\u00f3: \u201cPues tampoco yo os digo con qu\u00e9 autoridad hago esto\u201d.<\/span><\/p>\n<p><span style=\"font-size: large;\">Fueron v\u00edctimas de su propio relativismo. Quer\u00edan desprestigiar Jes\u00fas, pero quer\u00edan mantener el favor del pueblo. En otras palabras, quer\u00edan estar con Dios y con los hombres. \u00bfCu\u00e1ntas veces nos ocurre eso a nosotros? Queremos seguir a Jes\u00fas y sus ense\u00f1anzas, pero queremos mantener el favor de los que nos rodean. Queremos \u201cdisfrazar\u201d la verdad, que las cosas sean como nos gustar\u00eda que fueran, no necesariamente como Jes\u00fas nos ense\u00f1\u00f3. Intentamos \u201cacomodar\u201d la doctrina de Jes\u00fas a nuestra conducta y a nuestro discurso para no perder el favor de los que nos rodean. Preferimos decir \u201cno sabemos\u201d antes que enfrentarnos a nuestra propia cobard\u00eda, a nuestra conciencia moral.<\/span><\/p>\n<p><span style=\"font-size: large;\">Es lo que el papa em\u00e9rito Benedicto XVI ha llamado la dictadura del relativismo: \u201cA quien tiene una fe clara, seg\u00fan el Credo de la Iglesia, a menudo se le aplica la etiqueta de fundamentalismo. Mientras que el relativismo, es decir, dejarse \u2018llevar a la deriva por cualquier viento de doctrina\u2019, parece ser la \u00fanica actitud adecuada en los tiempos actuales. Se va constituyendo una dictadura del relativismo que no reconoce nada como definitivo y que deja como \u00faltima medida s\u00f3lo el propio yo y sus antojos\u201d.<\/span><\/p>\n<p><span style=\"font-size: large;\">Los fariseos hablan en t\u00e9rminos de \u201cautoridad\u201d, pero conciben la autoridad en t\u00e9rminos de dominio, de poder, de fuerza, \u201c\u00bfQui\u00e9n te ha dado semejante autoridad?\u201d. No comprenden que la \u00fanica autoridad de Jes\u00fas es el amor, la capacidad de hacerse igual, hacerse uno con el otro, hacerse cercano. Pierden de vista que en hebreo la palabra procede de una ra\u00edz que significa \u201chacerse igual a\u201d. La \u201cautoridad\u201d de Jes\u00fas brota de su amor infinito. Es la autoridad de la Cruz, del que ama hasta el extremo de dar la vida por nosotros. \u201cPorque mi yugo es suave y mi carga liviana\u201d (Mt 11,30).<\/span><\/p>\n<div style=\"padding-bottom:20px; padding-top:10px;\" class=\"hupso-share-buttons\"><!-- Hupso Share Buttons - https:\/\/www.hupso.com\/share\/ --><a class=\"hupso_toolbar\" href=\"https:\/\/www.hupso.com\/share\/\"><img src=\"http:\/\/static.hupso.com\/share\/buttons\/lang\/es\/share-medium.png\" style=\"border:0px; padding-top: 5px; float:left;\" alt=\"Share Button\"\/><\/a><script type=\"text\/javascript\">var hupso_services_t=new Array(\"Twitter\",\"Facebook\",\"Google Plus\",\"Pinterest\",\"Linkedin\",\"Email\",\"Print\");var hupso_background_t=\"#EAF4FF\";var hupso_border_t=\"#66CCFF\";var hupso_toolbar_size_t=\"medium\";var hupso_image_folder_url = \"\";var hupso_twitter_via=\"hectorops\";var hupso_url_t=\"\";var hupso_title_t=\"REFLEXI%C3%93N%20PARA%20EL%20S%C3%81BADO%2001-06-13\";<\/script><script type=\"text\/javascript\" src=\"http:\/\/static.hupso.com\/share\/js\/share_toolbar.js\"><\/script><!-- Hupso Share Buttons --><\/div>","protected":false},"excerpt":{"rendered":"<p>Ir por lana y salir trasquilado. Ese refr\u00e1n popular podr\u00eda describir lo que le ocurri\u00f3 en la lectura evang\u00e9lica de hoy (Mc 11,27-33) a los sumos sacerdotes, los escribas y los ancianos que pretendieron una vez m\u00e1s poner a prueba &hellip; <a href=\"http:\/\/delamanodemaria.com\/?p=1155\">Continue reading <span class=\"meta-nav\">&rarr;<\/span><\/a><\/p>\n<div style=\"padding-bottom:20px; padding-top:10px;\" class=\"hupso-share-buttons\"><!-- Hupso Share Buttons - https:\/\/www.hupso.com\/share\/ --><a class=\"hupso_toolbar\" href=\"https:\/\/www.hupso.com\/share\/\"><img src=\"http:\/\/static.hupso.com\/share\/buttons\/lang\/es\/share-medium.png\" style=\"border:0px; padding-top: 5px; float:left;\" alt=\"Share Button\"\/><\/a><script type=\"text\/javascript\">var hupso_services_t=new Array(\"Twitter\",\"Facebook\",\"Google Plus\",\"Pinterest\",\"Linkedin\",\"Email\",\"Print\");var hupso_background_t=\"#EAF4FF\";var hupso_border_t=\"#66CCFF\";var hupso_toolbar_size_t=\"medium\";var hupso_image_folder_url = \"\";var hupso_twitter_via=\"hectorops\";var hupso_url_t=\"\";var hupso_title_t=\"REFLEXI%C3%93N%20PARA%20EL%20S%C3%81BADO%2001-06-13\";<\/script><script type=\"text\/javascript\" src=\"http:\/\/static.hupso.com\/share\/js\/share_toolbar.js\"><\/script><!-- Hupso Share Buttons --><\/div>","protected":false},"author":1,"featured_media":0,"comment_status":"open","ping_status":"open","sticky":false,"template":"","format":"standard","meta":{"jetpack_post_was_ever_published":false,"_jetpack_newsletter_access":"","_jetpack_newsletter_tier_id":0,"jetpack_publicize_message":"","jetpack_is_tweetstorm":false,"jetpack_publicize_feature_enabled":true,"jetpack_social_post_already_shared":true,"jetpack_social_options":{"image_generator_settings":{"template":"highway","enabled":false}}},"categories":[1],"tags":[30,7,3,128,57,163,2],"jetpack_publicize_connections":[],"jetpack_featured_media_url":"","jetpack_shortlink":"https:\/\/wp.me\/p3bBgS-iD","jetpack_sharing_enabled":true,"jetpack_likes_enabled":true,"_links":{"self":[{"href":"http:\/\/delamanodemaria.com\/index.php?rest_route=\/wp\/v2\/posts\/1155"}],"collection":[{"href":"http:\/\/delamanodemaria.com\/index.php?rest_route=\/wp\/v2\/posts"}],"about":[{"href":"http:\/\/delamanodemaria.com\/index.php?rest_route=\/wp\/v2\/types\/post"}],"author":[{"embeddable":true,"href":"http:\/\/delamanodemaria.com\/index.php?rest_route=\/wp\/v2\/users\/1"}],"replies":[{"embeddable":true,"href":"http:\/\/delamanodemaria.com\/index.php?rest_route=%2Fwp%2Fv2%2Fcomments&post=1155"}],"version-history":[{"count":1,"href":"http:\/\/delamanodemaria.com\/index.php?rest_route=\/wp\/v2\/posts\/1155\/revisions"}],"predecessor-version":[{"id":1156,"href":"http:\/\/delamanodemaria.com\/index.php?rest_route=\/wp\/v2\/posts\/1155\/revisions\/1156"}],"wp:attachment":[{"href":"http:\/\/delamanodemaria.com\/index.php?rest_route=%2Fwp%2Fv2%2Fmedia&parent=1155"}],"wp:term":[{"taxonomy":"category","embeddable":true,"href":"http:\/\/delamanodemaria.com\/index.php?rest_route=%2Fwp%2Fv2%2Fcategories&post=1155"},{"taxonomy":"post_tag","embeddable":true,"href":"http:\/\/delamanodemaria.com\/index.php?rest_route=%2Fwp%2Fv2%2Ftags&post=1155"}],"curies":[{"name":"wp","href":"https:\/\/api.w.org\/{rel}","templated":true}]}}