{"id":1157,"date":"2013-06-01T22:18:35","date_gmt":"2013-06-02T02:18:35","guid":{"rendered":"http:\/\/delamanodemaria.com\/?p=1157"},"modified":"2013-06-01T22:33:50","modified_gmt":"2013-06-02T02:33:50","slug":"reflexion-para-la-solmenidad-del-cuerpo-y-sangre-de-cristo-02-06-13","status":"publish","type":"post","link":"http:\/\/delamanodemaria.com\/?p=1157","title":{"rendered":"REFLEXI\u00d3N PARA LA SOLMENIDAD DEL CUERPO Y SANGRE DE CRISTO 02-06-13"},"content":{"rendered":"<p style=\"text-align: center;\"><a href=\"http:\/\/delamanodemaria.com\/wp-content\/uploads\/2013\/06\/Corpus-Christi.jpg\"><img decoding=\"async\" loading=\"lazy\" class=\"alignnone size-full wp-image-1158\" alt=\"Corpus Christi\" src=\"http:\/\/delamanodemaria.com\/wp-content\/uploads\/2013\/06\/Corpus-Christi.jpg\" width=\"872\" height=\"1000\" srcset=\"http:\/\/delamanodemaria.com\/wp-content\/uploads\/2013\/06\/Corpus-Christi.jpg 872w, http:\/\/delamanodemaria.com\/wp-content\/uploads\/2013\/06\/Corpus-Christi-261x300.jpg 261w\" sizes=\"(max-width: 872px) 100vw, 872px\" \/><\/a><\/p>\n<p><span style=\"font-size: large;\">Hoy celebramos la solemnidad del Sant\u00edsimo Cuerpo y Sangre de Cristo, conocida por su nombre el lat\u00edn: Corpus Christi. Esta solemnidad surge en la Iglesia universal mediante la bula \u201cTransiturus\u201d firmada por el papa Urbano IV el 8 de septiembre\u00a0 de 1264, que la fij\u00f3 para el jueves despu\u00e9s de la octava de Pentecost\u00e9s. No obstante, el origen de la celebraci\u00f3n se relaciona con un Movimiento Eucar\u00edstico originado en la Abad\u00eda de Cornill\u00f3n (B\u00e9lgica), de donde surgieron otras costumbres eucar\u00edsticas, como la Exposici\u00f3n y Bendici\u00f3n con el Sant\u00edsimo Sacramento y el uso de campanillas en la Santa Misa durante la elevaci\u00f3n.<\/span><\/p>\n<p><span style=\"font-size: large;\">La liturgia para hoy nos presenta tres lecturas, todas relacionadas con la Eucarist\u00eda, el sacramento alrededor del cual gira toda la liturgia de la Iglesia, y en la que se hace presente el cuerpo, la sangre, el alma y la divinidad de Nuestro Se\u00f1or Jesucristo, quien antes de marcharse de este mundo, quiso dejarnos el regalo de su presencia (Cfr. Mt 28,20).<\/span><\/p>\n<p><span style=\"font-size: large;\">La primera lectura (Gn 14,18-20) nos presenta a Melquisedec, rey-sacerdote de Salem, celebrando un rito de bendici\u00f3n con pan y vino en favor de Abram (todav\u00eda Yahv\u00e9 no le hab\u00eda cambiado el nombre por \u201cAbraham\u201d). Muchos ven en este pasaje una prefiguraci\u00f3n del sacrificio eucar\u00edstico que Jes\u00fas ofrecer\u00eda siglos m\u00e1s tarde.<\/span><\/p>\n<p><span style=\"font-size: large;\">La segunda lectura (1 Cor 11,23-26) nos presenta la narraci\u00f3n m\u00e1s antigua que conocemos sobre la instituci\u00f3n de la Eucarist\u00eda, cuyas palabras todav\u00eda conservamos en nuestra liturgia eucar\u00edstica: \u201cQue el Se\u00f1or Jes\u00fas, en la noche en que iban a entregarlo, tom\u00f3 un pan y, pronunciando la acci\u00f3n de gracias, lo parti\u00f3 y dijo: \u2018Esto es mi cuerpo, que se entrega por vosotros. Haced esto en memoria m\u00eda\u2019. Lo mismo hizo con el c\u00e1liz, despu\u00e9s de cenar, diciendo: \u2018Este c\u00e1liz es la nueva alianza sellada con mi sangre; haced esto cada vez que lo beb\u00e1is, en memoria m\u00eda\u2019\u201d.<\/span><\/p>\n<p><span style=\"font-size: large;\">Jes\u00fas fue claro y directo en sus palabras: \u201cEsto es mi cuerpo\u201d; \u201cla nueva alianza sellada con mi sangre\u201d. Por eso hoy celebramos el Cuerpo y la Sangre de Cristo, no como algo que ocurri\u00f3 en el pasado, sino como algo vivo, presente entre nosotros en las especies eucar\u00edsticas. \u00a1Jes\u00fas est\u00e1 vivo! Es una presencia \u201creal y efectiva\u201d, no simb\u00f3lica ni metaf\u00f3rica. Por eso se puede reservar en el tabern\u00e1culo, y puede ser objeto de adoraci\u00f3n, y llevada a los enfermos. Esto es un dogma de fe de nuestra Iglesia, algo que nos caracteriza como cristianos-cat\u00f3licos.<\/span><\/p>\n<p><span style=\"font-size: large;\">La liturgia ha escogido como pasaje evang\u00e9lico para hoy la versi\u00f3n de Lucas de la multiplicaci\u00f3n de los panes (Lc 9,11b-17), un episodio que aparece en los sin\u00f3pticos y en Juan. Y aunque hay algunas variaciones menores en los cuatro relatos, todos coinciden en la multitud de personas, en la escasez de los alimentos, en la actitud de los disc\u00edpulos, en el n\u00famero de personas y, sobre todo, en el hecho de que Jes\u00fas, al igual que har\u00eda despu\u00e9s en la \u00faltima cena, antes de repartir los alimentos, pronunci\u00f3 la bendici\u00f3n sobre ellos.<\/span><\/p>\n<p><span style=\"font-size: large;\">Jes\u00fas satisfizo el hambre f\u00edsica de aquella multitud. Hoy en d\u00eda, cada vez que el sacerdote, actuando \u201cin persona Christi\u201d pronuncia la bendici\u00f3n sobre las especies eucar\u00edsticas, Jes\u00fas mismo, su cuerpo, sangre, alma y divinidad, se \u201cmultiplica\u201d para saciar nuestra hambre de \u00c9l y hacerse uno con nosotros.<\/span><\/p>\n<p><span style=\"font-size: large;\">Oremos para que el Esp\u00edritu Santo nos d\u00e9 una aut\u00e9ntica hambre del Se\u00f1or.<\/span><\/p>\n<div style=\"padding-bottom:20px; padding-top:10px;\" class=\"hupso-share-buttons\"><!-- Hupso Share Buttons - https:\/\/www.hupso.com\/share\/ --><a class=\"hupso_toolbar\" href=\"https:\/\/www.hupso.com\/share\/\"><img src=\"http:\/\/static.hupso.com\/share\/buttons\/lang\/es\/share-medium.png\" style=\"border:0px; padding-top: 5px; float:left;\" alt=\"Share Button\"\/><\/a><script type=\"text\/javascript\">var hupso_services_t=new Array(\"Twitter\",\"Facebook\",\"Google Plus\",\"Pinterest\",\"Linkedin\",\"Email\",\"Print\");var hupso_background_t=\"#EAF4FF\";var hupso_border_t=\"#66CCFF\";var hupso_toolbar_size_t=\"medium\";var hupso_image_folder_url = \"\";var hupso_twitter_via=\"hectorops\";var hupso_url_t=\"\";var hupso_title_t=\"REFLEXI%C3%93N%20PARA%20LA%20SOLMENIDAD%20DEL%20CUERPO%20Y%20SANGRE%20DE%20CRISTO%2002-06-13\";<\/script><script type=\"text\/javascript\" src=\"http:\/\/static.hupso.com\/share\/js\/share_toolbar.js\"><\/script><!-- Hupso Share Buttons --><\/div>","protected":false},"excerpt":{"rendered":"<p>Hoy celebramos la solemnidad del Sant\u00edsimo Cuerpo y Sangre de Cristo, conocida por su nombre el lat\u00edn: Corpus Christi. Esta solemnidad surge en la Iglesia universal mediante la bula \u201cTransiturus\u201d firmada por el papa Urbano IV el 8 de septiembre\u00a0 &hellip; <a href=\"http:\/\/delamanodemaria.com\/?p=1157\">Continue reading <span class=\"meta-nav\">&rarr;<\/span><\/a><\/p>\n<div style=\"padding-bottom:20px; padding-top:10px;\" class=\"hupso-share-buttons\"><!-- Hupso Share Buttons - https:\/\/www.hupso.com\/share\/ --><a class=\"hupso_toolbar\" href=\"https:\/\/www.hupso.com\/share\/\"><img src=\"http:\/\/static.hupso.com\/share\/buttons\/lang\/es\/share-medium.png\" style=\"border:0px; padding-top: 5px; float:left;\" alt=\"Share Button\"\/><\/a><script type=\"text\/javascript\">var hupso_services_t=new Array(\"Twitter\",\"Facebook\",\"Google Plus\",\"Pinterest\",\"Linkedin\",\"Email\",\"Print\");var hupso_background_t=\"#EAF4FF\";var hupso_border_t=\"#66CCFF\";var hupso_toolbar_size_t=\"medium\";var hupso_image_folder_url = \"\";var hupso_twitter_via=\"hectorops\";var hupso_url_t=\"\";var hupso_title_t=\"REFLEXI%C3%93N%20PARA%20LA%20SOLMENIDAD%20DEL%20CUERPO%20Y%20SANGRE%20DE%20CRISTO%2002-06-13\";<\/script><script type=\"text\/javascript\" src=\"http:\/\/static.hupso.com\/share\/js\/share_toolbar.js\"><\/script><!-- Hupso Share Buttons --><\/div>","protected":false},"author":1,"featured_media":0,"comment_status":"open","ping_status":"open","sticky":false,"template":"","format":"standard","meta":{"jetpack_post_was_ever_published":false,"_jetpack_newsletter_access":"","_jetpack_newsletter_tier_id":0,"jetpack_publicize_message":"","jetpack_is_tweetstorm":false,"jetpack_publicize_feature_enabled":true,"jetpack_social_post_already_shared":true,"jetpack_social_options":{"image_generator_settings":{"template":"highway","enabled":false}}},"categories":[1],"tags":[109,3,162,167,29,45,96,165,27,91,164,166,2],"jetpack_publicize_connections":[],"jetpack_featured_media_url":"","jetpack_shortlink":"https:\/\/wp.me\/p3bBgS-iF","jetpack_sharing_enabled":true,"jetpack_likes_enabled":true,"_links":{"self":[{"href":"http:\/\/delamanodemaria.com\/index.php?rest_route=\/wp\/v2\/posts\/1157"}],"collection":[{"href":"http:\/\/delamanodemaria.com\/index.php?rest_route=\/wp\/v2\/posts"}],"about":[{"href":"http:\/\/delamanodemaria.com\/index.php?rest_route=\/wp\/v2\/types\/post"}],"author":[{"embeddable":true,"href":"http:\/\/delamanodemaria.com\/index.php?rest_route=\/wp\/v2\/users\/1"}],"replies":[{"embeddable":true,"href":"http:\/\/delamanodemaria.com\/index.php?rest_route=%2Fwp%2Fv2%2Fcomments&post=1157"}],"version-history":[{"count":3,"href":"http:\/\/delamanodemaria.com\/index.php?rest_route=\/wp\/v2\/posts\/1157\/revisions"}],"predecessor-version":[{"id":1161,"href":"http:\/\/delamanodemaria.com\/index.php?rest_route=\/wp\/v2\/posts\/1157\/revisions\/1161"}],"wp:attachment":[{"href":"http:\/\/delamanodemaria.com\/index.php?rest_route=%2Fwp%2Fv2%2Fmedia&parent=1157"}],"wp:term":[{"taxonomy":"category","embeddable":true,"href":"http:\/\/delamanodemaria.com\/index.php?rest_route=%2Fwp%2Fv2%2Fcategories&post=1157"},{"taxonomy":"post_tag","embeddable":true,"href":"http:\/\/delamanodemaria.com\/index.php?rest_route=%2Fwp%2Fv2%2Ftags&post=1157"}],"curies":[{"name":"wp","href":"https:\/\/api.w.org\/{rel}","templated":true}]}}