{"id":11597,"date":"2019-04-28T20:20:06","date_gmt":"2019-04-29T00:20:06","guid":{"rendered":"http:\/\/delamanodemaria.com\/?p=11597"},"modified":"2019-04-28T20:20:13","modified_gmt":"2019-04-29T00:20:13","slug":"reflexion-para-la-fiesta-de-santa-catalina-de-siena-virgen-y-doctora-de-la-iglesia-29-04-19","status":"publish","type":"post","link":"http:\/\/delamanodemaria.com\/?p=11597","title":{"rendered":"REFLEXI\u00d3N PARA LA FIESTA DE SANTA CATALINA DE SIENA, VIRGEN Y DOCTORA DE LA IGLESIA 29-04-19"},"content":{"rendered":"\n<figure class=\"wp-block-image\"><img decoding=\"async\" loading=\"lazy\" width=\"604\" height=\"450\" src=\"http:\/\/delamanodemaria.com\/wp-content\/uploads\/2013\/04\/votos-perpetuos-hlm.jpg\" alt=\"\" class=\"wp-image-922\" srcset=\"http:\/\/delamanodemaria.com\/wp-content\/uploads\/2013\/04\/votos-perpetuos-hlm.jpg 604w, http:\/\/delamanodemaria.com\/wp-content\/uploads\/2013\/04\/votos-perpetuos-hlm-300x223.jpg 300w, http:\/\/delamanodemaria.com\/wp-content\/uploads\/2013\/04\/votos-perpetuos-hlm-402x300.jpg 402w\" sizes=\"(max-width: 604px) 100vw, 604px\" \/><figcaption>El 29 de abril de 2006, Fiesta de Santa Catalina de Siena, hice mi profesi\u00f3n perpetua en la Tercera Orden de Santo Domingo de Guzm\u00e1n.<\/figcaption><\/figure>\n\n\n\n<p>Hoy es un d\u00eda sumamente especial para m\u00ed. Hace\nexactamente trece a\u00f1os, el 29 de abril de 2006, Fiesta de Santa Catalina de\nSiena, virgen y doctora de la Iglesia y terciaria dominica, hice mi profesi\u00f3n\nperpetua en el Laicado Dominico, sucesor de la Tercera Orden de Santo Domingo\nde Guzm\u00e1n. El hecho de que el Se\u00f1or me haya concedido la gracia de pertenecer a\nla misma Orden que Santa Catalina de Siena, Santa Rosa de Lima, y otros tantos\nsantos y santas de la Orden que fueron terciarios dominicos, me impone una gran\nresponsabilidad que trato de cumplir a cabalidad. Ruego al Se\u00f1or, por la\nintercesi\u00f3n de Nuestro Padre Santo Domingo de Guzm\u00e1n, que me d\u00e9 la\nperseverancia para llevar con dignidad el h\u00e1bito de su Venerable Orden.<\/p>\n\n\n\n<p>Aunque en Puerto Rico es memoria obligatoria,\npara nosotros los dominicos es Fiesta. Y para esta Fiesta lit\u00fargica nos\napartamos moment\u00e1neamente de la liturgia pascual, y contemplamos el evangelio\nseg\u00fan san Mateo (11,25-30), que se divide en dos partes, y que en cierta medida\ndescribe la vida y misi\u00f3n de esta gran santa. La primera parte nos permite\ncomprender c\u00f3mo una mujer, sencilla, analfabeta, pudo poseer una profundidad\nteol\u00f3gica tal que le hizo acreedora del t\u00edtulo de doctora de la Iglesia: \u201cTe\ndoy gracias, Padre, Se\u00f1or de cielo y tierra, porque has escondido estas cosas a\nlos sabios y entendidos y se las has revelado a la gente sencilla. S\u00ed, Padre,\nas\u00ed te ha parecido mejor. Todo me lo ha entregado mi Padre, y nadie conoce al\nHijo m\u00e1s que el Padre, y nadie conoce al Padre sino el Hijo, y aquel a quien el\nHijo se lo quiera revelar\u201d.<\/p>\n\n\n\n<p>Catalina de Siena naci\u00f3 a mediados del siglo\nXIV, y desde joven sinti\u00f3 el llamado a la vida virtuosa. En contra de las\npretensiones de su padre, quien quer\u00eda casarla con un hombre adinerado, ella\nopt\u00f3 por hacer voto de castidad e ingresar a la tercera orden de Santo Domingo,\nconvirti\u00e9ndose en terciaria dominica, estado en el que permanecer\u00eda por el\nresto de su vida. Vivi\u00f3 su vocaci\u00f3n cuidando de los hu\u00e9rfanos, menesterosos y\nenfermos. Mientras tanto crec\u00eda en sabidur\u00eda a pesar de que no sab\u00eda leer ni\nescribir.<\/p>\n\n\n\n<p>Su sabidur\u00eda la llev\u00f3 a ser consejera de\npr\u00edncipes, gobernantes y papas, siendo la responsable de que el papa Gregorio\nXI abandonara su exilio en Avi\u00f1\u00f3n y retornara a Roma. Durante su corta vida\nsirvi\u00f3 como embajadora y diplom\u00e1tica de al menos dos papas, el mismo Gregorio\nXI y Urbano XIV, quienes le encomendaron tareas bien delicadas que desempe\u00f1\u00f3\ncon prudencia, inteligencia y eficacia. Aunque, como hemos dicho, era\nanalfabeta, dict\u00f3 libros y cartas que manifestaban la profundidad de su\npensamiento teol\u00f3gico, el que reflejaba tal comuni\u00f3n con Dios que le permit\u00eda\nescudri\u00f1ar los misterios de fe que permanec\u00edan ocultos a \u201clos sabios y\nentendidos\u201d.<\/p>\n\n\n\n<p>Tal vez nunca lleguemos a alcanzar el grado de\ncompenetraci\u00f3n con el Misterio que santa Catalina logr\u00f3, pero si nos abrimos al\nAmor incondicional de Dios, escuchamos Su Palabra, e intentamos de coraz\u00f3n\nseguir los pasos de Su Hijo, conoceremos la Verdad, y esa Verdad nos har\u00e1\nlibres (Jn 8,32). Ese fue tal vez el secreto de santa Catalina de Siena.<\/p>\n\n\n\n<p>Santa Catalina de Siena, \u00a1ruega por\nnosotros!&#8230;<\/p>\n<div style=\"padding-bottom:20px; padding-top:10px;\" class=\"hupso-share-buttons\"><!-- Hupso Share Buttons - https:\/\/www.hupso.com\/share\/ --><a class=\"hupso_toolbar\" href=\"https:\/\/www.hupso.com\/share\/\"><img src=\"http:\/\/static.hupso.com\/share\/buttons\/lang\/es\/share-medium.png\" style=\"border:0px; padding-top: 5px; float:left;\" alt=\"Share Button\"\/><\/a><script type=\"text\/javascript\">var hupso_services_t=new Array(\"Twitter\",\"Facebook\",\"Google Plus\",\"Pinterest\",\"Linkedin\",\"Email\",\"Print\");var hupso_background_t=\"#EAF4FF\";var hupso_border_t=\"#66CCFF\";var hupso_toolbar_size_t=\"medium\";var hupso_image_folder_url = \"\";var hupso_twitter_via=\"hectorops\";var hupso_url_t=\"\";var hupso_title_t=\"REFLEXI%C3%93N%20PARA%20LA%20FIESTA%20DE%20SANTA%20CATALINA%20DE%20SIENA%2C%20VIRGEN%20Y%20DOCTORA%20DE%20LA%20IGLESIA%2029-04-19\";<\/script><script type=\"text\/javascript\" src=\"http:\/\/static.hupso.com\/share\/js\/share_toolbar.js\"><\/script><!-- Hupso Share Buttons --><\/div>","protected":false},"excerpt":{"rendered":"<p>Hoy es un d\u00eda sumamente especial para m\u00ed. Hace exactamente trece a\u00f1os, el 29 de abril de 2006, Fiesta de Santa Catalina de Siena, virgen y doctora de la Iglesia y terciaria dominica, hice mi profesi\u00f3n perpetua en el Laicado &hellip; <a href=\"http:\/\/delamanodemaria.com\/?p=11597\">Continue reading <span class=\"meta-nav\">&rarr;<\/span><\/a><\/p>\n<div style=\"padding-bottom:20px; padding-top:10px;\" class=\"hupso-share-buttons\"><!-- Hupso Share Buttons - https:\/\/www.hupso.com\/share\/ --><a class=\"hupso_toolbar\" href=\"https:\/\/www.hupso.com\/share\/\"><img src=\"http:\/\/static.hupso.com\/share\/buttons\/lang\/es\/share-medium.png\" style=\"border:0px; padding-top: 5px; float:left;\" alt=\"Share Button\"\/><\/a><script type=\"text\/javascript\">var hupso_services_t=new Array(\"Twitter\",\"Facebook\",\"Google Plus\",\"Pinterest\",\"Linkedin\",\"Email\",\"Print\");var hupso_background_t=\"#EAF4FF\";var hupso_border_t=\"#66CCFF\";var hupso_toolbar_size_t=\"medium\";var hupso_image_folder_url = \"\";var hupso_twitter_via=\"hectorops\";var hupso_url_t=\"\";var hupso_title_t=\"REFLEXI%C3%93N%20PARA%20LA%20FIESTA%20DE%20SANTA%20CATALINA%20DE%20SIENA%2C%20VIRGEN%20Y%20DOCTORA%20DE%20LA%20IGLESIA%2029-04-19\";<\/script><script type=\"text\/javascript\" src=\"http:\/\/static.hupso.com\/share\/js\/share_toolbar.js\"><\/script><!-- Hupso Share Buttons --><\/div>","protected":false},"author":1,"featured_media":922,"comment_status":"open","ping_status":"open","sticky":false,"template":"","format":"standard","meta":{"jetpack_post_was_ever_published":false,"_jetpack_newsletter_access":"","_jetpack_newsletter_tier_id":0,"jetpack_publicize_message":"","jetpack_is_tweetstorm":false,"jetpack_publicize_feature_enabled":true,"jetpack_social_post_already_shared":true,"jetpack_social_options":{"image_generator_settings":{"template":"highway","enabled":false}}},"categories":[1],"tags":[1439,2408,631,103,2958,2959,2960,2,1427,526,250,527,36,1944],"jetpack_publicize_connections":[],"jetpack_featured_media_url":"http:\/\/delamanodemaria.com\/wp-content\/uploads\/2013\/04\/votos-perpetuos-hlm.jpg","jetpack_shortlink":"https:\/\/wp.me\/p3bBgS-313","jetpack_sharing_enabled":true,"jetpack_likes_enabled":true,"_links":{"self":[{"href":"http:\/\/delamanodemaria.com\/index.php?rest_route=\/wp\/v2\/posts\/11597"}],"collection":[{"href":"http:\/\/delamanodemaria.com\/index.php?rest_route=\/wp\/v2\/posts"}],"about":[{"href":"http:\/\/delamanodemaria.com\/index.php?rest_route=\/wp\/v2\/types\/post"}],"author":[{"embeddable":true,"href":"http:\/\/delamanodemaria.com\/index.php?rest_route=\/wp\/v2\/users\/1"}],"replies":[{"embeddable":true,"href":"http:\/\/delamanodemaria.com\/index.php?rest_route=%2Fwp%2Fv2%2Fcomments&post=11597"}],"version-history":[{"count":2,"href":"http:\/\/delamanodemaria.com\/index.php?rest_route=\/wp\/v2\/posts\/11597\/revisions"}],"predecessor-version":[{"id":11599,"href":"http:\/\/delamanodemaria.com\/index.php?rest_route=\/wp\/v2\/posts\/11597\/revisions\/11599"}],"wp:featuredmedia":[{"embeddable":true,"href":"http:\/\/delamanodemaria.com\/index.php?rest_route=\/wp\/v2\/media\/922"}],"wp:attachment":[{"href":"http:\/\/delamanodemaria.com\/index.php?rest_route=%2Fwp%2Fv2%2Fmedia&parent=11597"}],"wp:term":[{"taxonomy":"category","embeddable":true,"href":"http:\/\/delamanodemaria.com\/index.php?rest_route=%2Fwp%2Fv2%2Fcategories&post=11597"},{"taxonomy":"post_tag","embeddable":true,"href":"http:\/\/delamanodemaria.com\/index.php?rest_route=%2Fwp%2Fv2%2Ftags&post=11597"}],"curies":[{"name":"wp","href":"https:\/\/api.w.org\/{rel}","templated":true}]}}