{"id":11675,"date":"2019-05-13T18:27:43","date_gmt":"2019-05-13T22:27:43","guid":{"rendered":"http:\/\/delamanodemaria.com\/?p=11675"},"modified":"2019-05-13T18:27:49","modified_gmt":"2019-05-13T22:27:49","slug":"reflexion-para-la-fiesta-de-san-matias-apostol-14-05-19","status":"publish","type":"post","link":"http:\/\/delamanodemaria.com\/?p=11675","title":{"rendered":"REFLEXI\u00d3N PARA LA FIESTA DE SAN MAT\u00cdAS, AP\u00d3STOL 14-05-19"},"content":{"rendered":"\n<figure class=\"wp-block-image\"><img decoding=\"async\" loading=\"lazy\" width=\"900\" height=\"500\" src=\"http:\/\/delamanodemaria.com\/wp-content\/uploads\/2019\/05\/Matias-Apostol-14Mayo.jpg\" alt=\"\" class=\"wp-image-11677\" srcset=\"http:\/\/delamanodemaria.com\/wp-content\/uploads\/2019\/05\/Matias-Apostol-14Mayo.jpg 900w, http:\/\/delamanodemaria.com\/wp-content\/uploads\/2019\/05\/Matias-Apostol-14Mayo-300x167.jpg 300w, http:\/\/delamanodemaria.com\/wp-content\/uploads\/2019\/05\/Matias-Apostol-14Mayo-768x427.jpg 768w, http:\/\/delamanodemaria.com\/wp-content\/uploads\/2019\/05\/Matias-Apostol-14Mayo-500x278.jpg 500w\" sizes=\"(max-width: 900px) 100vw, 900px\" \/><\/figure>\n\n\n\n<p>Hoy la Iglesia universal celebra la Fiesta de\nsan Mat\u00edas, ap\u00f3stol. Mat\u00edas fue el escogido para ocupar el puesto de Judas en\nel grupo de los \u201cDoce\u201d. La primera lectura de hoy (Hc 1,15-17.20-26) nos narra\nla selecci\u00f3n de Mat\u00edas. Este episodio se desarrolla poco antes del evento de\nPentecost\u00e9s, que estaremos celebrando al finalizar la \u201ccincuentena\u201d de Pascua. As\u00ed,\nMat\u00edas recibi\u00f3 el Esp\u00edritu Santo como uno de los \u201cDoce\u201d mientras se encontraban\nreunidos en oraci\u00f3n en la estancia superior en compa\u00f1\u00eda de Mar\u00eda, la madre de\nJes\u00fas (<em>Cfr<\/em>. Hc 1,14).<\/p>\n\n\n\n<p>El pasaje expone primero los requisitos que ha\nde llenar el que sea escogido: \u201cHace falta, por tanto, que uno se asocie a\nnosotros como testigo de la resurrecci\u00f3n de Jes\u00fas, uno de los que nos\nacompa\u00f1aron mientras convivi\u00f3 con nosotros el Se\u00f1or Jes\u00fas, desde que Juan\nbautizaba, hasta el d\u00eda de su ascensi\u00f3n\u201d. Ten\u00eda que ser as\u00ed porque el elegido\nten\u00eda que cumplir la misi\u00f3n que el mismo Jes\u00fas les hab\u00eda encomendado justo\nantes de su Ascensi\u00f3n: \u201crecibir\u00e1n la fuerza del Esp\u00edritu Santo que descender\u00e1\nsobre ustedes, y ser\u00e1n mis testigos en Jerusal\u00e9n, en toda Judea y Samaria, y\nhasta los confines de la tierra\u201d (Hc 1,8).<\/p>\n\n\n\n<p>Los ap\u00f3stoles estaban llamados a ser testigos\nde la Resurrecci\u00f3n de Jes\u00fas y, m\u00e1s a\u00fan, de la vida, el mensaje de Jes\u00fas. Y solo\npueden ser testigos quienes han visto o experimentado algo. Y para poder llevar\na cabo su misi\u00f3n evangelizadora Jes\u00fas les promete \u201cla fuerza del Esp\u00edritu Santo\u201d.<\/p>\n\n\n\n<p>Nos dice la Escritura que: \u201cPropusieron dos\nnombres: Jos\u00e9, apellidado Barsab\u00e1, de sobrenombre Justo, y Mat\u00edas. Y rezaron\nas\u00ed: \u2018Se\u00f1or, t\u00fa penetras el coraz\u00f3n de todos; mu\u00e9stranos a cu\u00e1l de los dos has\nelegido para que, en este ministerio apost\u00f3lico, ocupe el puesto que dej\u00f3 Judas\npara marcharse al suyo propio\u2019. Echaron suertes, le toc\u00f3 a Mat\u00edas, y lo\nasociaron a los once ap\u00f3stoles\u201d. Vemos c\u00f3mo el llamado siempre es de Dios; \u00c9l\nes quien escoge, de una manera misteriosa que no podemos comprender. <em>Cfr<\/em>. Jr 1,5.<\/p>\n\n\n\n<p>Todos somos llamados a ser testigos; pero no\nbasta con leer las escrituras y estudiar sobre Jes\u00fas y la Buena Noticia del\nReino. Si vamos a ser testigos tenemos que tener conocimiento personal, pues,\ncomo dijimos anteriormente, solo pueden ser testigos quienes han visto o\nexperimentado algo. Por tanto, para poder ser \u201ctestigos\u201d de Jes\u00fas, tenemos que\ntener un encuentro personal con el Resucitado. Solo as\u00ed nuestro testimonio\ntendr\u00e1 la credibilidad que mueva a otros, a su vez, a entrar en contacto con \u00c9l\ny conocerle personalmente. Y al igual que los ap\u00f3stoles, necesitamos la ayuda\nde \u201cla fuerza del Esp\u00edritu Santo\u201d.<\/p>\n\n\n\n<p>Como hemos dicho en innumerables ocasiones, el\nEsp\u00edritu Santo es el Amor de Dios que se derrama sobre nosotros. Por eso en la\nlectura evang\u00e9lica que contemplamos hoy (Jn 15,9-17), Jes\u00fas nos insta a\npermanecer en su Amor.<\/p>\n\n\n\n<p>\u201cVen, Esp\u00edritu Santo, llena los corazones de\ntus fieles, y enciende en ellos el fuego de tu amor. Env\u00eda tu Esp\u00edritu Creador\ny renueva la faz de la tierra\u201d. Am\u00e9n.<\/p>\n<div style=\"padding-bottom:20px; padding-top:10px;\" class=\"hupso-share-buttons\"><!-- Hupso Share Buttons - https:\/\/www.hupso.com\/share\/ --><a class=\"hupso_toolbar\" href=\"https:\/\/www.hupso.com\/share\/\"><img src=\"http:\/\/static.hupso.com\/share\/buttons\/lang\/es\/share-medium.png\" style=\"border:0px; padding-top: 5px; float:left;\" alt=\"Share Button\"\/><\/a><script type=\"text\/javascript\">var hupso_services_t=new Array(\"Twitter\",\"Facebook\",\"Google Plus\",\"Pinterest\",\"Linkedin\",\"Email\",\"Print\");var hupso_background_t=\"#EAF4FF\";var hupso_border_t=\"#66CCFF\";var hupso_toolbar_size_t=\"medium\";var hupso_image_folder_url = \"\";var hupso_twitter_via=\"hectorops\";var hupso_url_t=\"\";var hupso_title_t=\"REFLEXI%C3%93N%20PARA%20LA%20FIESTA%20DE%20SAN%20MAT%C3%8DAS%2C%20AP%C3%93STOL%2014-05-19\";<\/script><script type=\"text\/javascript\" src=\"http:\/\/static.hupso.com\/share\/js\/share_toolbar.js\"><\/script><!-- Hupso Share Buttons --><\/div>","protected":false},"excerpt":{"rendered":"<p>Hoy la Iglesia universal celebra la Fiesta de san Mat\u00edas, ap\u00f3stol. Mat\u00edas fue el escogido para ocupar el puesto de Judas en el grupo de los \u201cDoce\u201d. La primera lectura de hoy (Hc 1,15-17.20-26) nos narra la selecci\u00f3n de Mat\u00edas. &hellip; <a href=\"http:\/\/delamanodemaria.com\/?p=11675\">Continue reading <span class=\"meta-nav\">&rarr;<\/span><\/a><\/p>\n<div style=\"padding-bottom:20px; padding-top:10px;\" class=\"hupso-share-buttons\"><!-- Hupso Share Buttons - https:\/\/www.hupso.com\/share\/ --><a class=\"hupso_toolbar\" href=\"https:\/\/www.hupso.com\/share\/\"><img src=\"http:\/\/static.hupso.com\/share\/buttons\/lang\/es\/share-medium.png\" style=\"border:0px; padding-top: 5px; float:left;\" alt=\"Share Button\"\/><\/a><script type=\"text\/javascript\">var hupso_services_t=new Array(\"Twitter\",\"Facebook\",\"Google Plus\",\"Pinterest\",\"Linkedin\",\"Email\",\"Print\");var hupso_background_t=\"#EAF4FF\";var hupso_border_t=\"#66CCFF\";var hupso_toolbar_size_t=\"medium\";var hupso_image_folder_url = \"\";var hupso_twitter_via=\"hectorops\";var hupso_url_t=\"\";var hupso_title_t=\"REFLEXI%C3%93N%20PARA%20LA%20FIESTA%20DE%20SAN%20MAT%C3%8DAS%2C%20AP%C3%93STOL%2014-05-19\";<\/script><script type=\"text\/javascript\" src=\"http:\/\/static.hupso.com\/share\/js\/share_toolbar.js\"><\/script><!-- Hupso Share Buttons --><\/div>","protected":false},"author":1,"featured_media":11677,"comment_status":"open","ping_status":"open","sticky":false,"template":"","format":"standard","meta":{"jetpack_post_was_ever_published":false,"_jetpack_newsletter_access":"","_jetpack_newsletter_tier_id":0,"jetpack_publicize_message":"","jetpack_is_tweetstorm":false,"jetpack_publicize_feature_enabled":true,"jetpack_social_post_already_shared":true,"jetpack_social_options":{"image_generator_settings":{"template":"highway","enabled":false}}},"categories":[1],"tags":[534,364,2292,864,569,29,1007,2974,2930,227,42,71,2,54,533,750],"jetpack_publicize_connections":[],"jetpack_featured_media_url":"http:\/\/delamanodemaria.com\/wp-content\/uploads\/2019\/05\/Matias-Apostol-14Mayo.jpg","jetpack_shortlink":"https:\/\/wp.me\/p3bBgS-32j","jetpack_sharing_enabled":true,"jetpack_likes_enabled":true,"_links":{"self":[{"href":"http:\/\/delamanodemaria.com\/index.php?rest_route=\/wp\/v2\/posts\/11675"}],"collection":[{"href":"http:\/\/delamanodemaria.com\/index.php?rest_route=\/wp\/v2\/posts"}],"about":[{"href":"http:\/\/delamanodemaria.com\/index.php?rest_route=\/wp\/v2\/types\/post"}],"author":[{"embeddable":true,"href":"http:\/\/delamanodemaria.com\/index.php?rest_route=\/wp\/v2\/users\/1"}],"replies":[{"embeddable":true,"href":"http:\/\/delamanodemaria.com\/index.php?rest_route=%2Fwp%2Fv2%2Fcomments&post=11675"}],"version-history":[{"count":2,"href":"http:\/\/delamanodemaria.com\/index.php?rest_route=\/wp\/v2\/posts\/11675\/revisions"}],"predecessor-version":[{"id":11678,"href":"http:\/\/delamanodemaria.com\/index.php?rest_route=\/wp\/v2\/posts\/11675\/revisions\/11678"}],"wp:featuredmedia":[{"embeddable":true,"href":"http:\/\/delamanodemaria.com\/index.php?rest_route=\/wp\/v2\/media\/11677"}],"wp:attachment":[{"href":"http:\/\/delamanodemaria.com\/index.php?rest_route=%2Fwp%2Fv2%2Fmedia&parent=11675"}],"wp:term":[{"taxonomy":"category","embeddable":true,"href":"http:\/\/delamanodemaria.com\/index.php?rest_route=%2Fwp%2Fv2%2Fcategories&post=11675"},{"taxonomy":"post_tag","embeddable":true,"href":"http:\/\/delamanodemaria.com\/index.php?rest_route=%2Fwp%2Fv2%2Ftags&post=11675"}],"curies":[{"name":"wp","href":"https:\/\/api.w.org\/{rel}","templated":true}]}}