{"id":11679,"date":"2019-05-14T21:22:16","date_gmt":"2019-05-15T01:22:16","guid":{"rendered":"http:\/\/delamanodemaria.com\/?p=11679"},"modified":"2019-05-14T21:22:23","modified_gmt":"2019-05-15T01:22:23","slug":"reflexion-para-el-miercoles-de-la-cuarta-semana-de-pascua-15-05-19","status":"publish","type":"post","link":"http:\/\/delamanodemaria.com\/?p=11679","title":{"rendered":"REFLEXI\u00d3N PARA EL MI\u00c9RCOLES DE LA CUARTA SEMANA DE PASCUA 15-05-19"},"content":{"rendered":"\n<figure class=\"wp-block-image\"><img decoding=\"async\" loading=\"lazy\" width=\"768\" height=\"428\" src=\"http:\/\/delamanodemaria.com\/wp-content\/uploads\/2019\/05\/Juan-12-44-50.jpg\" alt=\"\" class=\"wp-image-11680\" srcset=\"http:\/\/delamanodemaria.com\/wp-content\/uploads\/2019\/05\/Juan-12-44-50.jpg 768w, http:\/\/delamanodemaria.com\/wp-content\/uploads\/2019\/05\/Juan-12-44-50-300x167.jpg 300w, http:\/\/delamanodemaria.com\/wp-content\/uploads\/2019\/05\/Juan-12-44-50-500x279.jpg 500w\" sizes=\"(max-width: 768px) 100vw, 768px\" \/><\/figure>\n\n\n\n<p class=\"has-drop-cap\">\u201cOh Dios, que te alaben los pueblos, que todos los pueblos te alaben. Que Dios nos bendiga; que le teman hasta los confines del orbe\u201d, nos dice el Salmo que nos propone la liturgia para hoy (Sal 66). Este Salmo sirve para unir la primera lectura (Hc 12,24-13,5) y la lectura evang\u00e9lica (Jn 12,44-50). Y todas tienen como tema central la misi\u00f3n de la Iglesia de llevar la Buena Noticia a todas las naciones.<\/p>\n\n\n\n<p>La primera lectura nos presenta la acci\u00f3n del\nEsp\u00edritu Santo en el desarrollo inicial de la Iglesia. En ocasiones anteriores\nhemos dicho que el libro de los Hechos de los Ap\u00f3stoles recoge la actividad\ndivina del Esp\u00edritu Santo en el desarrollo de la Iglesia.<\/p>\n\n\n\n<p>El pasaje que contemplamos hoy nos muestra una\ncomunidad de fe (Antioqu\u00eda) entregada a la oraci\u00f3n y el ayuno, y d\u00f3cil a la voz\ndel Esp\u00edritu, y c\u00f3mo en un momento dado el Esp\u00edritu les habla y les dice: \u201cApartadme\na Bernab\u00e9 y a Saulo para la misi\u00f3n a que los he llamado\u201d. Es el lanzamiento de\nla misi\u00f3n que les llevar\u00e1 a evangelizar todo el mundo pagano. El momento que\ncambiar\u00e1 la historia de la Iglesia y de la humanidad entera; la culminaci\u00f3n del\nmandato de Jes\u00fas a sus ap\u00f3stoles antes de partir: \u201cVayan por todo el mundo,\nanuncien la Buena Noticia a toda la creaci\u00f3n\u201d (Mc 16,15). Es la caracter\u00edstica sobresaliente\nde la Iglesia: \u201cLa Iglesia peregrinante es misionera por su naturaleza, puesto\nque toma su origen de la misi\u00f3n del Hijo y del Esp\u00edritu Santo, seg\u00fan el\ndesignio de Dios Padre\u201d (Decreto <em>Ad\ngentes <\/em>de SS. Pablo VI).<\/p>\n\n\n\n<p>El pasaje que nos brinda la lectura evang\u00e9lica\nocurre luego de la resurrecci\u00f3n de L\u00e1zaro y la unci\u00f3n en Betania, y marca el\nfinal de la primera parte del relato de Juan, para dar paso a la Pasi\u00f3n. En \u00e9l\nvemos a Jes\u00fas que se presenta a s\u00ed mismo como \u201cel enviado\u201d (<em>missus<\/em>, en lat\u00edn; ap\u00f3stolos en griego).\nEs decir, se nos presenta como \u201cap\u00f3stol\u201d del Padre, \u201cenviado\u201d del Padre,\n\u201cmisionero\u201d del Padre: \u201cEl que cree en m\u00ed, no cree en m\u00ed, sino en el que me ha\nenviado. Y el que me ve a m\u00ed ve al que me ha enviado\u201d. De ah\u00ed que la Iglesia,\nllamada a continuar la misi\u00f3n del Jes\u00fas en el tiempo, tenga ese talante\nmisionero.<\/p>\n\n\n\n<p>\u201cEl que me rechaza y no acepta mis palabras\ntiene quien lo juzgue: la palabra que yo he pronunciado, \u00e9sa lo juzgar\u00e1 en el\n\u00faltimo d\u00eda. Porque yo no he hablado por cuenta m\u00eda; el Padre que me envi\u00f3 es\nquien me ha ordenado lo que he de decir y c\u00f3mo he de hablar. Y s\u00e9 que su\nmandato es vida eterna. Por tanto, lo que yo hablo lo hablo como me ha\nencargado el Padre\u201d.<\/p>\n\n\n\n<p>Jes\u00fas quiere conducirnos a descubrir al Padre;\nesa es su misi\u00f3n. Pero va m\u00e1s all\u00e1, hace que veamos al Padre en su propia\npersona. Nosotros estamos llamados a conducir a los que nos rodean a descubrir\na Jes\u00fas y, al igual que \u00c9l hace con el Padre, siguiendo su ejemplo, tenemos que\nhacer que los dem\u00e1s lo vean en nuestra propia persona. Tenemos que convertirnos\nen otros \u201ccristos\u201d, de manera que quien nos vea, le vea a \u00c9l y, m\u00e1s a\u00fan,\nconozca su Amor. Esa es la verdadera \u201cmisi\u00f3n\u201d a la que todos estamos llamados.<\/p>\n\n\n\n<p>\u00a1Atr\u00e9vete!<\/p>\n<div style=\"padding-bottom:20px; padding-top:10px;\" class=\"hupso-share-buttons\"><!-- Hupso Share Buttons - https:\/\/www.hupso.com\/share\/ --><a class=\"hupso_toolbar\" href=\"https:\/\/www.hupso.com\/share\/\"><img src=\"http:\/\/static.hupso.com\/share\/buttons\/lang\/es\/share-medium.png\" style=\"border:0px; padding-top: 5px; float:left;\" alt=\"Share Button\"\/><\/a><script type=\"text\/javascript\">var hupso_services_t=new Array(\"Twitter\",\"Facebook\",\"Google Plus\",\"Pinterest\",\"Linkedin\",\"Email\",\"Print\");var hupso_background_t=\"#EAF4FF\";var hupso_border_t=\"#66CCFF\";var hupso_toolbar_size_t=\"medium\";var hupso_image_folder_url = \"\";var hupso_twitter_via=\"hectorops\";var hupso_url_t=\"\";var hupso_title_t=\"REFLEXI%C3%93N%20PARA%20EL%20MI%C3%89RCOLES%20DE%20LA%20CUARTA%20SEMANA%20DE%20PASCUA%2015-05-19\";<\/script><script type=\"text\/javascript\" src=\"http:\/\/static.hupso.com\/share\/js\/share_toolbar.js\"><\/script><!-- Hupso Share Buttons --><\/div>","protected":false},"excerpt":{"rendered":"<p>\u201cOh Dios, que te alaben los pueblos, que todos los pueblos te alaben. Que Dios nos bendiga; que le teman hasta los confines del orbe\u201d, nos dice el Salmo que nos propone la liturgia para hoy (Sal 66). Este Salmo &hellip; <a href=\"http:\/\/delamanodemaria.com\/?p=11679\">Continue reading <span class=\"meta-nav\">&rarr;<\/span><\/a><\/p>\n<div style=\"padding-bottom:20px; padding-top:10px;\" class=\"hupso-share-buttons\"><!-- Hupso Share Buttons - https:\/\/www.hupso.com\/share\/ --><a class=\"hupso_toolbar\" href=\"https:\/\/www.hupso.com\/share\/\"><img src=\"http:\/\/static.hupso.com\/share\/buttons\/lang\/es\/share-medium.png\" style=\"border:0px; padding-top: 5px; float:left;\" alt=\"Share Button\"\/><\/a><script type=\"text\/javascript\">var hupso_services_t=new Array(\"Twitter\",\"Facebook\",\"Google Plus\",\"Pinterest\",\"Linkedin\",\"Email\",\"Print\");var hupso_background_t=\"#EAF4FF\";var hupso_border_t=\"#66CCFF\";var hupso_toolbar_size_t=\"medium\";var hupso_image_folder_url = \"\";var hupso_twitter_via=\"hectorops\";var hupso_url_t=\"\";var hupso_title_t=\"REFLEXI%C3%93N%20PARA%20EL%20MI%C3%89RCOLES%20DE%20LA%20CUARTA%20SEMANA%20DE%20PASCUA%2015-05-19\";<\/script><script type=\"text\/javascript\" src=\"http:\/\/static.hupso.com\/share\/js\/share_toolbar.js\"><\/script><!-- Hupso Share Buttons --><\/div>","protected":false},"author":1,"featured_media":11680,"comment_status":"open","ping_status":"open","sticky":false,"template":"","format":"standard","meta":{"jetpack_post_was_ever_published":false,"_jetpack_newsletter_access":"","_jetpack_newsletter_tier_id":0,"jetpack_publicize_message":"","jetpack_is_tweetstorm":false,"jetpack_publicize_feature_enabled":true,"jetpack_social_post_already_shared":true,"jetpack_social_options":{"image_generator_settings":{"template":"highway","enabled":false}}},"categories":[1],"tags":[2988,1963,364,1306,105,2989,2992,2905,867,112,2991,834,2,2990,1962],"jetpack_publicize_connections":[],"jetpack_featured_media_url":"http:\/\/delamanodemaria.com\/wp-content\/uploads\/2019\/05\/Juan-12-44-50.jpg","jetpack_shortlink":"https:\/\/wp.me\/p3bBgS-32n","jetpack_sharing_enabled":true,"jetpack_likes_enabled":true,"_links":{"self":[{"href":"http:\/\/delamanodemaria.com\/index.php?rest_route=\/wp\/v2\/posts\/11679"}],"collection":[{"href":"http:\/\/delamanodemaria.com\/index.php?rest_route=\/wp\/v2\/posts"}],"about":[{"href":"http:\/\/delamanodemaria.com\/index.php?rest_route=\/wp\/v2\/types\/post"}],"author":[{"embeddable":true,"href":"http:\/\/delamanodemaria.com\/index.php?rest_route=\/wp\/v2\/users\/1"}],"replies":[{"embeddable":true,"href":"http:\/\/delamanodemaria.com\/index.php?rest_route=%2Fwp%2Fv2%2Fcomments&post=11679"}],"version-history":[{"count":1,"href":"http:\/\/delamanodemaria.com\/index.php?rest_route=\/wp\/v2\/posts\/11679\/revisions"}],"predecessor-version":[{"id":11681,"href":"http:\/\/delamanodemaria.com\/index.php?rest_route=\/wp\/v2\/posts\/11679\/revisions\/11681"}],"wp:featuredmedia":[{"embeddable":true,"href":"http:\/\/delamanodemaria.com\/index.php?rest_route=\/wp\/v2\/media\/11680"}],"wp:attachment":[{"href":"http:\/\/delamanodemaria.com\/index.php?rest_route=%2Fwp%2Fv2%2Fmedia&parent=11679"}],"wp:term":[{"taxonomy":"category","embeddable":true,"href":"http:\/\/delamanodemaria.com\/index.php?rest_route=%2Fwp%2Fv2%2Fcategories&post=11679"},{"taxonomy":"post_tag","embeddable":true,"href":"http:\/\/delamanodemaria.com\/index.php?rest_route=%2Fwp%2Fv2%2Ftags&post=11679"}],"curies":[{"name":"wp","href":"https:\/\/api.w.org\/{rel}","templated":true}]}}